{"id":28087,"date":"2018-05-11T00:14:02","date_gmt":"2018-05-11T03:14:02","guid":{"rendered":"http:\/\/labestiadeportiva.com\/lbd\/?p=28087"},"modified":"2018-05-11T00:14:02","modified_gmt":"2018-05-11T03:14:02","slug":"florencia-fernandez-campeona-argentina-en-el-fin-del-mundo","status":"publish","type":"post","link":"http:\/\/labestiadeportiva.com\/lbd\/florencia-fernandez-campeona-argentina-en-el-fin-del-mundo\/","title":{"rendered":"Florencia Fern\u00e1ndez campeona argentina en el Fin del Mundo"},"content":{"rendered":"<p class=\"yiv2515138332MsoNormal\"><a href=\"http:\/\/labestiadeportiva.com\/lbd\/wp-content\/uploads\/2018\/05\/Fem-1-1.jpg\"><img loading=\"lazy\" class=\"aligncenter size-medium wp-image-28089\" src=\"http:\/\/labestiadeportiva.com\/lbd\/wp-content\/uploads\/2018\/05\/Fem-1-1-240x300.jpg\" alt=\"Fem 1-1\" width=\"240\" height=\"300\" srcset=\"http:\/\/labestiadeportiva.com\/lbd\/wp-content\/uploads\/2018\/05\/Fem-1-1-240x300.jpg 240w, http:\/\/labestiadeportiva.com\/lbd\/wp-content\/uploads\/2018\/05\/Fem-1-1.jpg 552w\" sizes=\"(max-width: 240px) 100vw, 240px\" \/><\/a>Del 2 al 7 de mayo la ciudad de Ushuaia fue escenario de la final cerrada de 10 jugadoras. La vencedora junto a Ayel\u00e9n Mart\u00ednez, Marisa Zuriel, Carolina Luj\u00e1n y Claudia Amura conformar\u00e1n el equipo Ol\u00edmpico. Fuente y fotos C\u00edrculo de Ajedrez Ushuaia.<!--more--><\/p>\n<p class=\"yiv2515138332MsoNormal\">La inauguraci\u00f3n del torneo se realiz\u00f3 en el sal\u00f3n de usos m\u00faltiples del Museo Mar\u00edtimo en la tarde del mi\u00e9rcoles 2.<\/p>\n<p class=\"yiv2515138332MsoNormal\"><a href=\"http:\/\/labestiadeportiva.com\/lbd\/wp-content\/uploads\/2018\/05\/IMG-20180508-WA0062.jpg\"><img loading=\"lazy\" class=\"aligncenter size-medium wp-image-28090\" src=\"http:\/\/labestiadeportiva.com\/lbd\/wp-content\/uploads\/2018\/05\/IMG-20180508-WA0062-300x200.jpg\" alt=\"IMG-20180508-WA0062\" width=\"300\" height=\"200\" srcset=\"http:\/\/labestiadeportiva.com\/lbd\/wp-content\/uploads\/2018\/05\/IMG-20180508-WA0062-300x200.jpg 300w, http:\/\/labestiadeportiva.com\/lbd\/wp-content\/uploads\/2018\/05\/IMG-20180508-WA0062.jpg 720w\" sizes=\"(max-width: 300px) 100vw, 300px\" \/><\/a>Instituto Fueguino de Turismo, la Legislatura Provincial, el grupo Newsan, Master\u00b4s Inform\u00e1tica, la Asociaci\u00f3n Sanmartiniana de Ushuaia y el Museo Mar\u00edtimo de Ushuaia, colaboraron para concretar la tan ansiada final.<\/p>\n<p class=\"yiv2515138332MsoNormal\"><a href=\"http:\/\/labestiadeportiva.com\/lbd\/wp-content\/uploads\/2018\/05\/IMG-20180508-WA0050.jpg\"><img loading=\"lazy\" class=\"aligncenter size-medium wp-image-28091\" src=\"http:\/\/labestiadeportiva.com\/lbd\/wp-content\/uploads\/2018\/05\/IMG-20180508-WA0050-180x300.jpg\" alt=\"IMG-20180508-WA0050\" width=\"180\" height=\"300\" srcset=\"http:\/\/labestiadeportiva.com\/lbd\/wp-content\/uploads\/2018\/05\/IMG-20180508-WA0050-180x300.jpg 180w, http:\/\/labestiadeportiva.com\/lbd\/wp-content\/uploads\/2018\/05\/IMG-20180508-WA0050.jpg 480w\" sizes=\"(max-width: 180px) 100vw, 180px\" \/><\/a>Oficiaron de autoridades: \u00c1rbitro Principal: AI Leandro Plotinsky. \u00c1rbitros: AR Cristian Jorge y AR Ramiro L\u00f3pez. Director del Torneo: AR Juan Carlos Arias, quienes dirigieron el torneo nacional con total solvencia.<\/p>\n<p class=\"yiv2515138332MsoNormal\"><a href=\"http:\/\/labestiadeportiva.com\/lbd\/wp-content\/uploads\/2018\/05\/IMG-20180508-WA0042.jpg\"><img loading=\"lazy\" class=\"aligncenter size-medium wp-image-28092\" src=\"http:\/\/labestiadeportiva.com\/lbd\/wp-content\/uploads\/2018\/05\/IMG-20180508-WA0042-300x225.jpg\" alt=\"IMG-20180508-WA0042\" width=\"300\" height=\"225\" srcset=\"http:\/\/labestiadeportiva.com\/lbd\/wp-content\/uploads\/2018\/05\/IMG-20180508-WA0042-300x225.jpg 300w, http:\/\/labestiadeportiva.com\/lbd\/wp-content\/uploads\/2018\/05\/IMG-20180508-WA0042-1024x768.jpg 1024w, http:\/\/labestiadeportiva.com\/lbd\/wp-content\/uploads\/2018\/05\/IMG-20180508-WA0042.jpg 1152w\" sizes=\"(max-width: 300px) 100vw, 300px\" \/><\/a>La final del Campeonato Argentino Superior Femenino de Ajedrez que otorg\u00f3, adem\u00e1s para la campeona, una plaza para integrar el equipo que representar\u00e1 al pa\u00eds en los 43 Juegos Ol\u00edmpicos de Ajedrez \u201cBatumi 2018\u201d.<\/p>\n<p class=\"yiv2515138332MsoNormal\"><a href=\"http:\/\/labestiadeportiva.com\/lbd\/wp-content\/uploads\/2018\/05\/IMG-20180508-WA0045.jpg\"><img loading=\"lazy\" class=\"aligncenter size-medium wp-image-28093\" src=\"http:\/\/labestiadeportiva.com\/lbd\/wp-content\/uploads\/2018\/05\/IMG-20180508-WA0045-300x225.jpg\" alt=\"IMG-20180508-WA0045\" width=\"300\" height=\"225\" srcset=\"http:\/\/labestiadeportiva.com\/lbd\/wp-content\/uploads\/2018\/05\/IMG-20180508-WA0045-300x225.jpg 300w, http:\/\/labestiadeportiva.com\/lbd\/wp-content\/uploads\/2018\/05\/IMG-20180508-WA0045-1024x768.jpg 1024w, http:\/\/labestiadeportiva.com\/lbd\/wp-content\/uploads\/2018\/05\/IMG-20180508-WA0045.jpg 1152w\" sizes=\"(max-width: 300px) 100vw, 300px\" \/><\/a>Dato estad\u00edstico llamativo, la alta combatividad, se disputaron 45 partidas, 25 ganaron las blancas, 11 las negras, y solamente 9 tablas.<\/p>\n<p class=\"yiv2515138332MsoNormal\">Todas las partidas fueron transmitidas en vivo, por la p\u00e1gina argentina\u00a0<a href=\"http:\/\/www.argedez.com\" target=\"_blank\" rel=\"nofollow\">www.argedez.com<\/a>\u00a0y por la p\u00e1gina espa\u00f1ola para toda am\u00e9rica latina:\u00a0<a href=\"http:\/\/www.chess24.com\" target=\"_blank\" rel=\"nofollow\">www.chess24.com<\/a><\/p>\n<p class=\"yiv2515138332MsoNormal\"><a href=\"http:\/\/labestiadeportiva.com\/lbd\/wp-content\/uploads\/2018\/05\/IMG-20180508-WA0030.jpg\"><img loading=\"lazy\" class=\"aligncenter size-medium wp-image-28094\" src=\"http:\/\/labestiadeportiva.com\/lbd\/wp-content\/uploads\/2018\/05\/IMG-20180508-WA0030-300x200.jpg\" alt=\"IMG-20180508-WA0030\" width=\"300\" height=\"200\" srcset=\"http:\/\/labestiadeportiva.com\/lbd\/wp-content\/uploads\/2018\/05\/IMG-20180508-WA0030-300x200.jpg 300w, http:\/\/labestiadeportiva.com\/lbd\/wp-content\/uploads\/2018\/05\/IMG-20180508-WA0030-1024x682.jpg 1024w, http:\/\/labestiadeportiva.com\/lbd\/wp-content\/uploads\/2018\/05\/IMG-20180508-WA0030.jpg 1280w\" sizes=\"(max-width: 300px) 100vw, 300px\" \/><\/a><\/p>\n<div class='epvc-post-count'><span class='epvc-eye'><\/span>  <span class=\"epvc-count\"> 1.871<\/span><span class='epvc-label'> veces le\u00edda<\/span><\/div>\n<div class=\"jwsharethis\">\nShare this: \n<br \/>\n<a href=\"mailto:?subject=Florencia%20Fern%C3%A1ndez%20campeona%20argentina%20en%20el%20Fin%20del%20Mundo&amp;body=http%3A%2F%2Flabestiadeportiva.com%2Flbd%2Fflorencia-fernandez-campeona-argentina-en-el-fin-del-mundo%2F\">\n<img src=\"http:\/\/labestiadeportiva.com\/lbd\/wp-content\/plugins\/jw-share-this\/email.png\" alt=\"Share this page via Email\" \/>\n<\/a>\n<a target=\"_blank\" href=\"http:\/\/www.stumbleupon.com\/submit?url=http%3A%2F%2Flabestiadeportiva.com%2Flbd%2Fflorencia-fernandez-campeona-argentina-en-el-fin-del-mundo%2F&amp;title=Florencia+Fern%C3%A1ndez+campeona+argentina+en+el+Fin+del+Mundo\">\n<img src=\"http:\/\/labestiadeportiva.com\/lbd\/wp-content\/plugins\/jw-share-this\/su.png\" alt=\"Share this page via Stumble Upon\" \/>\n<\/a>\n<a target=\"_blank\" href=\"http:\/\/digg.com\/submit?url=http%3A%2F%2Flabestiadeportiva.com%2Flbd%2Fflorencia-fernandez-campeona-argentina-en-el-fin-del-mundo%2F&amp;title=Florencia+Fern%C3%A1ndez+campeona+argentina+en+el+Fin+del+Mundo\">\n<img src=\"http:\/\/labestiadeportiva.com\/lbd\/wp-content\/plugins\/jw-share-this\/digg.png\" alt=\"Share this page via Digg this\" \/>\n<\/a>\n<a target=\"_blank\" href=\"http:\/\/www.facebook.com\/sharer.php?u=http%3A%2F%2Flabestiadeportiva.com%2Flbd%2Fflorencia-fernandez-campeona-argentina-en-el-fin-del-mundo%2F&amp;t=Florencia+Fern%C3%A1ndez+campeona+argentina+en+el+Fin+del+Mundo\">\n<img src=\"http:\/\/labestiadeportiva.com\/lbd\/wp-content\/plugins\/jw-share-this\/fb.png\" alt=\"Share this page via Facebook\" \/>\n<\/a>\n<a target=\"_blank\" href=\"http:\/\/twitter.com\/intent\/tweet?text=I+like+http%3A%2F%2Flabestiadeportiva.com%2Flbd%2Fflorencia-fernandez-campeona-argentina-en-el-fin-del-mundo%2F&amp;title=Florencia+Fern%C3%A1ndez+campeona+argentina+en+el+Fin+del+Mundo\">\n<img src=\"http:\/\/labestiadeportiva.com\/lbd\/wp-content\/plugins\/jw-share-this\/twitter.png\" alt=\"Share this page via Twitter\" \/>\n<\/a>\n<\/div>\n","protected":false},"excerpt":{"rendered":"<p>Del 2 al 7 de mayo la ciudad de Ushuaia fue escenario de la final cerrada de 10 jugadoras. La vencedora junto a Ayel\u00e9n Mart\u00ednez, Marisa Zuriel, Carolina Luj\u00e1n y Claudia Amura conformar\u00e1n el equipo Ol\u00edmpico. Fuente y fotos C\u00edrculo de Ajedrez Ushuaia. 1.871 veces le\u00edda Share this:<\/p>\n","protected":false},"author":1,"featured_media":28089,"comment_status":"open","ping_status":"open","sticky":false,"template":"","format":"standard","meta":[],"categories":[2348,6,1],"tags":[468,3587,83,3588],"_links":{"self":[{"href":"http:\/\/labestiadeportiva.com\/lbd\/wp-json\/wp\/v2\/posts\/28087"}],"collection":[{"href":"http:\/\/labestiadeportiva.com\/lbd\/wp-json\/wp\/v2\/posts"}],"about":[{"href":"http:\/\/labestiadeportiva.com\/lbd\/wp-json\/wp\/v2\/types\/post"}],"author":[{"embeddable":true,"href":"http:\/\/labestiadeportiva.com\/lbd\/wp-json\/wp\/v2\/users\/1"}],"replies":[{"embeddable":true,"href":"http:\/\/labestiadeportiva.com\/lbd\/wp-json\/wp\/v2\/comments?post=28087"}],"version-history":[{"count":1,"href":"http:\/\/labestiadeportiva.com\/lbd\/wp-json\/wp\/v2\/posts\/28087\/revisions"}],"predecessor-version":[{"id":28095,"href":"http:\/\/labestiadeportiva.com\/lbd\/wp-json\/wp\/v2\/posts\/28087\/revisions\/28095"}],"wp:featuredmedia":[{"embeddable":true,"href":"http:\/\/labestiadeportiva.com\/lbd\/wp-json\/wp\/v2\/media\/28089"}],"wp:attachment":[{"href":"http:\/\/labestiadeportiva.com\/lbd\/wp-json\/wp\/v2\/media?parent=28087"}],"wp:term":[{"taxonomy":"category","embeddable":true,"href":"http:\/\/labestiadeportiva.com\/lbd\/wp-json\/wp\/v2\/categories?post=28087"},{"taxonomy":"post_tag","embeddable":true,"href":"http:\/\/labestiadeportiva.com\/lbd\/wp-json\/wp\/v2\/tags?post=28087"}],"curies":[{"name":"wp","href":"https:\/\/api.w.org\/{rel}","templated":true}]}}