{"id":28144,"date":"2018-05-14T18:15:06","date_gmt":"2018-05-14T21:15:06","guid":{"rendered":"http:\/\/labestiadeportiva.com\/lbd\/?p=28144"},"modified":"2018-05-14T18:15:06","modified_gmt":"2018-05-14T21:15:06","slug":"zverev-campeon-en-madrid","status":"publish","type":"post","link":"http:\/\/labestiadeportiva.com\/lbd\/zverev-campeon-en-madrid\/","title":{"rendered":"Zverev campe\u00f3n en Madrid"},"content":{"rendered":"<p>Por Mat\u00edas Pouso (Corresponsal LBD en CABA)<\/p>\n<p><a href=\"http:\/\/labestiadeportiva.com\/lbd\/wp-content\/uploads\/2018\/05\/Madrid-2018-Zverev-Titulo.jpg\"><img loading=\"lazy\" class=\"aligncenter size-medium wp-image-28145\" src=\"http:\/\/labestiadeportiva.com\/lbd\/wp-content\/uploads\/2018\/05\/Madrid-2018-Zverev-Titulo-300x169.jpg\" alt=\"Madrid-2018-Zverev-Titulo\" width=\"300\" height=\"169\" srcset=\"http:\/\/labestiadeportiva.com\/lbd\/wp-content\/uploads\/2018\/05\/Madrid-2018-Zverev-Titulo-300x169.jpg 300w, http:\/\/labestiadeportiva.com\/lbd\/wp-content\/uploads\/2018\/05\/Madrid-2018-Zverev-Titulo.jpg 960w\" sizes=\"(max-width: 300px) 100vw, 300px\" \/><\/a>Contra todos los pron\u00f3sticos, el alem\u00e1n Alexander Zverev se coron\u00f3 en el Masters 1000 madrile\u00f1o tras vencer en la final a Dominic Thiem por 6-4 y 6-4. Nadal se qued\u00f3 sin poder festejar en su casa y sin el n\u00famero 1, que vuelve a manos de Federer.<!--more--><\/p>\n<p>Decir que el t\u00edtulo de Alexander Zverev de este domingo en la capital espa\u00f1ola fue una sorpresa, solo se justifica por el hecho de haber tenido en el mismo cuadro al mejor tenista de todos los tiempos sobre polvo de ladrillo. Sacando eso, ninguna victoria del joven alem\u00e1n resulta inesperada.<\/p>\n<p>Este domingo en Madrid, el nacido en Hamburgo levant\u00f3 su tercer t\u00edtulo de Masters 1000 luego de derrotar en la final al austr\u00edaco Dominic Thiem por 6-4 y 6-4 en 78 minutos de juego.<\/p>\n<p>El n\u00famero 3 del mundo desbanc\u00f3 a Nadal como campe\u00f3n en la Caja M\u00e1gica y es el primer campe\u00f3n ah\u00ed que no es n\u00famero uno del mundo desde que David Nalbandian lo fuera en 2007.<\/p>\n<p>El tenista de 21 a\u00f1os jug\u00f3 en la final un encuentro de alt\u00edsimo nivel ante el vencedor de Rafael Nadal, al que despach\u00f3 con un quiebre en el inicio de cada set, para luego defender su servicio con un juego muy s\u00f3lido y con destellos de gran calidad t\u00e9cnica.<\/p>\n<p>Precisamente ese golpe fue el que marc\u00f3 el camino de la final, ya que no le concedi\u00f3 a su rival ni una sola oportunidad de break y fueron \u00ednfimos los puntos que perdi\u00f3 con el saque.<\/p>\n<p>Thiem intent\u00f3 jugar con la misma profundidad y precisi\u00f3n con que ajustici\u00f3 a Nadal en cuartos de final, pero no consigui\u00f3 superar la seguridad del germano.<\/p>\n<p>El partido se qued\u00f3 a solamente seis minutos de romper el r\u00e9cord de final m\u00e1s breve en el Mutua Madrid Open que establecieron Nadal y Wawrinka en 2013: aquella vez fue un 6-2 y 6-4 en 72 minutos a favor del local.<\/p>\n<p>La pr\u00f3xima cita del n\u00famero 3 del ranking ser\u00e1 en el siguiente Masters 1000 del calendario, que ya se est\u00e1 jugando en Roma.<\/p>\n<p>En el Foro It\u00e1lico defiende los 1000 puntos correspondientes al t\u00edtulo obtenido en 2017, lo que ayuda a Nadal y Federer a defender sus dos primeras posiciones en la lista ATP.<\/p>\n<p>La ca\u00edda del manacor\u00ed en cuartos de final, y la imposibilidad de defender el t\u00edtulo, catapultaron nuevamente a Roger Federer a la cima del ranking sin haber jugado ni un partido en el polvo de ladrillo europeo.<\/p>\n<p>Por segundo a\u00f1o consecutivo, el suizo decidi\u00f3 saltearse esta gira, Roland Garros incluido, para enfocarse a su superficie favorita, el c\u00e9sped.<\/p>\n<p>Los argentinos no pudieron superar la tercera rueda en Madrid: Del Potro, Schwartzman y Leo Mayer fueron los \u00fanicos en acceder a esa instancia (cayendo con Du\u0161an Lajovi?, Nadal y Zverev respectivamente); Delbonis cay\u00f3 en segunda ante Thiem y Nico Kicker no pudo superar el debut al caer con Milos Raonic.<\/p>\n<p>El Masters 1000 de Roma tendr\u00e1 pr\u00e1cticamente a los mismos representantes de estos pagos (solo Kicker no alcanz\u00f3 el cuadro principal).<\/p>\n<p>Delbonis y Mayer ya fueron eliminados en primera rueda en manos de Albert Ramos Vi\u00f1olas y David Goffin respectivamente; Diego Schwartzman debutar\u00e1 frente al chileno Nicol\u00e1s Jarry y Del Potro har\u00e1 lo propio frente al ganador del duelo entre Borna Coric y Stefanos Tsitsipas.<\/p>\n<p><a href=\"http:\/\/labestiadeportiva.com\/lbd\/wp-content\/uploads\/2018\/05\/4600326.jpg\"><img loading=\"lazy\" class=\"aligncenter size-medium wp-image-28146\" src=\"http:\/\/labestiadeportiva.com\/lbd\/wp-content\/uploads\/2018\/05\/4600326-300x169.jpg\" alt=\"4600326\" width=\"300\" height=\"169\" srcset=\"http:\/\/labestiadeportiva.com\/lbd\/wp-content\/uploads\/2018\/05\/4600326-300x169.jpg 300w, http:\/\/labestiadeportiva.com\/lbd\/wp-content\/uploads\/2018\/05\/4600326-1024x576.jpg 1024w, http:\/\/labestiadeportiva.com\/lbd\/wp-content\/uploads\/2018\/05\/4600326.jpg 1600w\" sizes=\"(max-width: 300px) 100vw, 300px\" \/><\/a><\/p>\n<div class='epvc-post-count'><span class='epvc-eye'><\/span>  <span class=\"epvc-count\"> 1.381<\/span><span class='epvc-label'> veces le\u00edda<\/span><\/div>\n<div class=\"jwsharethis\">\nShare this: \n<br \/>\n<a href=\"mailto:?subject=Zverev%20campe%C3%B3n%20en%20Madrid&amp;body=http%3A%2F%2Flabestiadeportiva.com%2Flbd%2Fzverev-campeon-en-madrid%2F\">\n<img src=\"http:\/\/labestiadeportiva.com\/lbd\/wp-content\/plugins\/jw-share-this\/email.png\" alt=\"Share this page via Email\" \/>\n<\/a>\n<a target=\"_blank\" href=\"http:\/\/www.stumbleupon.com\/submit?url=http%3A%2F%2Flabestiadeportiva.com%2Flbd%2Fzverev-campeon-en-madrid%2F&amp;title=Zverev+campe%C3%B3n+en+Madrid\">\n<img src=\"http:\/\/labestiadeportiva.com\/lbd\/wp-content\/plugins\/jw-share-this\/su.png\" alt=\"Share this page via Stumble Upon\" \/>\n<\/a>\n<a target=\"_blank\" href=\"http:\/\/digg.com\/submit?url=http%3A%2F%2Flabestiadeportiva.com%2Flbd%2Fzverev-campeon-en-madrid%2F&amp;title=Zverev+campe%C3%B3n+en+Madrid\">\n<img src=\"http:\/\/labestiadeportiva.com\/lbd\/wp-content\/plugins\/jw-share-this\/digg.png\" alt=\"Share this page via Digg this\" \/>\n<\/a>\n<a target=\"_blank\" href=\"http:\/\/www.facebook.com\/sharer.php?u=http%3A%2F%2Flabestiadeportiva.com%2Flbd%2Fzverev-campeon-en-madrid%2F&amp;t=Zverev+campe%C3%B3n+en+Madrid\">\n<img src=\"http:\/\/labestiadeportiva.com\/lbd\/wp-content\/plugins\/jw-share-this\/fb.png\" alt=\"Share this page via Facebook\" \/>\n<\/a>\n<a target=\"_blank\" href=\"http:\/\/twitter.com\/intent\/tweet?text=I+like+http%3A%2F%2Flabestiadeportiva.com%2Flbd%2Fzverev-campeon-en-madrid%2F&amp;title=Zverev+campe%C3%B3n+en+Madrid\">\n<img src=\"http:\/\/labestiadeportiva.com\/lbd\/wp-content\/plugins\/jw-share-this\/twitter.png\" alt=\"Share this page via Twitter\" \/>\n<\/a>\n<\/div>\n","protected":false},"excerpt":{"rendered":"<p>Por Mat\u00edas Pouso (Corresponsal LBD en CABA) Contra todos los pron\u00f3sticos, el alem\u00e1n Alexander Zverev se coron\u00f3 en el Masters 1000 madrile\u00f1o tras vencer en la final a Dominic Thiem por 6-4 y 6-4. Nadal se qued\u00f3 sin poder festejar en su casa y sin el n\u00famero 1, que vuelve a manos de Federer. 1.381 &hellip; <a href=\"http:\/\/labestiadeportiva.com\/lbd\/zverev-campeon-en-madrid\/\" class=\"more-link\">Seguir leyendo <span class=\"screen-reader-text\">Zverev campe\u00f3n en Madrid<\/span> <span class=\"meta-nav\">&rarr;<\/span><\/a><\/p>\n","protected":false},"author":1,"featured_media":28145,"comment_status":"open","ping_status":"open","sticky":false,"template":"","format":"standard","meta":[],"categories":[4,1,39],"tags":[2142,83,4835],"_links":{"self":[{"href":"http:\/\/labestiadeportiva.com\/lbd\/wp-json\/wp\/v2\/posts\/28144"}],"collection":[{"href":"http:\/\/labestiadeportiva.com\/lbd\/wp-json\/wp\/v2\/posts"}],"about":[{"href":"http:\/\/labestiadeportiva.com\/lbd\/wp-json\/wp\/v2\/types\/post"}],"author":[{"embeddable":true,"href":"http:\/\/labestiadeportiva.com\/lbd\/wp-json\/wp\/v2\/users\/1"}],"replies":[{"embeddable":true,"href":"http:\/\/labestiadeportiva.com\/lbd\/wp-json\/wp\/v2\/comments?post=28144"}],"version-history":[{"count":1,"href":"http:\/\/labestiadeportiva.com\/lbd\/wp-json\/wp\/v2\/posts\/28144\/revisions"}],"predecessor-version":[{"id":28147,"href":"http:\/\/labestiadeportiva.com\/lbd\/wp-json\/wp\/v2\/posts\/28144\/revisions\/28147"}],"wp:featuredmedia":[{"embeddable":true,"href":"http:\/\/labestiadeportiva.com\/lbd\/wp-json\/wp\/v2\/media\/28145"}],"wp:attachment":[{"href":"http:\/\/labestiadeportiva.com\/lbd\/wp-json\/wp\/v2\/media?parent=28144"}],"wp:term":[{"taxonomy":"category","embeddable":true,"href":"http:\/\/labestiadeportiva.com\/lbd\/wp-json\/wp\/v2\/categories?post=28144"},{"taxonomy":"post_tag","embeddable":true,"href":"http:\/\/labestiadeportiva.com\/lbd\/wp-json\/wp\/v2\/tags?post=28144"}],"curies":[{"name":"wp","href":"https:\/\/api.w.org\/{rel}","templated":true}]}}