{"id":28355,"date":"2018-06-03T15:16:21","date_gmt":"2018-06-03T18:16:21","guid":{"rendered":"http:\/\/labestiadeportiva.com\/lbd\/?p=28355"},"modified":"2018-06-03T15:16:21","modified_gmt":"2018-06-03T18:16:21","slug":"rafa-el-candidato","status":"publish","type":"post","link":"http:\/\/labestiadeportiva.com\/lbd\/rafa-el-candidato\/","title":{"rendered":"\u00abRafa\u00bb, el candidato"},"content":{"rendered":"<p>Por Mat\u00edas Pouso (Corresponsal LBD en CABA)<\/p>\n<p><a href=\"http:\/\/labestiadeportiva.com\/lbd\/wp-content\/uploads\/2018\/06\/2018-nadal-roland-garros-3.jpg\"><img loading=\"lazy\" class=\"aligncenter size-medium wp-image-28356\" src=\"http:\/\/labestiadeportiva.com\/lbd\/wp-content\/uploads\/2018\/06\/2018-nadal-roland-garros-3-300x200.jpg\" alt=\"2018-nadal-roland-garros-3\" width=\"300\" height=\"200\" srcset=\"http:\/\/labestiadeportiva.com\/lbd\/wp-content\/uploads\/2018\/06\/2018-nadal-roland-garros-3-300x200.jpg 300w, http:\/\/labestiadeportiva.com\/lbd\/wp-content\/uploads\/2018\/06\/2018-nadal-roland-garros-3-1024x683.jpg 1024w, http:\/\/labestiadeportiva.com\/lbd\/wp-content\/uploads\/2018\/06\/2018-nadal-roland-garros-3.jpg 2048w\" sizes=\"(max-width: 300px) 100vw, 300px\" \/><\/a>El segundo Grand Slam del a\u00f1o comenz\u00f3 esta semana y promediando los octavos de final, los grandes candidatos arrasan en las apuestas. Rafael Nadal tiene todo listo para celebrar su onceavo trofeo en Par\u00eds; Djokovic, Zverev y Del Potro se alzan como los rivales a pelearle el t\u00edtulo.<!--more--><\/p>\n<p>Roland Garros fue hist\u00f3ricamente el Grand Slam favorito de los tenistas argentinos.<\/p>\n<p>Esta edici\u00f3n comenz\u00f3 con las mayores expectativas, de los ocho tenistas nacionales que accedieron al cuadro principal, siete superaron la primera ronda (solo Leo Mayer qued\u00f3 en el camino).<\/p>\n<p>El recuerdo de aquellas semifinales en 2004, en la que tres de los cuatro competidores fueron nacidos en estas tierras, estaba latente.<\/p>\n<p>Gast\u00f3n Gaudio fue el \u00faltimo argentino en levantar la Copa de los Mosqueteros cuando venci\u00f3 a Guillermo Coria en la final, all\u00ed cuando Roland Garros fue m\u00e1s Rolanga que nunca.<\/p>\n<p><a href=\"http:\/\/labestiadeportiva.com\/lbd\/wp-content\/uploads\/2018\/06\/1510590857_social-hub-engie.jpg\"><img loading=\"lazy\" class=\"aligncenter size-medium wp-image-28357\" src=\"http:\/\/labestiadeportiva.com\/lbd\/wp-content\/uploads\/2018\/06\/1510590857_social-hub-engie-300x112.jpg\" alt=\"1510590857_social-hub-engie\" width=\"300\" height=\"112\" srcset=\"http:\/\/labestiadeportiva.com\/lbd\/wp-content\/uploads\/2018\/06\/1510590857_social-hub-engie-300x112.jpg 300w, http:\/\/labestiadeportiva.com\/lbd\/wp-content\/uploads\/2018\/06\/1510590857_social-hub-engie-1024x382.jpg 1024w, http:\/\/labestiadeportiva.com\/lbd\/wp-content\/uploads\/2018\/06\/1510590857_social-hub-engie.jpg 1200w\" sizes=\"(max-width: 300px) 100vw, 300px\" \/><\/a>Porque adem\u00e1s de la definici\u00f3n 100% celeste y blanca, David Nalbandian hab\u00eda accedido a la semifinal (eliminado por Gaudio) y Juan Ignacio Chela lleg\u00f3 hasta los cuartos de final (perdiendo con Tim Henman, que luego ser\u00eda derrotado por Coria).<\/p>\n<p>Sin embargo en 2018, la segunda ronda fue el l\u00edmite para cinco de los siete argentinos en cuesti\u00f3n.<\/p>\n<p>Guido Pella tuvo la p\u00e9sima suerte de chocarse en el cuadro con Nadal, Horacio Zeballos no pudo con el bombardero estadounidense John Isner.<\/p>\n<p>Marco Trungelliti pag\u00f3 caro los 800kms que tuvo que manejar desde Barcelona a Par\u00eds y cay\u00f3 ante el tano Marco Cecchinato, Federico Delbonis tuvo un intenso duelo ante Pablo Carre\u00f1o Busta que no pudo superar y Guido Andreozzi no fue rival para Fernando Verdasco.<\/p>\n<p><a href=\"http:\/\/labestiadeportiva.com\/lbd\/wp-content\/uploads\/2018\/06\/BJQ7mUlg7_930x525__1.jpg\"><img loading=\"lazy\" class=\"aligncenter size-medium wp-image-28358\" src=\"http:\/\/labestiadeportiva.com\/lbd\/wp-content\/uploads\/2018\/06\/BJQ7mUlg7_930x525__1-300x169.jpg\" alt=\"BJQ7mUlg7_930x525__1\" width=\"300\" height=\"169\" srcset=\"http:\/\/labestiadeportiva.com\/lbd\/wp-content\/uploads\/2018\/06\/BJQ7mUlg7_930x525__1-300x169.jpg 300w, http:\/\/labestiadeportiva.com\/lbd\/wp-content\/uploads\/2018\/06\/BJQ7mUlg7_930x525__1.jpg 930w\" sizes=\"(max-width: 300px) 100vw, 300px\" \/><\/a>Del otro lado de la moneda est\u00e1n las actuaciones de Juan Mart\u00edn Del Potro y de Diego Schwartzman.<\/p>\n<p>Los mejores tenistas argentinos de los \u00faltimos a\u00f1os se metieron con autoridad en los octavos de final, el Peque sin perder sets y Delpo tan solo cediendo uno.<\/p>\n<p>El oriundo del barrio porte\u00f1o de Villa Crespo dej\u00f3 en el camino al local Calvin Hemery en el debut, al checo Adam Pavlasek en segunda rueda y al croata Borna Coric en tercera. El sudafricano Kevin Anderson ser\u00e1 su pr\u00f3ximo rival.<\/p>\n<p>Por su parte, el tandilense tuvo un duro debut ante el galo Nicolas Mahut (aquel del hist\u00f3rico y marat\u00f3nico partido ante Isner en Wimbledon), luego le toc\u00f3 otro local como fue Julien Benneteau y finalmente se cruz\u00f3 con el catal\u00e1n Albert Ramos-Vi\u00f1olas que tampoco fue rival para la Torre de Tandil; John Isner lo espera en octavos.<\/p>\n<p>Rafa Nadal anda a paso firme camino a su onceava coronaci\u00f3n en Par\u00eds, el nivel que viene demostrando hace pensar que deber\u00eda tener un muy mal d\u00eda para quedar eliminado en este que es su torneo.<\/p>\n<p>En octavos de final se enfrentar\u00e1 al alem\u00e1n Maximilian Marterer y luego ir\u00eda con el vencedor del duelo entre Schwartzman y Anderson.<\/p>\n<p><a href=\"http:\/\/labestiadeportiva.com\/lbd\/wp-content\/uploads\/2018\/06\/Hyli97gxm_860x575__1.jpg\"><img loading=\"lazy\" class=\"aligncenter size-medium wp-image-28359\" src=\"http:\/\/labestiadeportiva.com\/lbd\/wp-content\/uploads\/2018\/06\/Hyli97gxm_860x575__1-300x201.jpg\" alt=\"Hyli97gxm_860x575__1\" width=\"300\" height=\"201\" srcset=\"http:\/\/labestiadeportiva.com\/lbd\/wp-content\/uploads\/2018\/06\/Hyli97gxm_860x575__1-300x201.jpg 300w, http:\/\/labestiadeportiva.com\/lbd\/wp-content\/uploads\/2018\/06\/Hyli97gxm_860x575__1.jpg 860w\" sizes=\"(max-width: 300px) 100vw, 300px\" \/><\/a>De Cilic, Fognini, Isner o Del Potro saldr\u00eda su rival en una hipot\u00e9tica semifinal. Del otro lado del cuadro y ya proyectando una final, el \u00fanico que sabe lo que es ser campe\u00f3n de este torneo es Novak Djokovic, quien poco a poco comienza a recuperar el nivel que lo tuvo como n\u00famero 1 del mundo por 122 semanas ininterrumpidas.<\/p>\n<p>Y por \u00faltimo, el ascendente Alexander Zverev, quien ya tiene en su haber tres t\u00edtulos de Masters 1000, dos de ellos sobre polvo de ladrillo.<\/p>\n<p>Queda tan solo una semana para saber qui\u00e9n ser\u00e1 el nuevo (o viejo) campe\u00f3n de este Roland Garros 2018, hagan sus apuestas.<\/p>\n<div class='epvc-post-count'><span class='epvc-eye'><\/span>  <span class=\"epvc-count\"> 1.102<\/span><span class='epvc-label'> veces le\u00edda<\/span><\/div>\n<div class=\"jwsharethis\">\nShare this: \n<br \/>\n<a href=\"mailto:?subject=%C2%ABRafa%C2%BB%2C%20el%20candidato&amp;body=http%3A%2F%2Flabestiadeportiva.com%2Flbd%2Frafa-el-candidato%2F\">\n<img src=\"http:\/\/labestiadeportiva.com\/lbd\/wp-content\/plugins\/jw-share-this\/email.png\" alt=\"Share this page via Email\" \/>\n<\/a>\n<a target=\"_blank\" href=\"http:\/\/www.stumbleupon.com\/submit?url=http%3A%2F%2Flabestiadeportiva.com%2Flbd%2Frafa-el-candidato%2F&amp;title=%C2%ABRafa%C2%BB%2C+el+candidato\">\n<img src=\"http:\/\/labestiadeportiva.com\/lbd\/wp-content\/plugins\/jw-share-this\/su.png\" alt=\"Share this page via Stumble Upon\" \/>\n<\/a>\n<a target=\"_blank\" href=\"http:\/\/digg.com\/submit?url=http%3A%2F%2Flabestiadeportiva.com%2Flbd%2Frafa-el-candidato%2F&amp;title=%C2%ABRafa%C2%BB%2C+el+candidato\">\n<img src=\"http:\/\/labestiadeportiva.com\/lbd\/wp-content\/plugins\/jw-share-this\/digg.png\" alt=\"Share this page via Digg this\" \/>\n<\/a>\n<a target=\"_blank\" href=\"http:\/\/www.facebook.com\/sharer.php?u=http%3A%2F%2Flabestiadeportiva.com%2Flbd%2Frafa-el-candidato%2F&amp;t=%C2%ABRafa%C2%BB%2C+el+candidato\">\n<img src=\"http:\/\/labestiadeportiva.com\/lbd\/wp-content\/plugins\/jw-share-this\/fb.png\" alt=\"Share this page via Facebook\" \/>\n<\/a>\n<a target=\"_blank\" href=\"http:\/\/twitter.com\/intent\/tweet?text=I+like+http%3A%2F%2Flabestiadeportiva.com%2Flbd%2Frafa-el-candidato%2F&amp;title=%C2%ABRafa%C2%BB%2C+el+candidato\">\n<img src=\"http:\/\/labestiadeportiva.com\/lbd\/wp-content\/plugins\/jw-share-this\/twitter.png\" alt=\"Share this page via Twitter\" \/>\n<\/a>\n<\/div>\n","protected":false},"excerpt":{"rendered":"<p>Por Mat\u00edas Pouso (Corresponsal LBD en CABA) El segundo Grand Slam del a\u00f1o comenz\u00f3 esta semana y promediando los octavos de final, los grandes candidatos arrasan en las apuestas. Rafael Nadal tiene todo listo para celebrar su onceavo trofeo en Par\u00eds; Djokovic, Zverev y Del Potro se alzan como los rivales a pelearle el t\u00edtulo. &hellip; <a href=\"http:\/\/labestiadeportiva.com\/lbd\/rafa-el-candidato\/\" class=\"more-link\">Seguir leyendo <span class=\"screen-reader-text\">\u00abRafa\u00bb, el candidato<\/span> <span class=\"meta-nav\">&rarr;<\/span><\/a><\/p>\n","protected":false},"author":1,"featured_media":28356,"comment_status":"open","ping_status":"open","sticky":false,"template":"","format":"standard","meta":[],"categories":[4,1,39],"tags":[83,1522,34],"_links":{"self":[{"href":"http:\/\/labestiadeportiva.com\/lbd\/wp-json\/wp\/v2\/posts\/28355"}],"collection":[{"href":"http:\/\/labestiadeportiva.com\/lbd\/wp-json\/wp\/v2\/posts"}],"about":[{"href":"http:\/\/labestiadeportiva.com\/lbd\/wp-json\/wp\/v2\/types\/post"}],"author":[{"embeddable":true,"href":"http:\/\/labestiadeportiva.com\/lbd\/wp-json\/wp\/v2\/users\/1"}],"replies":[{"embeddable":true,"href":"http:\/\/labestiadeportiva.com\/lbd\/wp-json\/wp\/v2\/comments?post=28355"}],"version-history":[{"count":1,"href":"http:\/\/labestiadeportiva.com\/lbd\/wp-json\/wp\/v2\/posts\/28355\/revisions"}],"predecessor-version":[{"id":28360,"href":"http:\/\/labestiadeportiva.com\/lbd\/wp-json\/wp\/v2\/posts\/28355\/revisions\/28360"}],"wp:featuredmedia":[{"embeddable":true,"href":"http:\/\/labestiadeportiva.com\/lbd\/wp-json\/wp\/v2\/media\/28356"}],"wp:attachment":[{"href":"http:\/\/labestiadeportiva.com\/lbd\/wp-json\/wp\/v2\/media?parent=28355"}],"wp:term":[{"taxonomy":"category","embeddable":true,"href":"http:\/\/labestiadeportiva.com\/lbd\/wp-json\/wp\/v2\/categories?post=28355"},{"taxonomy":"post_tag","embeddable":true,"href":"http:\/\/labestiadeportiva.com\/lbd\/wp-json\/wp\/v2\/tags?post=28355"}],"curies":[{"name":"wp","href":"https:\/\/api.w.org\/{rel}","templated":true}]}}