{"id":28712,"date":"2018-07-08T00:32:20","date_gmt":"2018-07-08T03:32:20","guid":{"rendered":"http:\/\/labestiadeportiva.com\/lbd\/?p=28712"},"modified":"2018-07-08T00:32:20","modified_gmt":"2018-07-08T03:32:20","slug":"seba-gomez-largara-1-en-su-serie","status":"publish","type":"post","link":"http:\/\/labestiadeportiva.com\/lbd\/seba-gomez-largara-1-en-su-serie\/","title":{"rendered":"\u00abSeba\u00bb G\u00f3mez, largar\u00e1 1\u00b0 en su serie"},"content":{"rendered":"<p>Por Javier Nicol\u00e1s Baroli (Corresponsal LBD en R\u00edo Gallegos)<\/p>\n<p><a href=\"http:\/\/labestiadeportiva.com\/lbd\/wp-content\/uploads\/2018\/07\/IMG-20180707-WA0064.jpg\"><img loading=\"lazy\" class=\"aligncenter size-medium wp-image-28713\" src=\"http:\/\/labestiadeportiva.com\/lbd\/wp-content\/uploads\/2018\/07\/IMG-20180707-WA0064-300x169.jpg\" alt=\"IMG-20180707-WA0064\" width=\"300\" height=\"169\" srcset=\"http:\/\/labestiadeportiva.com\/lbd\/wp-content\/uploads\/2018\/07\/IMG-20180707-WA0064-300x169.jpg 300w, http:\/\/labestiadeportiva.com\/lbd\/wp-content\/uploads\/2018\/07\/IMG-20180707-WA0064-1024x576.jpg 1024w, http:\/\/labestiadeportiva.com\/lbd\/wp-content\/uploads\/2018\/07\/IMG-20180707-WA0064.jpg 1280w\" sizes=\"(max-width: 300px) 100vw, 300px\" \/><\/a>Luego de terminar tercero en la clasificaci\u00f3n general, el santacruce\u00f1o Sebasti\u00e1n G\u00f3mez, largar\u00e1 primero en la tercera serie del Turismo Nacional Clase 3.<!--more--><\/p>\n<p>Posadas le sienta bien a \u00abSeba\u00bb, y m\u00e1s a\u00fan si luego de una primera parte del a\u00f1o con altibajos, el auto finalmente parece haber encontrado un \u00f3ptimo funcionamiento.<\/p>\n<p>Este s\u00e1bado el auto acompa\u00f1\u00f3 al piloto de R\u00edo Gallegos para terminar 3\u00b0 en la clasificaci\u00f3n, solamente superado por dos hist\u00f3ricos de la categoria como lo son Jonatan Castellano a bordo de un Toyota Corolla y Emanuel Moriatis al mando de un Ford Focus.<\/p>\n<p>Este resultado le permitir\u00e1 a G\u00f3mez partir de la primera colocaci\u00f3n este domingo en la tercer serie de la m\u00e1s competitiva de las categor\u00edas del automovilismo Argentino.<\/p>\n<p>Se prev\u00e9 el inicio de las series a las 11 para posteriormente la final a las 13 horas con televisaci\u00f3n de la TV p\u00fablica.<\/p>\n<p>G\u00f3mez declar\u00f3 a medios nacionales \u00abEstamos muy contentos, en los entrenamientos el auto se hab\u00eda mostrado competitivo, as\u00ed que buscamos en la clasificaci\u00f3n tener una referencia, por suerte sali\u00f3 una muy buena vuelta para llegar terceros\u00bb.<\/p>\n<p>M\u00e1s adelante Sebasti\u00e1n precis\u00f3 \u00abEs una carrera muy larga, el circuito demanda mucha exigencia, adem\u00e1s anuncian agua, as\u00ed que a esperar ma\u00f1ana con un gran auto.\u00bb<\/p>\n<div class='epvc-post-count'><span class='epvc-eye'><\/span>  <span class=\"epvc-count\"> 1.287<\/span><span class='epvc-label'> veces le\u00edda<\/span><\/div>\n<div class=\"jwsharethis\">\nShare this: \n<br \/>\n<a href=\"mailto:?subject=%C2%ABSeba%C2%BB%20G%C3%B3mez%2C%20largar%C3%A1%201%C2%B0%20en%20su%20serie&amp;body=http%3A%2F%2Flabestiadeportiva.com%2Flbd%2Fseba-gomez-largara-1-en-su-serie%2F\">\n<img src=\"http:\/\/labestiadeportiva.com\/lbd\/wp-content\/plugins\/jw-share-this\/email.png\" alt=\"Share this page via Email\" \/>\n<\/a>\n<a target=\"_blank\" href=\"http:\/\/www.stumbleupon.com\/submit?url=http%3A%2F%2Flabestiadeportiva.com%2Flbd%2Fseba-gomez-largara-1-en-su-serie%2F&amp;title=%C2%ABSeba%C2%BB+G%C3%B3mez%2C+largar%C3%A1+1%C2%B0+en+su+serie\">\n<img src=\"http:\/\/labestiadeportiva.com\/lbd\/wp-content\/plugins\/jw-share-this\/su.png\" alt=\"Share this page via Stumble Upon\" \/>\n<\/a>\n<a target=\"_blank\" href=\"http:\/\/digg.com\/submit?url=http%3A%2F%2Flabestiadeportiva.com%2Flbd%2Fseba-gomez-largara-1-en-su-serie%2F&amp;title=%C2%ABSeba%C2%BB+G%C3%B3mez%2C+largar%C3%A1+1%C2%B0+en+su+serie\">\n<img src=\"http:\/\/labestiadeportiva.com\/lbd\/wp-content\/plugins\/jw-share-this\/digg.png\" alt=\"Share this page via Digg this\" \/>\n<\/a>\n<a target=\"_blank\" href=\"http:\/\/www.facebook.com\/sharer.php?u=http%3A%2F%2Flabestiadeportiva.com%2Flbd%2Fseba-gomez-largara-1-en-su-serie%2F&amp;t=%C2%ABSeba%C2%BB+G%C3%B3mez%2C+largar%C3%A1+1%C2%B0+en+su+serie\">\n<img src=\"http:\/\/labestiadeportiva.com\/lbd\/wp-content\/plugins\/jw-share-this\/fb.png\" alt=\"Share this page via Facebook\" \/>\n<\/a>\n<a target=\"_blank\" href=\"http:\/\/twitter.com\/intent\/tweet?text=I+like+http%3A%2F%2Flabestiadeportiva.com%2Flbd%2Fseba-gomez-largara-1-en-su-serie%2F&amp;title=%C2%ABSeba%C2%BB+G%C3%B3mez%2C+largar%C3%A1+1%C2%B0+en+su+serie\">\n<img src=\"http:\/\/labestiadeportiva.com\/lbd\/wp-content\/plugins\/jw-share-this\/twitter.png\" alt=\"Share this page via Twitter\" \/>\n<\/a>\n<\/div>\n","protected":false},"excerpt":{"rendered":"<p>Por Javier Nicol\u00e1s Baroli (Corresponsal LBD en R\u00edo Gallegos) Luego de terminar tercero en la clasificaci\u00f3n general, el santacruce\u00f1o Sebasti\u00e1n G\u00f3mez, largar\u00e1 primero en la tercera serie del Turismo Nacional Clase 3. 1.287 veces le\u00edda Share this:<\/p>\n","protected":false},"author":1,"featured_media":28713,"comment_status":"open","ping_status":"open","sticky":false,"template":"","format":"standard","meta":[],"categories":[2135,6,1],"tags":[86,83,3618],"_links":{"self":[{"href":"http:\/\/labestiadeportiva.com\/lbd\/wp-json\/wp\/v2\/posts\/28712"}],"collection":[{"href":"http:\/\/labestiadeportiva.com\/lbd\/wp-json\/wp\/v2\/posts"}],"about":[{"href":"http:\/\/labestiadeportiva.com\/lbd\/wp-json\/wp\/v2\/types\/post"}],"author":[{"embeddable":true,"href":"http:\/\/labestiadeportiva.com\/lbd\/wp-json\/wp\/v2\/users\/1"}],"replies":[{"embeddable":true,"href":"http:\/\/labestiadeportiva.com\/lbd\/wp-json\/wp\/v2\/comments?post=28712"}],"version-history":[{"count":1,"href":"http:\/\/labestiadeportiva.com\/lbd\/wp-json\/wp\/v2\/posts\/28712\/revisions"}],"predecessor-version":[{"id":28714,"href":"http:\/\/labestiadeportiva.com\/lbd\/wp-json\/wp\/v2\/posts\/28712\/revisions\/28714"}],"wp:featuredmedia":[{"embeddable":true,"href":"http:\/\/labestiadeportiva.com\/lbd\/wp-json\/wp\/v2\/media\/28713"}],"wp:attachment":[{"href":"http:\/\/labestiadeportiva.com\/lbd\/wp-json\/wp\/v2\/media?parent=28712"}],"wp:term":[{"taxonomy":"category","embeddable":true,"href":"http:\/\/labestiadeportiva.com\/lbd\/wp-json\/wp\/v2\/categories?post=28712"},{"taxonomy":"post_tag","embeddable":true,"href":"http:\/\/labestiadeportiva.com\/lbd\/wp-json\/wp\/v2\/tags?post=28712"}],"curies":[{"name":"wp","href":"https:\/\/api.w.org\/{rel}","templated":true}]}}