{"id":28891,"date":"2018-07-25T02:22:53","date_gmt":"2018-07-25T05:22:53","guid":{"rendered":"http:\/\/labestiadeportiva.com\/lbd\/?p=28891"},"modified":"2018-07-25T02:40:06","modified_gmt":"2018-07-25T05:40:06","slug":"con-la-experiencia-del-campeon","status":"publish","type":"post","link":"http:\/\/labestiadeportiva.com\/lbd\/con-la-experiencia-del-campeon\/","title":{"rendered":"Con la experiencia del campe\u00f3n"},"content":{"rendered":"<p><a href=\"http:\/\/labestiadeportiva.com\/lbd\/wp-content\/uploads\/2018\/07\/20180722_225614.jpg\"><img loading=\"lazy\" class=\"aligncenter size-medium wp-image-28894\" src=\"http:\/\/labestiadeportiva.com\/lbd\/wp-content\/uploads\/2018\/07\/20180722_225614-300x225.jpg\" alt=\"20180722_225614\" width=\"300\" height=\"225\" srcset=\"http:\/\/labestiadeportiva.com\/lbd\/wp-content\/uploads\/2018\/07\/20180722_225614-300x225.jpg 300w, http:\/\/labestiadeportiva.com\/lbd\/wp-content\/uploads\/2018\/07\/20180722_225614-1024x768.jpg 1024w\" sizes=\"(max-width: 300px) 100vw, 300px\" \/><\/a>El pasado domingo por la noche se defini\u00f3 el Torneo Apertura para la principal categor\u00eda de la Federaci\u00f3n Ushuaiense de futsal. Magallanes Azul se impuso a Los Cuervos FDM por 3 a 1. Los goleadores de la noche Douglas Romero (2), Juanjo Bareiro y \u00abTomy\u00bb Pescio. Serie definida por 2 a 0 sum\u00e1ndo una veintena de t\u00edtulos locales para los conducidos por Alejandro Vel\u00e1zquez quienes se aseguraron una nueva participaci\u00f3n nacional en la Divisi\u00f3n de Honor.<!--more--><\/p>\n<p>Con un gran marco de p\u00fablico de los dos equipos en el microestadio \u00abCochocho\u00bb Vargas, quienes le pusieron el clima de final esperado, minutos despu\u00e9s de las 21.30 los elencos de Vel\u00e1zquez y Eposto salieron dispuestos a una nueva batalla salonera.<\/p>\n<p>La victoria de \u00abMaga\u00bb por 2 a 1 en el primer juego de la serie puso al \u00abCuervo\u00bb entre la espada y la pared, solo el triunfo lo mantendr\u00eda con vida.<\/p>\n<p><a href=\"http:\/\/labestiadeportiva.com\/lbd\/wp-content\/uploads\/2018\/07\/20180722_230239.jpg\"><img loading=\"lazy\" class=\"aligncenter size-medium wp-image-28895\" src=\"http:\/\/labestiadeportiva.com\/lbd\/wp-content\/uploads\/2018\/07\/20180722_230239-300x225.jpg\" alt=\"20180722_230239\" width=\"300\" height=\"225\" srcset=\"http:\/\/labestiadeportiva.com\/lbd\/wp-content\/uploads\/2018\/07\/20180722_230239-300x225.jpg 300w, http:\/\/labestiadeportiva.com\/lbd\/wp-content\/uploads\/2018\/07\/20180722_230239-1024x768.jpg 1024w\" sizes=\"(max-width: 300px) 100vw, 300px\" \/><\/a>Una sola coincidencia visible en los equipos, planteles sumamente cortos.<\/p>\n<p>Un Magallanes claramente diezmado, sin su arquero de los \u00faltimos a\u00f1os, Javier Ortega, Fede Martirena, Ojeda, Hugo Mu\u00f1oz volviendo de a poco y el propio capit\u00e1n y l\u00edder futbol\u00edstico \u00abChelo\u00bb S\u00e1nchez teni\u00e9ndo que volver al quinteto titular dando claras ventajas f\u00edsicas.<\/p>\n<p>El \u00abazulgrana\u00bb tambi\u00e9n con lo suyo dado que no le sobran nombres. El \u00abLagarto\u00bb Mat\u00edas Avenda\u00f1o los conduce, \u00abTomy\u00bb Pescio aporta juego y experiencia pero no cuentan con mucho m\u00e1s. Ayudan Edu Barreto y Alan Zentner y complementan los \u00abPibitos&#8217; \u00a0Facundo Salgado y Juan Medina.<\/p>\n<p><a href=\"http:\/\/labestiadeportiva.com\/lbd\/wp-content\/uploads\/2018\/07\/FB_IMG_1532495588710.jpg\"><img loading=\"lazy\" class=\"aligncenter size-medium wp-image-28904\" src=\"http:\/\/labestiadeportiva.com\/lbd\/wp-content\/uploads\/2018\/07\/FB_IMG_1532495588710-300x225.jpg\" alt=\"FB_IMG_1532495588710\" width=\"300\" height=\"225\" srcset=\"http:\/\/labestiadeportiva.com\/lbd\/wp-content\/uploads\/2018\/07\/FB_IMG_1532495588710-300x225.jpg 300w, http:\/\/labestiadeportiva.com\/lbd\/wp-content\/uploads\/2018\/07\/FB_IMG_1532495588710.jpg 720w\" sizes=\"(max-width: 300px) 100vw, 300px\" \/><\/a>Comienzo de partido equilibrado. Magallanes haciendo control sin comprometer el bal\u00f3n, Los Cuervos intentando pero sin estar fino en los metros y asistencias finales.<\/p>\n<p>La apertura del marcador llegar\u00eda a trav\u00e9s de Douglas Romero, el goleador de la noche, para poner el 1 a 0 parcial.<\/p>\n<p>Antes del cierre de la primera etapa Pescio igualar\u00eda las acciones con tiro cruzado con cierta complidad del \u00abHueso\u00bb Grigera.<\/p>\n<p><a href=\"http:\/\/labestiadeportiva.com\/lbd\/wp-content\/uploads\/2018\/07\/20180722_230231.jpg\"><img loading=\"lazy\" class=\"aligncenter size-medium wp-image-28896\" src=\"http:\/\/labestiadeportiva.com\/lbd\/wp-content\/uploads\/2018\/07\/20180722_230231-300x225.jpg\" alt=\"20180722_230231\" width=\"300\" height=\"225\" srcset=\"http:\/\/labestiadeportiva.com\/lbd\/wp-content\/uploads\/2018\/07\/20180722_230231-300x225.jpg 300w, http:\/\/labestiadeportiva.com\/lbd\/wp-content\/uploads\/2018\/07\/20180722_230231-1024x768.jpg 1024w\" sizes=\"(max-width: 300px) 100vw, 300px\" \/><\/a>En el complemento se ver\u00eda lo mejor. Si bien no fue un juego de alto vuelo t\u00e9cnico t\u00e1ctico la emoci\u00f3n e incertidumbre del resultado incierto lo hicieron apasionante.<\/p>\n<p>El palo a palo se hizo presente. Cada uno con sus armas, ataque y respuesta donde casi siempre ganaban las defensas y volver a empezar.<\/p>\n<p>llegar\u00eda la jugada que comenzar\u00eda a definir el pleito. Penal para Magallanes, donde la falta dentro del \u00e1rea no dej\u00f3 dudas, Romero se hizo cargo del compromiso, y puso el 2 a 1 para darle algo de tranquilidad a su equipo.<\/p>\n<p>Pero al promediar el segundo tiempo Magallanes cometer\u00eda su quinta falta poni\u00e9ndose claramente en riesgo.<\/p>\n<p>Los Cuervos puso un arquero jugador y se fue para adelante pero la sexta falta nunca llegar\u00eda. Quiz\u00e1s por que equivoc\u00f3 el camino al no intentar desnivelar con sus \u00abpibes\u00bb rapiditos.<\/p>\n<p><a href=\"http:\/\/labestiadeportiva.com\/lbd\/wp-content\/uploads\/2018\/07\/20180722_225604.jpg\"><img loading=\"lazy\" class=\"aligncenter size-medium wp-image-28901\" src=\"http:\/\/labestiadeportiva.com\/lbd\/wp-content\/uploads\/2018\/07\/20180722_225604-300x225.jpg\" alt=\"20180722_225604\" width=\"300\" height=\"225\" srcset=\"http:\/\/labestiadeportiva.com\/lbd\/wp-content\/uploads\/2018\/07\/20180722_225604-300x225.jpg 300w, http:\/\/labestiadeportiva.com\/lbd\/wp-content\/uploads\/2018\/07\/20180722_225604-1024x768.jpg 1024w\" sizes=\"(max-width: 300px) 100vw, 300px\" \/><\/a>Para colmo de males a tres minutos del cierre Juanjo Bareiro capitaliz\u00f3 una larga asistencia por derecha para controlar con el cuerpo a la carrera y definir de aire poniendo el 3 a 1 final.<\/p>\n<p>No pas\u00f3 mucho despu\u00e9s de esto, est\u00e9riles intentos \u00abCuervos\u00bb pero ya no habr\u00eda tiempo para m\u00e1s, Magallanes recuperaba el t\u00edtulo local que ostenta con naturalidad por casi una d\u00e9cada.<\/p>\n<p><a href=\"http:\/\/labestiadeportiva.com\/lbd\/wp-content\/uploads\/2018\/07\/FB_IMG_1532495581305.jpg\"><img loading=\"lazy\" class=\"aligncenter size-medium wp-image-28903\" src=\"http:\/\/labestiadeportiva.com\/lbd\/wp-content\/uploads\/2018\/07\/FB_IMG_1532495581305-300x225.jpg\" alt=\"FB_IMG_1532495581305\" width=\"300\" height=\"225\" srcset=\"http:\/\/labestiadeportiva.com\/lbd\/wp-content\/uploads\/2018\/07\/FB_IMG_1532495581305-300x225.jpg 300w, http:\/\/labestiadeportiva.com\/lbd\/wp-content\/uploads\/2018\/07\/FB_IMG_1532495581305.jpg 720w\" sizes=\"(max-width: 300px) 100vw, 300px\" \/><\/a>Los experimentados Grigera, S\u00e1nchez, Mart\u00ednez y Bareiro junto a los aportes de Douglas Romero y Nelson Gonz\u00e1lez lo hicieron posible.<\/p>\n<p>Del otro lado un digno rival, Los Cuervos FDM, quien se embarc\u00f3 en la aventura salonera tiene mucho por aprender y mejorar pero va claramente por el buen camino.<\/p>\n<p><a href=\"http:\/\/labestiadeportiva.com\/lbd\/wp-content\/uploads\/2018\/07\/FB_IMG_1532198191273.jpg\"><img loading=\"lazy\" class=\"aligncenter size-medium wp-image-28902\" src=\"http:\/\/labestiadeportiva.com\/lbd\/wp-content\/uploads\/2018\/07\/FB_IMG_1532198191273-300x189.jpg\" alt=\"FB_IMG_1532198191273\" width=\"300\" height=\"189\" srcset=\"http:\/\/labestiadeportiva.com\/lbd\/wp-content\/uploads\/2018\/07\/FB_IMG_1532198191273-300x189.jpg 300w, http:\/\/labestiadeportiva.com\/lbd\/wp-content\/uploads\/2018\/07\/FB_IMG_1532198191273.jpg 720w\" sizes=\"(max-width: 300px) 100vw, 300px\" \/><\/a><\/p>\n<div class='epvc-post-count'><span class='epvc-eye'><\/span>  <span class=\"epvc-count\"> 1.131<\/span><span class='epvc-label'> veces le\u00edda<\/span><\/div>\n<div class=\"jwsharethis\">\nShare this: \n<br \/>\n<a href=\"mailto:?subject=Con%20la%20experiencia%20del%20campe%C3%B3n&amp;body=http%3A%2F%2Flabestiadeportiva.com%2Flbd%2Fcon-la-experiencia-del-campeon%2F\">\n<img src=\"http:\/\/labestiadeportiva.com\/lbd\/wp-content\/plugins\/jw-share-this\/email.png\" alt=\"Share this page via Email\" \/>\n<\/a>\n<a target=\"_blank\" href=\"http:\/\/www.stumbleupon.com\/submit?url=http%3A%2F%2Flabestiadeportiva.com%2Flbd%2Fcon-la-experiencia-del-campeon%2F&amp;title=Con+la+experiencia+del+campe%C3%B3n\">\n<img src=\"http:\/\/labestiadeportiva.com\/lbd\/wp-content\/plugins\/jw-share-this\/su.png\" alt=\"Share this page via Stumble Upon\" \/>\n<\/a>\n<a target=\"_blank\" href=\"http:\/\/digg.com\/submit?url=http%3A%2F%2Flabestiadeportiva.com%2Flbd%2Fcon-la-experiencia-del-campeon%2F&amp;title=Con+la+experiencia+del+campe%C3%B3n\">\n<img src=\"http:\/\/labestiadeportiva.com\/lbd\/wp-content\/plugins\/jw-share-this\/digg.png\" alt=\"Share this page via Digg this\" \/>\n<\/a>\n<a target=\"_blank\" href=\"http:\/\/www.facebook.com\/sharer.php?u=http%3A%2F%2Flabestiadeportiva.com%2Flbd%2Fcon-la-experiencia-del-campeon%2F&amp;t=Con+la+experiencia+del+campe%C3%B3n\">\n<img src=\"http:\/\/labestiadeportiva.com\/lbd\/wp-content\/plugins\/jw-share-this\/fb.png\" alt=\"Share this page via Facebook\" \/>\n<\/a>\n<a target=\"_blank\" href=\"http:\/\/twitter.com\/intent\/tweet?text=I+like+http%3A%2F%2Flabestiadeportiva.com%2Flbd%2Fcon-la-experiencia-del-campeon%2F&amp;title=Con+la+experiencia+del+campe%C3%B3n\">\n<img src=\"http:\/\/labestiadeportiva.com\/lbd\/wp-content\/plugins\/jw-share-this\/twitter.png\" alt=\"Share this page via Twitter\" \/>\n<\/a>\n<\/div>\n","protected":false},"excerpt":{"rendered":"<p>El pasado domingo por la noche se defini\u00f3 el Torneo Apertura para la principal categor\u00eda de la Federaci\u00f3n Ushuaiense de futsal. Magallanes Azul se impuso a Los Cuervos FDM por 3 a 1. Los goleadores de la noche Douglas Romero (2), Juanjo Bareiro y \u00abTomy\u00bb Pescio. Serie definida por 2 a 0 sum\u00e1ndo una veintena &hellip; <a href=\"http:\/\/labestiadeportiva.com\/lbd\/con-la-experiencia-del-campeon\/\" class=\"more-link\">Seguir leyendo <span class=\"screen-reader-text\">Con la experiencia del campe\u00f3n<\/span> <span class=\"meta-nav\">&rarr;<\/span><\/a><\/p>\n","protected":false},"author":1,"featured_media":28903,"comment_status":"open","ping_status":"open","sticky":false,"template":"","format":"standard","meta":[],"categories":[5,31,1],"tags":[215,233,793,83,1091],"_links":{"self":[{"href":"http:\/\/labestiadeportiva.com\/lbd\/wp-json\/wp\/v2\/posts\/28891"}],"collection":[{"href":"http:\/\/labestiadeportiva.com\/lbd\/wp-json\/wp\/v2\/posts"}],"about":[{"href":"http:\/\/labestiadeportiva.com\/lbd\/wp-json\/wp\/v2\/types\/post"}],"author":[{"embeddable":true,"href":"http:\/\/labestiadeportiva.com\/lbd\/wp-json\/wp\/v2\/users\/1"}],"replies":[{"embeddable":true,"href":"http:\/\/labestiadeportiva.com\/lbd\/wp-json\/wp\/v2\/comments?post=28891"}],"version-history":[{"count":6,"href":"http:\/\/labestiadeportiva.com\/lbd\/wp-json\/wp\/v2\/posts\/28891\/revisions"}],"predecessor-version":[{"id":28910,"href":"http:\/\/labestiadeportiva.com\/lbd\/wp-json\/wp\/v2\/posts\/28891\/revisions\/28910"}],"wp:featuredmedia":[{"embeddable":true,"href":"http:\/\/labestiadeportiva.com\/lbd\/wp-json\/wp\/v2\/media\/28903"}],"wp:attachment":[{"href":"http:\/\/labestiadeportiva.com\/lbd\/wp-json\/wp\/v2\/media?parent=28891"}],"wp:term":[{"taxonomy":"category","embeddable":true,"href":"http:\/\/labestiadeportiva.com\/lbd\/wp-json\/wp\/v2\/categories?post=28891"},{"taxonomy":"post_tag","embeddable":true,"href":"http:\/\/labestiadeportiva.com\/lbd\/wp-json\/wp\/v2\/tags?post=28891"}],"curies":[{"name":"wp","href":"https:\/\/api.w.org\/{rel}","templated":true}]}}