{"id":28972,"date":"2018-07-31T01:54:10","date_gmt":"2018-07-31T04:54:10","guid":{"rendered":"http:\/\/labestiadeportiva.com\/lbd\/?p=28972"},"modified":"2018-07-31T01:55:44","modified_gmt":"2018-07-31T04:55:44","slug":"gaudio-coria-y-canas-capitanes-de-copa-davis","status":"publish","type":"post","link":"http:\/\/labestiadeportiva.com\/lbd\/gaudio-coria-y-canas-capitanes-de-copa-davis\/","title":{"rendered":"Gaudio, Coria y Ca\u00f1as, capitanes de Copa Davis"},"content":{"rendered":"<p>Por Mat\u00edas Pouso (Corresponsal LBD en CABA)<\/p>\n<p><a href=\"http:\/\/labestiadeportiva.com\/lbd\/wp-content\/uploads\/2018\/07\/0000311267.jpg\"><img loading=\"lazy\" class=\"aligncenter size-medium wp-image-28973\" src=\"http:\/\/labestiadeportiva.com\/lbd\/wp-content\/uploads\/2018\/07\/0000311267-300x174.jpg\" alt=\"0000311267\" width=\"300\" height=\"174\" srcset=\"http:\/\/labestiadeportiva.com\/lbd\/wp-content\/uploads\/2018\/07\/0000311267-300x174.jpg 300w, http:\/\/labestiadeportiva.com\/lbd\/wp-content\/uploads\/2018\/07\/0000311267-1024x594.jpg 1024w, http:\/\/labestiadeportiva.com\/lbd\/wp-content\/uploads\/2018\/07\/0000311267.jpg 1500w\" sizes=\"(max-width: 300px) 100vw, 300px\" \/><\/a>La Asociaci\u00f3n Argentina de Tenis anunci\u00f3 la semana pasada que Gast\u00f3n Gaudio, Guillermo Coria y Guillermo Ca\u00f1as asumir\u00e1n como un triunvirato la capitan\u00eda del equipo argentino de Copa Davis, luego de que la dirigencia de la instituci\u00f3n destituyera de su cargo a Daniel Orsanic.<!--more--><\/p>\n<p>La elecci\u00f3n de Agust\u00edn Calleri como presidente de la m\u00e1xima instituci\u00f3n del tenis argentino en mayo signific\u00f3 el inicio de una nueva etapa con cambios significativos en todo lo que respecta al desarrollo y a la idiosincrasia de todas las actividades ten\u00edsticas a nivel nacional.<\/p>\n<p>Uno de los temas m\u00e1s resonantes en lo que al p\u00fablico respecta era la decisi\u00f3n de quien se sentar\u00eda en la silla de capit\u00e1n del equipo de Copa Davis.<\/p>\n<p><a href=\"http:\/\/labestiadeportiva.com\/lbd\/wp-content\/uploads\/2018\/07\/in1532705288349.jpeg\"><img loading=\"lazy\" class=\"aligncenter size-medium wp-image-28974\" src=\"http:\/\/labestiadeportiva.com\/lbd\/wp-content\/uploads\/2018\/07\/in1532705288349-300x199.jpeg\" alt=\"in1532705288349\" width=\"300\" height=\"199\" srcset=\"http:\/\/labestiadeportiva.com\/lbd\/wp-content\/uploads\/2018\/07\/in1532705288349-300x199.jpeg 300w, http:\/\/labestiadeportiva.com\/lbd\/wp-content\/uploads\/2018\/07\/in1532705288349.jpeg 960w\" sizes=\"(max-width: 300px) 100vw, 300px\" \/><\/a>Daniel Orsanic pas\u00f3 en menos de un a\u00f1o del cielo al infierno, de haber sido el primer capit\u00e1n en la historia en levantar la m\u00edtica Ensaladera de Plata, a no poder sostener la plaza en el Grupo Mundial al a\u00f1o siguiente.<\/p>\n<p>La realidad es que Orsanic en ning\u00fan momento estuvo en el foco de las acusaciones por las derrotas, ni la de la primera ronda frente a Italia en Parque Sarmiento, ni en los playoffs frente a Kazajist\u00e1n.<\/p>\n<p>Su t\u00e1ctica y su estilo siempre tuvieron como base el trabajo en equipo, el esfuerzo y la humildad; valores que siempre fueron valorados por la opini\u00f3n p\u00fablica y por sus pares.<\/p>\n<p>Sin embargo, la nueva sangre que recal\u00f3 en la AAT lleg\u00f3 con sus valijas llenas de cambios trascendentales, tanto de nombres como de ideas.<\/p>\n<p>La salida del capit\u00e1n se decidi\u00f3 esencialmente en base a las diferencias de proyecto deportivo entre ambas partes y con la intenci\u00f3n de garantizar un clima de armon\u00eda de cara a la trascendental serie de septiembre frente a Colombia, donde Argentina se jugar\u00e1 su regreso al Grupo Mundial.<\/p>\n<p><a href=\"http:\/\/labestiadeportiva.com\/lbd\/wp-content\/uploads\/2018\/07\/PARA-WEB.jpg\"><img loading=\"lazy\" class=\"aligncenter size-medium wp-image-28975\" src=\"http:\/\/labestiadeportiva.com\/lbd\/wp-content\/uploads\/2018\/07\/PARA-WEB-300x212.jpg\" alt=\"PARA-WEB\" width=\"300\" height=\"212\" srcset=\"http:\/\/labestiadeportiva.com\/lbd\/wp-content\/uploads\/2018\/07\/PARA-WEB-300x212.jpg 300w, http:\/\/labestiadeportiva.com\/lbd\/wp-content\/uploads\/2018\/07\/PARA-WEB.jpg 842w\" sizes=\"(max-width: 300px) 100vw, 300px\" \/><\/a>Agust\u00edn Calleri, flamante presidente de la asociaci\u00f3n, coment\u00f3:<\/p>\n<p>\u201cConsideramos que esta es la mejor manera de ponerle fin a un ciclo exitoso y agradecemos a Orsanic por su trabajo.<\/p>\n<p>Como tenemos la serie contra Colombia a la vuelta de la esquina, nos movimos r\u00e1pido para encontrar la soluci\u00f3n. Confiamos en que este equipo, que trabajar\u00e1 ad honorem, va a devolver a la Argentina al lugar que se merece\u201d.<\/p>\n<p>El vicepresidente primero y miembro de la comisi\u00f3n de Copa Davis, Mariano Zabaleta, tambi\u00e9n sum\u00f3 su punto de vista:<\/p>\n<p>\u201cEstamos felices y orgullosos de que tres referentes como ellos, que fueron top ten, que jugaron la Davis y que son muy queridos por la gente no s\u00f3lo hayan aceptado la propuesta, sino que adem\u00e1s hayan puesto como condici\u00f3n hacerse cargo de la direcci\u00f3n del equipo sin cobrar un peso.<\/p>\n<p>Porque entienden la realidad econ\u00f3mica que atraviesa la Asociaci\u00f3n, tal como contamos d\u00edas atr\u00e1s en la conferencia de prensa\u201d.<\/p>\n<p>Jos\u00e9 Acasuso, vocal de la AAT y tambi\u00e9n integrante de la comisi\u00f3n de Copa Davis, aclar\u00f3 que:<\/p>\n<p>\u201cLas decisiones se tomar\u00e1n de forma consensuada\u201d y agreg\u00f3 que el nuevo equipo \u201cdirigir\u00e1 esta serie y luego los dirigentes se reunir\u00e1n con los principales jugadores para planificar la temporada 2019\u201d.<\/p>\n<p>El Triunvirato Ca\u00f1as-Gaudio-Coria tendr\u00e1 un mes y medio para formar el equipo que recibir\u00e1 del 14 al 16 de septiembre a su par colombiano por el regreso al Grupo Mundial.<\/p>\n<p>Un gran desaf\u00edo para los ex tenistas que supieron estar a la altura con la raqueta en la mano, ahora les toca demostrar si podr\u00e1n hacer lo mismo sentados en el banco.<\/p>\n<div class='epvc-post-count'><span class='epvc-eye'><\/span>  <span class=\"epvc-count\"> 1.371<\/span><span class='epvc-label'> veces le\u00edda<\/span><\/div>\n<div class=\"jwsharethis\">\nShare this: \n<br \/>\n<a href=\"mailto:?subject=Gaudio%2C%20Coria%20y%20Ca%C3%B1as%2C%20capitanes%20de%20Copa%20Davis&amp;body=http%3A%2F%2Flabestiadeportiva.com%2Flbd%2Fgaudio-coria-y-canas-capitanes-de-copa-davis%2F\">\n<img src=\"http:\/\/labestiadeportiva.com\/lbd\/wp-content\/plugins\/jw-share-this\/email.png\" alt=\"Share this page via Email\" \/>\n<\/a>\n<a target=\"_blank\" href=\"http:\/\/www.stumbleupon.com\/submit?url=http%3A%2F%2Flabestiadeportiva.com%2Flbd%2Fgaudio-coria-y-canas-capitanes-de-copa-davis%2F&amp;title=Gaudio%2C+Coria+y+Ca%C3%B1as%2C+capitanes+de+Copa+Davis\">\n<img src=\"http:\/\/labestiadeportiva.com\/lbd\/wp-content\/plugins\/jw-share-this\/su.png\" alt=\"Share this page via Stumble Upon\" \/>\n<\/a>\n<a target=\"_blank\" href=\"http:\/\/digg.com\/submit?url=http%3A%2F%2Flabestiadeportiva.com%2Flbd%2Fgaudio-coria-y-canas-capitanes-de-copa-davis%2F&amp;title=Gaudio%2C+Coria+y+Ca%C3%B1as%2C+capitanes+de+Copa+Davis\">\n<img src=\"http:\/\/labestiadeportiva.com\/lbd\/wp-content\/plugins\/jw-share-this\/digg.png\" alt=\"Share this page via Digg this\" \/>\n<\/a>\n<a target=\"_blank\" href=\"http:\/\/www.facebook.com\/sharer.php?u=http%3A%2F%2Flabestiadeportiva.com%2Flbd%2Fgaudio-coria-y-canas-capitanes-de-copa-davis%2F&amp;t=Gaudio%2C+Coria+y+Ca%C3%B1as%2C+capitanes+de+Copa+Davis\">\n<img src=\"http:\/\/labestiadeportiva.com\/lbd\/wp-content\/plugins\/jw-share-this\/fb.png\" alt=\"Share this page via Facebook\" \/>\n<\/a>\n<a target=\"_blank\" href=\"http:\/\/twitter.com\/intent\/tweet?text=I+like+http%3A%2F%2Flabestiadeportiva.com%2Flbd%2Fgaudio-coria-y-canas-capitanes-de-copa-davis%2F&amp;title=Gaudio%2C+Coria+y+Ca%C3%B1as%2C+capitanes+de+Copa+Davis\">\n<img src=\"http:\/\/labestiadeportiva.com\/lbd\/wp-content\/plugins\/jw-share-this\/twitter.png\" alt=\"Share this page via Twitter\" \/>\n<\/a>\n<\/div>\n","protected":false},"excerpt":{"rendered":"<p>Por Mat\u00edas Pouso (Corresponsal LBD en CABA) La Asociaci\u00f3n Argentina de Tenis anunci\u00f3 la semana pasada que Gast\u00f3n Gaudio, Guillermo Coria y Guillermo Ca\u00f1as asumir\u00e1n como un triunvirato la capitan\u00eda del equipo argentino de Copa Davis, luego de que la dirigencia de la instituci\u00f3n destituyera de su cargo a Daniel Orsanic. 1.371 veces le\u00edda Share &hellip; <a href=\"http:\/\/labestiadeportiva.com\/lbd\/gaudio-coria-y-canas-capitanes-de-copa-davis\/\" class=\"more-link\">Seguir leyendo <span class=\"screen-reader-text\">Gaudio, Coria y Ca\u00f1as, capitanes de Copa Davis<\/span> <span class=\"meta-nav\">&rarr;<\/span><\/a><\/p>\n","protected":false},"author":1,"featured_media":28973,"comment_status":"open","ping_status":"open","sticky":false,"template":"","format":"standard","meta":[],"categories":[4,6,1,3298],"tags":[3653,40,83,34],"_links":{"self":[{"href":"http:\/\/labestiadeportiva.com\/lbd\/wp-json\/wp\/v2\/posts\/28972"}],"collection":[{"href":"http:\/\/labestiadeportiva.com\/lbd\/wp-json\/wp\/v2\/posts"}],"about":[{"href":"http:\/\/labestiadeportiva.com\/lbd\/wp-json\/wp\/v2\/types\/post"}],"author":[{"embeddable":true,"href":"http:\/\/labestiadeportiva.com\/lbd\/wp-json\/wp\/v2\/users\/1"}],"replies":[{"embeddable":true,"href":"http:\/\/labestiadeportiva.com\/lbd\/wp-json\/wp\/v2\/comments?post=28972"}],"version-history":[{"count":2,"href":"http:\/\/labestiadeportiva.com\/lbd\/wp-json\/wp\/v2\/posts\/28972\/revisions"}],"predecessor-version":[{"id":28977,"href":"http:\/\/labestiadeportiva.com\/lbd\/wp-json\/wp\/v2\/posts\/28972\/revisions\/28977"}],"wp:featuredmedia":[{"embeddable":true,"href":"http:\/\/labestiadeportiva.com\/lbd\/wp-json\/wp\/v2\/media\/28973"}],"wp:attachment":[{"href":"http:\/\/labestiadeportiva.com\/lbd\/wp-json\/wp\/v2\/media?parent=28972"}],"wp:term":[{"taxonomy":"category","embeddable":true,"href":"http:\/\/labestiadeportiva.com\/lbd\/wp-json\/wp\/v2\/categories?post=28972"},{"taxonomy":"post_tag","embeddable":true,"href":"http:\/\/labestiadeportiva.com\/lbd\/wp-json\/wp\/v2\/tags?post=28972"}],"curies":[{"name":"wp","href":"https:\/\/api.w.org\/{rel}","templated":true}]}}