{"id":29041,"date":"2018-08-05T21:15:23","date_gmt":"2018-08-06T00:15:23","guid":{"rendered":"http:\/\/labestiadeportiva.com\/lbd\/?p=29041"},"modified":"2018-08-05T21:15:23","modified_gmt":"2018-08-06T00:15:23","slug":"el-cau-volo-alto-en-la-parva","status":"publish","type":"post","link":"http:\/\/labestiadeportiva.com\/lbd\/el-cau-volo-alto-en-la-parva\/","title":{"rendered":"El CAU vol\u00f3 alto en La Parva"},"content":{"rendered":"<p>Por Diego Linares (Snowboard para LBD desde la Regi\u00f3n Metropolitana, Chile)<\/p>\n<p><a href=\"http:\/\/labestiadeportiva.com\/lbd\/wp-content\/uploads\/2018\/08\/IMG-20180805-WA0019.jpg\"><img loading=\"lazy\" class=\"aligncenter size-medium wp-image-29042\" src=\"http:\/\/labestiadeportiva.com\/lbd\/wp-content\/uploads\/2018\/08\/IMG-20180805-WA0019-300x225.jpg\" alt=\"IMG-20180805-WA0019\" width=\"300\" height=\"225\" srcset=\"http:\/\/labestiadeportiva.com\/lbd\/wp-content\/uploads\/2018\/08\/IMG-20180805-WA0019-300x225.jpg 300w, http:\/\/labestiadeportiva.com\/lbd\/wp-content\/uploads\/2018\/08\/IMG-20180805-WA0019.jpg 1024w\" sizes=\"(max-width: 300px) 100vw, 300px\" \/><\/a>El pasado jueves 2 de Agosto el equipo de Snowboard de competici\u00f3n, conformado por Azul Ch\u00e1vez, Facundo Mendolia, Facundo Pardo, Valent\u00edn Alonso, Valent\u00edn Moreno, Dante Vera, Joaco Rodr\u00edguez y Enzo Mair, emprendieron su primera gira deportiva rumbo a La Parva Chile donde participaron de las dos primeras competencias FIS del Circuito Sudamericano dentro del Slopestyle. Azul Ch\u00e1vez logr\u00f3 dos medallas de 2\u00b0 y 3\u00b0 puesto.<!--more--><\/p>\n<p>La acci\u00f3n se desarroll\u00f3 en un park bastante t\u00e9cnico, con saltos grandes y barandas complicadas, los chicos se mostraron muy sueltos y con muchas ganas, lo que se plasm\u00f3 en sus resultados, ya que han quedado muy bien posicionados en los rankings finales.<\/p>\n<p><a href=\"http:\/\/labestiadeportiva.com\/lbd\/wp-content\/uploads\/2018\/08\/IMG-20180805-WA0018.jpg\"><img loading=\"lazy\" class=\"aligncenter size-medium wp-image-29043\" src=\"http:\/\/labestiadeportiva.com\/lbd\/wp-content\/uploads\/2018\/08\/IMG-20180805-WA0018-300x225.jpg\" alt=\"IMG-20180805-WA0018\" width=\"300\" height=\"225\" srcset=\"http:\/\/labestiadeportiva.com\/lbd\/wp-content\/uploads\/2018\/08\/IMG-20180805-WA0018-300x225.jpg 300w, http:\/\/labestiadeportiva.com\/lbd\/wp-content\/uploads\/2018\/08\/IMG-20180805-WA0018-1024x768.jpg 1024w, http:\/\/labestiadeportiva.com\/lbd\/wp-content\/uploads\/2018\/08\/IMG-20180805-WA0018.jpg 1280w\" sizes=\"(max-width: 300px) 100vw, 300px\" \/><\/a>Al mando del entrenador Felipe Barberis, quien supo darles las indicaciones y directivas correctas en todo momento, los j\u00f3venes pudieron disfrutar en todo momento de los dos eventos y vuelven a Ushuaia con dos medallas, ya que Azul Ch\u00e1vez logr\u00f3 un 3\u00b0 puesto el primer d\u00eda, y u \u00a02\u00b0 lugar en la segunda jornada.<\/p>\n<p>Ahora la delegaci\u00f3n emprender\u00e1 su regreso, para continuar entrenando con miras al Campeonato Fueguino y los Juegos Argentinos de Invierno.<\/p>\n<p>Facundo Mendolia y Enzo Mair partir\u00e1n desde tierra chilena hacia Nueva Zelanda donde participar\u00e1n de una fecha del Campeonato de Ocean\u00eda como puesta a punto final para el Mundial Junior de Snowboard para el cual fueron convocados por el equipo nacional.<\/p>\n<p><a href=\"http:\/\/labestiadeportiva.com\/lbd\/wp-content\/uploads\/2018\/08\/20180805_210823.jpg\"><img loading=\"lazy\" class=\"aligncenter size-medium wp-image-29044\" src=\"http:\/\/labestiadeportiva.com\/lbd\/wp-content\/uploads\/2018\/08\/20180805_210823-300x275.jpg\" alt=\"20180805_210823\" width=\"300\" height=\"275\" srcset=\"http:\/\/labestiadeportiva.com\/lbd\/wp-content\/uploads\/2018\/08\/20180805_210823-300x275.jpg 300w, http:\/\/labestiadeportiva.com\/lbd\/wp-content\/uploads\/2018\/08\/20180805_210823.jpg 774w\" sizes=\"(max-width: 300px) 100vw, 300px\" \/><\/a><\/p>\n<div class='epvc-post-count'><span class='epvc-eye'><\/span>  <span class=\"epvc-count\"> 2.651<\/span><span class='epvc-label'> veces le\u00edda<\/span><\/div>\n<div class=\"jwsharethis\">\nShare this: \n<br \/>\n<a href=\"mailto:?subject=El%20CAU%20vol%C3%B3%20alto%20en%20La%20Parva&amp;body=http%3A%2F%2Flabestiadeportiva.com%2Flbd%2Fel-cau-volo-alto-en-la-parva%2F\">\n<img src=\"http:\/\/labestiadeportiva.com\/lbd\/wp-content\/plugins\/jw-share-this\/email.png\" alt=\"Share this page via Email\" \/>\n<\/a>\n<a target=\"_blank\" href=\"http:\/\/www.stumbleupon.com\/submit?url=http%3A%2F%2Flabestiadeportiva.com%2Flbd%2Fel-cau-volo-alto-en-la-parva%2F&amp;title=El+CAU+vol%C3%B3+alto+en+La+Parva\">\n<img src=\"http:\/\/labestiadeportiva.com\/lbd\/wp-content\/plugins\/jw-share-this\/su.png\" alt=\"Share this page via Stumble Upon\" \/>\n<\/a>\n<a target=\"_blank\" href=\"http:\/\/digg.com\/submit?url=http%3A%2F%2Flabestiadeportiva.com%2Flbd%2Fel-cau-volo-alto-en-la-parva%2F&amp;title=El+CAU+vol%C3%B3+alto+en+La+Parva\">\n<img src=\"http:\/\/labestiadeportiva.com\/lbd\/wp-content\/plugins\/jw-share-this\/digg.png\" alt=\"Share this page via Digg this\" \/>\n<\/a>\n<a target=\"_blank\" href=\"http:\/\/www.facebook.com\/sharer.php?u=http%3A%2F%2Flabestiadeportiva.com%2Flbd%2Fel-cau-volo-alto-en-la-parva%2F&amp;t=El+CAU+vol%C3%B3+alto+en+La+Parva\">\n<img src=\"http:\/\/labestiadeportiva.com\/lbd\/wp-content\/plugins\/jw-share-this\/fb.png\" alt=\"Share this page via Facebook\" \/>\n<\/a>\n<a target=\"_blank\" href=\"http:\/\/twitter.com\/intent\/tweet?text=I+like+http%3A%2F%2Flabestiadeportiva.com%2Flbd%2Fel-cau-volo-alto-en-la-parva%2F&amp;title=El+CAU+vol%C3%B3+alto+en+La+Parva\">\n<img src=\"http:\/\/labestiadeportiva.com\/lbd\/wp-content\/plugins\/jw-share-this\/twitter.png\" alt=\"Share this page via Twitter\" \/>\n<\/a>\n<\/div>\n","protected":false},"excerpt":{"rendered":"<p>Por Diego Linares (Snowboard para LBD desde la Regi\u00f3n Metropolitana, Chile) El pasado jueves 2 de Agosto el equipo de Snowboard de competici\u00f3n, conformado por Azul Ch\u00e1vez, Facundo Mendolia, Facundo Pardo, Valent\u00edn Alonso, Valent\u00edn Moreno, Dante Vera, Joaco Rodr\u00edguez y Enzo Mair, emprendieron su primera gira deportiva rumbo a La Parva Chile donde participaron de &hellip; <a href=\"http:\/\/labestiadeportiva.com\/lbd\/el-cau-volo-alto-en-la-parva\/\" class=\"more-link\">Seguir leyendo <span class=\"screen-reader-text\">El CAU vol\u00f3 alto en La Parva<\/span> <span class=\"meta-nav\">&rarr;<\/span><\/a><\/p>\n","protected":false},"author":1,"featured_media":29042,"comment_status":"open","ping_status":"open","sticky":false,"template":"","format":"standard","meta":[],"categories":[5,4,6,41,1,2300],"tags":[42,842,3659,83,358],"_links":{"self":[{"href":"http:\/\/labestiadeportiva.com\/lbd\/wp-json\/wp\/v2\/posts\/29041"}],"collection":[{"href":"http:\/\/labestiadeportiva.com\/lbd\/wp-json\/wp\/v2\/posts"}],"about":[{"href":"http:\/\/labestiadeportiva.com\/lbd\/wp-json\/wp\/v2\/types\/post"}],"author":[{"embeddable":true,"href":"http:\/\/labestiadeportiva.com\/lbd\/wp-json\/wp\/v2\/users\/1"}],"replies":[{"embeddable":true,"href":"http:\/\/labestiadeportiva.com\/lbd\/wp-json\/wp\/v2\/comments?post=29041"}],"version-history":[{"count":1,"href":"http:\/\/labestiadeportiva.com\/lbd\/wp-json\/wp\/v2\/posts\/29041\/revisions"}],"predecessor-version":[{"id":29045,"href":"http:\/\/labestiadeportiva.com\/lbd\/wp-json\/wp\/v2\/posts\/29041\/revisions\/29045"}],"wp:featuredmedia":[{"embeddable":true,"href":"http:\/\/labestiadeportiva.com\/lbd\/wp-json\/wp\/v2\/media\/29042"}],"wp:attachment":[{"href":"http:\/\/labestiadeportiva.com\/lbd\/wp-json\/wp\/v2\/media?parent=29041"}],"wp:term":[{"taxonomy":"category","embeddable":true,"href":"http:\/\/labestiadeportiva.com\/lbd\/wp-json\/wp\/v2\/categories?post=29041"},{"taxonomy":"post_tag","embeddable":true,"href":"http:\/\/labestiadeportiva.com\/lbd\/wp-json\/wp\/v2\/tags?post=29041"}],"curies":[{"name":"wp","href":"https:\/\/api.w.org\/{rel}","templated":true}]}}