{"id":29134,"date":"2018-08-15T10:32:07","date_gmt":"2018-08-15T13:32:07","guid":{"rendered":"http:\/\/labestiadeportiva.com\/lbd\/?p=29134"},"modified":"2018-08-15T13:21:59","modified_gmt":"2018-08-15T16:21:59","slug":"rip-curl-grom-en-cerro-castor","status":"publish","type":"post","link":"http:\/\/labestiadeportiva.com\/lbd\/rip-curl-grom-en-cerro-castor\/","title":{"rendered":"Rip Curl Grom en Cerro Castor"},"content":{"rendered":"<p class=\"yiv5155661838MsoNormal\"><a href=\"http:\/\/labestiadeportiva.com\/lbd\/wp-content\/uploads\/2018\/08\/IMG_4634.jpg\"><img loading=\"lazy\" class=\"aligncenter size-medium wp-image-29135\" src=\"http:\/\/labestiadeportiva.com\/lbd\/wp-content\/uploads\/2018\/08\/IMG_4634-300x200.jpg\" alt=\"IMG_4634\" width=\"300\" height=\"200\" srcset=\"http:\/\/labestiadeportiva.com\/lbd\/wp-content\/uploads\/2018\/08\/IMG_4634-300x200.jpg 300w, http:\/\/labestiadeportiva.com\/lbd\/wp-content\/uploads\/2018\/08\/IMG_4634-1024x683.jpg 1024w\" sizes=\"(max-width: 300px) 100vw, 300px\" \/><\/a>El s\u00e1bado en el Castor Park del Centro Invernal se realiz\u00f3 la competencia m\u00e1s esperada de la temporada. Fue orientada a snowboarders y esquiadores de 8 a 16 a\u00f1os de edad. en el Castor Park. La competencia se dividi\u00f3 en 3 segmentos: Minis, Kids y Groms. Fuente y fotos prensa Cerro Castor.<!--more--><\/p>\n<p class=\"yiv5155661838MsoNormal\">\u00a0La competencia ofrece la oportunidad de demostrar su talento a cada participante con un ambiente totalmente relajado y entretenido.<\/p>\n<p class=\"yiv5155661838MsoNormal\">El Castor Park reune todas las caracter\u00edsticas y prestaciones de un evento profesional: saltos, m\u00f3dulos, obst\u00e1culos y adrenalina.<\/p>\n<p class=\"yiv5155661838MsoNormal\"><a href=\"http:\/\/labestiadeportiva.com\/lbd\/wp-content\/uploads\/2018\/08\/IMG_4516.jpg\"><img loading=\"lazy\" class=\"aligncenter size-medium wp-image-29136\" src=\"http:\/\/labestiadeportiva.com\/lbd\/wp-content\/uploads\/2018\/08\/IMG_4516-300x200.jpg\" alt=\"IMG_4516\" width=\"300\" height=\"200\" srcset=\"http:\/\/labestiadeportiva.com\/lbd\/wp-content\/uploads\/2018\/08\/IMG_4516-300x200.jpg 300w, http:\/\/labestiadeportiva.com\/lbd\/wp-content\/uploads\/2018\/08\/IMG_4516-1024x683.jpg 1024w\" sizes=\"(max-width: 300px) 100vw, 300px\" \/><\/a>Este evento busca, desde su primera edici\u00f3n, crear una atm\u00f3sfera positiva que incentive a las nuevas generaciones a ver al deporte como un estilo de vida, desarrollando la preservaci\u00f3n ambiental respetando a la monta\u00f1a y sus habitantes, manteniendo viva la esencia de Rip Curl.<b><i><span lang=\"ES-VE\">\u00a0<\/span><\/i><\/b><\/p>\n<p class=\"yiv5155661838MsoNormal\">Resultados<\/p>\n<p class=\"yiv5155661838MsoNormal\">Esqu\u00ed Alpino &#8211; ni\u00f1os<\/p>\n<p class=\"yiv5155661838MsoNormal\"><span style=\"text-decoration: underline;\">Categor\u00eda \u201cMinis\u201d<\/span><\/p>\n<p class=\"yiv5155661838MsoNormal\">1\u00b0 Mat\u00edas Ocampo<\/p>\n<p class=\"yiv5155661838MsoNormal\">2\u00b0 Valentino Cantero<\/p>\n<p class=\"yiv5155661838MsoNormal\">3\u00b0 Franco Cresta<\/p>\n<p class=\"yiv5155661838MsoNormal\"><span style=\"text-decoration: underline;\">Categor\u00eda \u201cKids\u201d<\/span><\/p>\n<p class=\"yiv5155661838MsoNormal\">1\u00b0 Unai Correa<\/p>\n<p class=\"yiv5155661838MsoNormal\">2\u00b0 Mart\u00edn Mengolini<\/p>\n<p class=\"yiv5155661838MsoNormal\">3\u00b0 Pablo Erlan<\/p>\n<p class=\"yiv5155661838MsoNormal\"><span style=\"text-decoration: underline;\">Categor\u00eda \u201cGrom\u201d<\/span><\/p>\n<p class=\"yiv5155661838MsoNormal\">1\u00b0 Joaqu\u00edn Ayerza<\/p>\n<p class=\"yiv5155661838MsoNormal\">2\u00b0 Lucas Gassmann<\/p>\n<p class=\"yiv5155661838MsoNormal\">3\u00b0 Valent\u00edn Funes<\/p>\n<p class=\"yiv5155661838MsoNormal\">Esqu\u00ed Alpino &#8211; Ni\u00f1as<\/p>\n<p class=\"yiv5155661838MsoNormal\"><span style=\"text-decoration: underline;\">Categor\u00eda \u201cMinis\u201d<\/span><\/p>\n<p class=\"yiv5155661838MsoNormal\">1\u00b0 M\u00eda Pereyra<\/p>\n<p class=\"yiv5155661838MsoNormal\">2\u00b0 Petra Vanecek<\/p>\n<p class=\"yiv5155661838MsoNormal\"><span style=\"text-decoration: underline;\">Categor\u00eda \u201cKids\u201d<\/span><\/p>\n<p class=\"yiv5155661838MsoNormal\">1\u00b0 Agustina Poklepovic<\/p>\n<p class=\"yiv5155661838MsoNormal\">2\u00b0 Julieta Rivero<\/p>\n<p class=\"yiv5155661838MsoNormal\">3\u00b0 \u00c1mbar Otzet | Francesca Basega<\/p>\n<p class=\"yiv5155661838MsoNormal\"><a href=\"http:\/\/labestiadeportiva.com\/lbd\/wp-content\/uploads\/2018\/08\/IMG_4679.jpg\"><img loading=\"lazy\" class=\"aligncenter size-medium wp-image-29137\" src=\"http:\/\/labestiadeportiva.com\/lbd\/wp-content\/uploads\/2018\/08\/IMG_4679-200x300.jpg\" alt=\"IMG_4679\" width=\"200\" height=\"300\" srcset=\"http:\/\/labestiadeportiva.com\/lbd\/wp-content\/uploads\/2018\/08\/IMG_4679-200x300.jpg 200w, http:\/\/labestiadeportiva.com\/lbd\/wp-content\/uploads\/2018\/08\/IMG_4679-683x1024.jpg 683w\" sizes=\"(max-width: 200px) 100vw, 200px\" \/><\/a>Snowboard \u00a0&#8211; ni\u00f1os<\/p>\n<p class=\"yiv5155661838MsoNormal\"><span style=\"text-decoration: underline;\">Categor\u00eda \u201cMinis\u201d<\/span><\/p>\n<p class=\"yiv5155661838MsoNormal\">1\u00b0 Vicente Barrozo<\/p>\n<p class=\"yiv5155661838MsoNormal\">2\u00b0 Mat\u00edas<\/p>\n<p class=\"yiv5155661838MsoNormal\"><span style=\"text-decoration: underline;\">Categor\u00eda \u201cKids\u201d<\/span><\/p>\n<p class=\"yiv5155661838MsoNormal\">1\u00b0 Ignacio Mart\u00edn<\/p>\n<p class=\"yiv5155661838MsoNormal\">2\u00b0 Mat\u00edas Wolfsteller<\/p>\n<p class=\"yiv5155661838MsoNormal\">3\u00b0 Valentino Calquin<\/p>\n<p class=\"yiv5155661838MsoNormal\"><span style=\"text-decoration: underline;\">Categor\u00eda \u201cGrom\u201d<\/span><\/p>\n<p class=\"yiv5155661838MsoNormal\">1\u00b0 Bautista Mazzone<\/p>\n<p class=\"yiv5155661838MsoNormal\">2\u00b0 Valentin Alonso<\/p>\n<p class=\"yiv5155661838MsoNormal\">3\u00b0 Mart\u00edn Annoni<\/p>\n<p class=\"yiv5155661838MsoNormal\"><b><i><span lang=\"ES-VE\">\u00a0<\/span><\/i><\/b>Snowboard &#8211; ni\u00f1as<\/p>\n<p class=\"yiv5155661838MsoNormal\"><span style=\"text-decoration: underline;\">Categor\u00eda \u201cMinis\u201d<\/span><\/p>\n<p class=\"yiv5155661838MsoNormal\">1\u00b0 Paloma Rodriguez<\/p>\n<p class=\"yiv5155661838MsoNormal\"><span style=\"text-decoration: underline;\">Categor\u00eda \u201cKids\u201d<\/span><\/p>\n<p class=\"yiv5155661838MsoNormal\">1\u00b0 Renata Mair<\/p>\n<p class=\"yiv5155661838MsoNormal\">2\u00b0 Malena Villafa\u00f1e<\/p>\n<p class=\"yiv5155661838MsoNormal\">3\u00b0 Milena Bonhevi<\/p>\n<p class=\"yiv5155661838MsoNormal\"><span style=\"text-decoration: underline;\">Categor\u00eda \u201cGrom\u201d<\/span><\/p>\n<p class=\"yiv5155661838MsoNormal\">1\u00b0 Giuliana Cebr\u00f3n<\/p>\n<p class=\"yiv5155661838MsoNormal\">2\u00b0 Azul Ch\u00e1vez<\/p>\n<p class=\"yiv5155661838MsoNormal\">3\u00b0 \u00c1mbar Tom\u00e1s<\/p>\n<p class=\"yiv5155661838MsoNormal\">Distinciones<\/p>\n<p class=\"yiv5155661838MsoNormal\">Mejor Truco: Bautista Mazone<\/p>\n<p class=\"yiv5155661838MsoNormal\">Mejor Truco: Unai Correa<\/p>\n<p class=\"yiv5155661838MsoNormal\">Revelaci\u00f3n: Agustina Poklepovic<\/p>\n<p class=\"yiv5155661838MsoNormal\">Revelaci\u00f3n: Renata Mair<\/p>\n<p class=\"yiv5155661838MsoNormal\"><a href=\"http:\/\/labestiadeportiva.com\/lbd\/wp-content\/uploads\/2018\/08\/IMG_4448.jpg\"><img loading=\"lazy\" class=\"aligncenter size-medium wp-image-29138\" src=\"http:\/\/labestiadeportiva.com\/lbd\/wp-content\/uploads\/2018\/08\/IMG_4448-300x200.jpg\" alt=\"IMG_4448\" width=\"300\" height=\"200\" srcset=\"http:\/\/labestiadeportiva.com\/lbd\/wp-content\/uploads\/2018\/08\/IMG_4448-300x200.jpg 300w, http:\/\/labestiadeportiva.com\/lbd\/wp-content\/uploads\/2018\/08\/IMG_4448-1024x682.jpg 1024w\" sizes=\"(max-width: 300px) 100vw, 300px\" \/><\/a><\/p>\n<p class=\"yiv5155661838MsoNormal\"><b><i><span lang=\"ES-VE\">\u00a0<\/span><\/i><\/b><\/p>\n<p class=\"yiv5155661838MsoNormal\"><b><i><span lang=\"ES-VE\">\u00a0<\/span><\/i><\/b><\/p>\n<p class=\"yiv5155661838MsoNormal\"><b><i><span lang=\"ES-VE\">\u00a0<\/span><\/i><\/b><\/p>\n<p class=\"yiv5155661838MsoNormal\"><b><i><span lang=\"ES-VE\">\u00a0<\/span><\/i><\/b><\/p>\n<div class='epvc-post-count'><span class='epvc-eye'><\/span>  <span class=\"epvc-count\"> 1.380<\/span><span class='epvc-label'> veces le\u00edda<\/span><\/div>\n<div class=\"jwsharethis\">\nShare this: \n<br \/>\n<a href=\"mailto:?subject=Rip%20Curl%20Grom%20en%20Cerro%20Castor&amp;body=http%3A%2F%2Flabestiadeportiva.com%2Flbd%2Frip-curl-grom-en-cerro-castor%2F\">\n<img src=\"http:\/\/labestiadeportiva.com\/lbd\/wp-content\/plugins\/jw-share-this\/email.png\" alt=\"Share this page via Email\" \/>\n<\/a>\n<a target=\"_blank\" href=\"http:\/\/www.stumbleupon.com\/submit?url=http%3A%2F%2Flabestiadeportiva.com%2Flbd%2Frip-curl-grom-en-cerro-castor%2F&amp;title=Rip+Curl+Grom+en+Cerro+Castor\">\n<img src=\"http:\/\/labestiadeportiva.com\/lbd\/wp-content\/plugins\/jw-share-this\/su.png\" alt=\"Share this page via Stumble Upon\" \/>\n<\/a>\n<a target=\"_blank\" href=\"http:\/\/digg.com\/submit?url=http%3A%2F%2Flabestiadeportiva.com%2Flbd%2Frip-curl-grom-en-cerro-castor%2F&amp;title=Rip+Curl+Grom+en+Cerro+Castor\">\n<img src=\"http:\/\/labestiadeportiva.com\/lbd\/wp-content\/plugins\/jw-share-this\/digg.png\" alt=\"Share this page via Digg this\" \/>\n<\/a>\n<a target=\"_blank\" href=\"http:\/\/www.facebook.com\/sharer.php?u=http%3A%2F%2Flabestiadeportiva.com%2Flbd%2Frip-curl-grom-en-cerro-castor%2F&amp;t=Rip+Curl+Grom+en+Cerro+Castor\">\n<img src=\"http:\/\/labestiadeportiva.com\/lbd\/wp-content\/plugins\/jw-share-this\/fb.png\" alt=\"Share this page via Facebook\" \/>\n<\/a>\n<a target=\"_blank\" href=\"http:\/\/twitter.com\/intent\/tweet?text=I+like+http%3A%2F%2Flabestiadeportiva.com%2Flbd%2Frip-curl-grom-en-cerro-castor%2F&amp;title=Rip+Curl+Grom+en+Cerro+Castor\">\n<img src=\"http:\/\/labestiadeportiva.com\/lbd\/wp-content\/plugins\/jw-share-this\/twitter.png\" alt=\"Share this page via Twitter\" \/>\n<\/a>\n<\/div>\n","protected":false},"excerpt":{"rendered":"<p>El s\u00e1bado en el Castor Park del Centro Invernal se realiz\u00f3 la competencia m\u00e1s esperada de la temporada. Fue orientada a snowboarders y esquiadores de 8 a 16 a\u00f1os de edad. en el Castor Park. La competencia se dividi\u00f3 en 3 segmentos: Minis, Kids y Groms. Fuente y fotos prensa Cerro Castor. 1.380 veces le\u00edda &hellip; <a href=\"http:\/\/labestiadeportiva.com\/lbd\/rip-curl-grom-en-cerro-castor\/\" class=\"more-link\">Seguir leyendo <span class=\"screen-reader-text\">Rip Curl Grom en Cerro Castor<\/span> <span class=\"meta-nav\">&rarr;<\/span><\/a><\/p>\n","protected":false},"author":1,"featured_media":29135,"comment_status":"open","ping_status":"open","sticky":false,"template":"","format":"standard","meta":[],"categories":[5,41,1,2317],"tags":[2350,3660,358],"_links":{"self":[{"href":"http:\/\/labestiadeportiva.com\/lbd\/wp-json\/wp\/v2\/posts\/29134"}],"collection":[{"href":"http:\/\/labestiadeportiva.com\/lbd\/wp-json\/wp\/v2\/posts"}],"about":[{"href":"http:\/\/labestiadeportiva.com\/lbd\/wp-json\/wp\/v2\/types\/post"}],"author":[{"embeddable":true,"href":"http:\/\/labestiadeportiva.com\/lbd\/wp-json\/wp\/v2\/users\/1"}],"replies":[{"embeddable":true,"href":"http:\/\/labestiadeportiva.com\/lbd\/wp-json\/wp\/v2\/comments?post=29134"}],"version-history":[{"count":2,"href":"http:\/\/labestiadeportiva.com\/lbd\/wp-json\/wp\/v2\/posts\/29134\/revisions"}],"predecessor-version":[{"id":29140,"href":"http:\/\/labestiadeportiva.com\/lbd\/wp-json\/wp\/v2\/posts\/29134\/revisions\/29140"}],"wp:featuredmedia":[{"embeddable":true,"href":"http:\/\/labestiadeportiva.com\/lbd\/wp-json\/wp\/v2\/media\/29135"}],"wp:attachment":[{"href":"http:\/\/labestiadeportiva.com\/lbd\/wp-json\/wp\/v2\/media?parent=29134"}],"wp:term":[{"taxonomy":"category","embeddable":true,"href":"http:\/\/labestiadeportiva.com\/lbd\/wp-json\/wp\/v2\/categories?post=29134"},{"taxonomy":"post_tag","embeddable":true,"href":"http:\/\/labestiadeportiva.com\/lbd\/wp-json\/wp\/v2\/tags?post=29134"}],"curies":[{"name":"wp","href":"https:\/\/api.w.org\/{rel}","templated":true}]}}