{"id":29198,"date":"2018-08-23T01:14:39","date_gmt":"2018-08-23T04:14:39","guid":{"rendered":"http:\/\/labestiadeportiva.com\/lbd\/?p=29198"},"modified":"2018-08-23T11:54:36","modified_gmt":"2018-08-23T14:54:36","slug":"el-regreso-del-open","status":"publish","type":"post","link":"http:\/\/labestiadeportiva.com\/lbd\/el-regreso-del-open\/","title":{"rendered":"El regreso del Open"},"content":{"rendered":"<p><a href=\"http:\/\/labestiadeportiva.com\/lbd\/wp-content\/uploads\/2018\/08\/20180822_215459.jpg\"><img loading=\"lazy\" class=\"aligncenter size-medium wp-image-29201\" src=\"http:\/\/labestiadeportiva.com\/lbd\/wp-content\/uploads\/2018\/08\/20180822_215459-300x211.jpg\" alt=\"20180822_215459\" width=\"300\" height=\"211\" srcset=\"http:\/\/labestiadeportiva.com\/lbd\/wp-content\/uploads\/2018\/08\/20180822_215459-300x211.jpg 300w, http:\/\/labestiadeportiva.com\/lbd\/wp-content\/uploads\/2018\/08\/20180822_215459.jpg 479w\" sizes=\"(max-width: 300px) 100vw, 300px\" \/><\/a>El fin de semana en instalaciones de Cerro Castor se desarroll\u00f3 el Campeonato Fueguino de Snowboard. M\u00e1s de 30 participantes de entre 6 a 30 a\u00f1os de edad. La competencia, que a\u00f1os atr\u00e1s fue el disparador del snowboard competitivo, retorn\u00f3 a lo grande.<!--more--><\/p>\n<p><a href=\"http:\/\/labestiadeportiva.com\/lbd\/wp-content\/uploads\/2018\/08\/Fueguino.jpg\"><img loading=\"lazy\" class=\"aligncenter size-medium wp-image-29211\" src=\"http:\/\/labestiadeportiva.com\/lbd\/wp-content\/uploads\/2018\/08\/Fueguino-300x169.jpg\" alt=\"Fueguino\" width=\"300\" height=\"169\" srcset=\"http:\/\/labestiadeportiva.com\/lbd\/wp-content\/uploads\/2018\/08\/Fueguino-300x169.jpg 300w, http:\/\/labestiadeportiva.com\/lbd\/wp-content\/uploads\/2018\/08\/Fueguino-1024x576.jpg 1024w, http:\/\/labestiadeportiva.com\/lbd\/wp-content\/uploads\/2018\/08\/Fueguino.jpg 1366w\" sizes=\"(max-width: 300px) 100vw, 300px\" \/><\/a>El Open vuelve a tomar relevancia con el mismo fin, buscar incentivar las aptitudes y destrezas de competici\u00f3n a los chicos que ven en el Snowboard una manera de proyectarse deportivamente.<\/p>\n<p>El s\u00e1bado en la pista de Castor Cross se realiz\u00f3 el SBX, la disciplina de velocidad, en la que los j\u00f3venes compiten en bater\u00edas de 4.<\/p>\n<p>Se van eliminando pasada por pasada hasta llegar a la final, donde pudieron verse cosas muy interesantes.<\/p>\n<p>Gran motivaci\u00f3n de los participantes, los chicos se lo pasaron muy bien divirti\u00e9ndose mucho.<\/p>\n<p><a href=\"http:\/\/labestiadeportiva.com\/lbd\/wp-content\/uploads\/2018\/08\/20180822_215423.jpg\"><img loading=\"lazy\" class=\"aligncenter size-medium wp-image-29202\" src=\"http:\/\/labestiadeportiva.com\/lbd\/wp-content\/uploads\/2018\/08\/20180822_215423-278x300.jpg\" alt=\"20180822_215423\" width=\"278\" height=\"300\" srcset=\"http:\/\/labestiadeportiva.com\/lbd\/wp-content\/uploads\/2018\/08\/20180822_215423-278x300.jpg 278w, http:\/\/labestiadeportiva.com\/lbd\/wp-content\/uploads\/2018\/08\/20180822_215423.jpg 388w\" sizes=\"(max-width: 278px) 100vw, 278px\" \/><\/a>Ya el domingo fue el momento del slopestyle, la disciplina del freestyle, en el Castor Park.<\/p>\n<p>All\u00ed los ridets desplegaron sus habilidades, mostrando trucos a\u00e9reos y de cajones y barandas m\u00e1s que interesantes.<\/p>\n<p>Es importante destacar la presencia del segmento infantil, siendo protagonistas en los dos d\u00edas de acci\u00f3n.<\/p>\n<p>Sus primeros pasos en la infraestructura y el entorno que la competici\u00f3n propone, es crucial para su sostenido desarrollo.<\/p>\n<p><a href=\"http:\/\/labestiadeportiva.com\/lbd\/wp-content\/uploads\/2018\/08\/20180822_215644.jpg\"><img loading=\"lazy\" class=\"aligncenter size-medium wp-image-29203\" src=\"http:\/\/labestiadeportiva.com\/lbd\/wp-content\/uploads\/2018\/08\/20180822_215644-300x205.jpg\" alt=\"20180822_215644\" width=\"300\" height=\"205\" srcset=\"http:\/\/labestiadeportiva.com\/lbd\/wp-content\/uploads\/2018\/08\/20180822_215644-300x205.jpg 300w, http:\/\/labestiadeportiva.com\/lbd\/wp-content\/uploads\/2018\/08\/20180822_215644.jpg 643w\" sizes=\"(max-width: 300px) 100vw, 300px\" \/><\/a>Desde ahora y hasta el 18 de septiembre el foco deportivo estar\u00e1 centrado en entrenar para los Juegos Argentinos de Invierno donde participar\u00e1n los chicos enrolados en edad FIS.<\/p>\n<p>A la hora de los agradecimientos Cerro Castor aparece como uno de los principales quien desde un principio apoyo la iniciativa de este evento y puso a disposici\u00f3n todos sus recursos log\u00edsticos y humanos para que sea una realidad.<\/p>\n<p>A los pisteros que siempre velan por la seguridad de los chicos del park que recibieron a los participantes con unas \u00a0instalaciones ideales.<\/p>\n<p><a href=\"http:\/\/labestiadeportiva.com\/lbd\/wp-content\/uploads\/2018\/08\/20180822_215730.jpg\"><img loading=\"lazy\" class=\"aligncenter size-medium wp-image-29206\" src=\"http:\/\/labestiadeportiva.com\/lbd\/wp-content\/uploads\/2018\/08\/20180822_215730-239x300.jpg\" alt=\"20180822_215730\" width=\"239\" height=\"300\" srcset=\"http:\/\/labestiadeportiva.com\/lbd\/wp-content\/uploads\/2018\/08\/20180822_215730-239x300.jpg 239w, http:\/\/labestiadeportiva.com\/lbd\/wp-content\/uploads\/2018\/08\/20180822_215730.jpg 382w\" sizes=\"(max-width: 239px) 100vw, 239px\" \/><\/a>Al maquinista \u00abFede\u00bb Rule, con quien se construy\u00f3 el circuito de SBX en forma increible.<\/p>\n<p>Finalmente la menci\u00f3n a Popper Store por los presentes como as\u00ed tambi\u00e9n a Tante Sara quien dio una importante mano para cubrir los costos del evento.<\/p>\n<p><a href=\"http:\/\/labestiadeportiva.com\/lbd\/wp-content\/uploads\/2018\/08\/IMG-20180822-WA0044.jpg\"><img loading=\"lazy\" class=\"aligncenter size-medium wp-image-29207\" src=\"http:\/\/labestiadeportiva.com\/lbd\/wp-content\/uploads\/2018\/08\/IMG-20180822-WA0044-180x300.jpg\" alt=\"IMG-20180822-WA0044\" width=\"180\" height=\"300\" srcset=\"http:\/\/labestiadeportiva.com\/lbd\/wp-content\/uploads\/2018\/08\/IMG-20180822-WA0044-180x300.jpg 180w, http:\/\/labestiadeportiva.com\/lbd\/wp-content\/uploads\/2018\/08\/IMG-20180822-WA0044.jpg 485w\" sizes=\"(max-width: 180px) 100vw, 180px\" \/><\/a><\/p>\n<p>&nbsp;<\/p>\n<p><a href=\"http:\/\/labestiadeportiva.com\/lbd\/wp-content\/uploads\/2018\/08\/IMG-20180822-WA0042.jpg\"><img loading=\"lazy\" class=\"aligncenter size-medium wp-image-29208\" src=\"http:\/\/labestiadeportiva.com\/lbd\/wp-content\/uploads\/2018\/08\/IMG-20180822-WA0042-263x300.jpg\" alt=\"IMG-20180822-WA0042\" width=\"263\" height=\"300\" srcset=\"http:\/\/labestiadeportiva.com\/lbd\/wp-content\/uploads\/2018\/08\/IMG-20180822-WA0042-263x300.jpg 263w, http:\/\/labestiadeportiva.com\/lbd\/wp-content\/uploads\/2018\/08\/IMG-20180822-WA0042.jpg 896w\" sizes=\"(max-width: 263px) 100vw, 263px\" \/><\/a><\/p>\n<div class='epvc-post-count'><span class='epvc-eye'><\/span>  <span class=\"epvc-count\"> 1.190<\/span><span class='epvc-label'> veces le\u00edda<\/span><\/div>\n<div class=\"jwsharethis\">\nShare this: \n<br \/>\n<a href=\"mailto:?subject=El%20regreso%20del%20Open&amp;body=http%3A%2F%2Flabestiadeportiva.com%2Flbd%2Fel-regreso-del-open%2F\">\n<img src=\"http:\/\/labestiadeportiva.com\/lbd\/wp-content\/plugins\/jw-share-this\/email.png\" alt=\"Share this page via Email\" \/>\n<\/a>\n<a target=\"_blank\" href=\"http:\/\/www.stumbleupon.com\/submit?url=http%3A%2F%2Flabestiadeportiva.com%2Flbd%2Fel-regreso-del-open%2F&amp;title=El+regreso+del+Open\">\n<img src=\"http:\/\/labestiadeportiva.com\/lbd\/wp-content\/plugins\/jw-share-this\/su.png\" alt=\"Share this page via Stumble Upon\" \/>\n<\/a>\n<a target=\"_blank\" href=\"http:\/\/digg.com\/submit?url=http%3A%2F%2Flabestiadeportiva.com%2Flbd%2Fel-regreso-del-open%2F&amp;title=El+regreso+del+Open\">\n<img src=\"http:\/\/labestiadeportiva.com\/lbd\/wp-content\/plugins\/jw-share-this\/digg.png\" alt=\"Share this page via Digg this\" \/>\n<\/a>\n<a target=\"_blank\" href=\"http:\/\/www.facebook.com\/sharer.php?u=http%3A%2F%2Flabestiadeportiva.com%2Flbd%2Fel-regreso-del-open%2F&amp;t=El+regreso+del+Open\">\n<img src=\"http:\/\/labestiadeportiva.com\/lbd\/wp-content\/plugins\/jw-share-this\/fb.png\" alt=\"Share this page via Facebook\" \/>\n<\/a>\n<a target=\"_blank\" href=\"http:\/\/twitter.com\/intent\/tweet?text=I+like+http%3A%2F%2Flabestiadeportiva.com%2Flbd%2Fel-regreso-del-open%2F&amp;title=El+regreso+del+Open\">\n<img src=\"http:\/\/labestiadeportiva.com\/lbd\/wp-content\/plugins\/jw-share-this\/twitter.png\" alt=\"Share this page via Twitter\" \/>\n<\/a>\n<\/div>\n","protected":false},"excerpt":{"rendered":"<p>El fin de semana en instalaciones de Cerro Castor se desarroll\u00f3 el Campeonato Fueguino de Snowboard. M\u00e1s de 30 participantes de entre 6 a 30 a\u00f1os de edad. La competencia, que a\u00f1os atr\u00e1s fue el disparador del snowboard competitivo, retorn\u00f3 a lo grande. 1.190 veces le\u00edda Share this:<\/p>\n","protected":false},"author":1,"featured_media":29211,"comment_status":"open","ping_status":"open","sticky":false,"template":"","format":"standard","meta":[],"categories":[5,1,2300],"tags":[42,3660,1181,358],"_links":{"self":[{"href":"http:\/\/labestiadeportiva.com\/lbd\/wp-json\/wp\/v2\/posts\/29198"}],"collection":[{"href":"http:\/\/labestiadeportiva.com\/lbd\/wp-json\/wp\/v2\/posts"}],"about":[{"href":"http:\/\/labestiadeportiva.com\/lbd\/wp-json\/wp\/v2\/types\/post"}],"author":[{"embeddable":true,"href":"http:\/\/labestiadeportiva.com\/lbd\/wp-json\/wp\/v2\/users\/1"}],"replies":[{"embeddable":true,"href":"http:\/\/labestiadeportiva.com\/lbd\/wp-json\/wp\/v2\/comments?post=29198"}],"version-history":[{"count":4,"href":"http:\/\/labestiadeportiva.com\/lbd\/wp-json\/wp\/v2\/posts\/29198\/revisions"}],"predecessor-version":[{"id":29213,"href":"http:\/\/labestiadeportiva.com\/lbd\/wp-json\/wp\/v2\/posts\/29198\/revisions\/29213"}],"wp:featuredmedia":[{"embeddable":true,"href":"http:\/\/labestiadeportiva.com\/lbd\/wp-json\/wp\/v2\/media\/29211"}],"wp:attachment":[{"href":"http:\/\/labestiadeportiva.com\/lbd\/wp-json\/wp\/v2\/media?parent=29198"}],"wp:term":[{"taxonomy":"category","embeddable":true,"href":"http:\/\/labestiadeportiva.com\/lbd\/wp-json\/wp\/v2\/categories?post=29198"},{"taxonomy":"post_tag","embeddable":true,"href":"http:\/\/labestiadeportiva.com\/lbd\/wp-json\/wp\/v2\/tags?post=29198"}],"curies":[{"name":"wp","href":"https:\/\/api.w.org\/{rel}","templated":true}]}}