{"id":2984,"date":"2013-02-15T14:12:21","date_gmt":"2013-02-15T14:12:21","guid":{"rendered":"http:\/\/labestiadeportiva.com\/lbd\/?p=2984"},"modified":"2013-02-15T14:12:21","modified_gmt":"2013-02-15T14:12:21","slug":"bazan-se-alejo-de-galicia","status":"publish","type":"post","link":"http:\/\/labestiadeportiva.com\/lbd\/bazan-se-alejo-de-galicia\/","title":{"rendered":"Baz\u00e1n se alej\u00f3 de Galicia"},"content":{"rendered":"<p><a href=\"http:\/\/labestiadeportiva.com\/lbd\/wp-content\/uploads\/2013\/02\/MG_1158.jpg\"><img loading=\"lazy\" class=\"alignleft size-medium wp-image-2985\" title=\"_MG_1158\" src=\"http:\/\/labestiadeportiva.com\/lbd\/wp-content\/uploads\/2013\/02\/MG_1158-300x270.jpg\" alt=\"\" width=\"300\" height=\"270\" srcset=\"http:\/\/labestiadeportiva.com\/lbd\/wp-content\/uploads\/2013\/02\/MG_1158-300x270.jpg 300w, http:\/\/labestiadeportiva.com\/lbd\/wp-content\/uploads\/2013\/02\/MG_1158.jpg 532w\" sizes=\"(max-width: 300px) 100vw, 300px\" \/><\/a>La noticia se confirm\u00f3 en las \u00faltimas horas. El t\u00e9cnico consensu\u00f3 su salida con la dirigencia gallega. Al frente del plantel qued\u00f3 Marcelo Gonz\u00e1lez quien junto a varios referentes del club ser\u00e1n los responsables del armado del equipo en las tres fechas restantes para concluir la primera fase de la competencia federal.<!--morePara leer Click Aqu\u00ed--><\/p>\n<p>Desde el comienzo de la semana comenz\u00f3 a circular el rumor de la posibilidad que Daniel Baz\u00e1n no continuara frente al plantel de Centro Galicia.<\/p>\n<p>La magra cosecha de un punto sobre nueve aceler\u00f3 las cosas, si a esto hay que sumarle la goleada ante Real Madrid en condici\u00f3n de local todo se transform\u00f3 en un secreto a gritos.<\/p>\n<p>Los feriados de lunes y martes confundieron un poco aunque a partir del mi\u00e9rcoles la novedad comenz\u00f3 a cristalizarse.<\/p>\n<p>Desde LBD al promediar la semana comenzamos a consultar y solo cosech\u00e1bamos dudas, hasta el propio entrenador nos dijo: <span style=\"color: #0000ff;\">\u201cEs dif\u00edcil que siga, prefiero que en la segunda rueda los muchachos no tengan la presi\u00f3n de mi presencia\u201d<\/span><\/p>\n<p>Por el otro lado los dirigentes repet\u00edan al un\u00edsono: <span style=\"color: #0000ff;\">\u201cCon nosotros no hablo, nos gustar\u00eda que siga.\u201d<\/span><\/p>\n<p>Finalmente la cosa no dio para m\u00e1s y a partir del mi\u00e9rcoles los entrenamientos fueron conducidos por Marcelo Gonz\u00e1lez, actual presidente de la Liga Ushuaiense y quien dirige el equipo en el torneo local.<\/p>\n<p>Solo resta saber quien estar\u00e1 el domingo en el banco ante Los Cuervos FDM pues cabe recordar que uno de los motivos de la llegada de Baz\u00e1n fue la incompatibilidad de Gonz\u00e1lez para ocupar ambos cargos.<\/p>\n<p>No es descabellado pensar que en la banca de relevos podr\u00edan estar Oscar \u201cCondor\u201d Isorna junto a otro de los hist\u00f3ricos de la instituci\u00f3n Claudio Arroyo.<\/p>\n<p>&nbsp;<\/p>\n<div class='epvc-post-count'><span class='epvc-eye'><\/span>  <span class=\"epvc-count\"> 1.240<\/span><span class='epvc-label'> veces le\u00edda<\/span><\/div>\n<div class=\"jwsharethis\">\nShare this: \n<br \/>\n<a href=\"mailto:?subject=Baz%C3%A1n%20se%20alej%C3%B3%20de%20Galicia&amp;body=http%3A%2F%2Flabestiadeportiva.com%2Flbd%2Fbazan-se-alejo-de-galicia%2F\">\n<img src=\"http:\/\/labestiadeportiva.com\/lbd\/wp-content\/plugins\/jw-share-this\/email.png\" alt=\"Share this page via Email\" \/>\n<\/a>\n<a target=\"_blank\" href=\"http:\/\/www.stumbleupon.com\/submit?url=http%3A%2F%2Flabestiadeportiva.com%2Flbd%2Fbazan-se-alejo-de-galicia%2F&amp;title=Baz%C3%A1n+se+alej%C3%B3+de+Galicia\">\n<img src=\"http:\/\/labestiadeportiva.com\/lbd\/wp-content\/plugins\/jw-share-this\/su.png\" alt=\"Share this page via Stumble Upon\" \/>\n<\/a>\n<a target=\"_blank\" href=\"http:\/\/digg.com\/submit?url=http%3A%2F%2Flabestiadeportiva.com%2Flbd%2Fbazan-se-alejo-de-galicia%2F&amp;title=Baz%C3%A1n+se+alej%C3%B3+de+Galicia\">\n<img src=\"http:\/\/labestiadeportiva.com\/lbd\/wp-content\/plugins\/jw-share-this\/digg.png\" alt=\"Share this page via Digg this\" \/>\n<\/a>\n<a target=\"_blank\" href=\"http:\/\/www.facebook.com\/sharer.php?u=http%3A%2F%2Flabestiadeportiva.com%2Flbd%2Fbazan-se-alejo-de-galicia%2F&amp;t=Baz%C3%A1n+se+alej%C3%B3+de+Galicia\">\n<img src=\"http:\/\/labestiadeportiva.com\/lbd\/wp-content\/plugins\/jw-share-this\/fb.png\" alt=\"Share this page via Facebook\" \/>\n<\/a>\n<a target=\"_blank\" href=\"http:\/\/twitter.com\/intent\/tweet?text=I+like+http%3A%2F%2Flabestiadeportiva.com%2Flbd%2Fbazan-se-alejo-de-galicia%2F&amp;title=Baz%C3%A1n+se+alej%C3%B3+de+Galicia\">\n<img src=\"http:\/\/labestiadeportiva.com\/lbd\/wp-content\/plugins\/jw-share-this\/twitter.png\" alt=\"Share this page via Twitter\" \/>\n<\/a>\n<\/div>\n","protected":false},"excerpt":{"rendered":"<p>La noticia se confirm\u00f3 en las \u00faltimas horas. El t\u00e9cnico consensu\u00f3 su salida con la dirigencia gallega. Al frente del plantel qued\u00f3 Marcelo Gonz\u00e1lez quien junto a varios referentes del club ser\u00e1n los responsables del armado del equipo en las tres fechas restantes para concluir la primera fase de la competencia federal. 1.240 veces le\u00edda &hellip; <a href=\"http:\/\/labestiadeportiva.com\/lbd\/bazan-se-alejo-de-galicia\/\" class=\"more-link\">Seguir leyendo <span class=\"screen-reader-text\">Baz\u00e1n se alej\u00f3 de Galicia<\/span> <span class=\"meta-nav\">&rarr;<\/span><\/a><\/p>\n","protected":false},"author":1,"featured_media":2985,"comment_status":"open","ping_status":"open","sticky":false,"template":"","format":"standard","meta":[],"categories":[5,6,1],"tags":[440,17,381,388],"_links":{"self":[{"href":"http:\/\/labestiadeportiva.com\/lbd\/wp-json\/wp\/v2\/posts\/2984"}],"collection":[{"href":"http:\/\/labestiadeportiva.com\/lbd\/wp-json\/wp\/v2\/posts"}],"about":[{"href":"http:\/\/labestiadeportiva.com\/lbd\/wp-json\/wp\/v2\/types\/post"}],"author":[{"embeddable":true,"href":"http:\/\/labestiadeportiva.com\/lbd\/wp-json\/wp\/v2\/users\/1"}],"replies":[{"embeddable":true,"href":"http:\/\/labestiadeportiva.com\/lbd\/wp-json\/wp\/v2\/comments?post=2984"}],"version-history":[{"count":1,"href":"http:\/\/labestiadeportiva.com\/lbd\/wp-json\/wp\/v2\/posts\/2984\/revisions"}],"predecessor-version":[{"id":2986,"href":"http:\/\/labestiadeportiva.com\/lbd\/wp-json\/wp\/v2\/posts\/2984\/revisions\/2986"}],"wp:featuredmedia":[{"embeddable":true,"href":"http:\/\/labestiadeportiva.com\/lbd\/wp-json\/wp\/v2\/media\/2985"}],"wp:attachment":[{"href":"http:\/\/labestiadeportiva.com\/lbd\/wp-json\/wp\/v2\/media?parent=2984"}],"wp:term":[{"taxonomy":"category","embeddable":true,"href":"http:\/\/labestiadeportiva.com\/lbd\/wp-json\/wp\/v2\/categories?post=2984"},{"taxonomy":"post_tag","embeddable":true,"href":"http:\/\/labestiadeportiva.com\/lbd\/wp-json\/wp\/v2\/tags?post=2984"}],"curies":[{"name":"wp","href":"https:\/\/api.w.org\/{rel}","templated":true}]}}