{"id":30300,"date":"2018-11-13T00:34:38","date_gmt":"2018-11-13T03:34:38","guid":{"rendered":"http:\/\/labestiadeportiva.com\/lbd\/?p=30300"},"modified":"2018-11-13T00:52:33","modified_gmt":"2018-11-13T03:52:33","slug":"triunfos-para-el-futbol-y-voley-femenino-en-el-debut","status":"publish","type":"post","link":"http:\/\/labestiadeportiva.com\/lbd\/triunfos-para-el-futbol-y-voley-femenino-en-el-debut\/","title":{"rendered":"Debut con triunfos para el f\u00fatbol y v\u00f3ley femenino"},"content":{"rendered":"<div id=\"yiv7322822040ydpc626b2acyiv2958581148yui_3_16_0_ym19_1_1542068623817_32710\">\n<p><a href=\"http:\/\/labestiadeportiva.com\/lbd\/wp-content\/uploads\/2018\/11\/IMG_9088.jpg\"><img loading=\"lazy\" class=\"aligncenter size-medium wp-image-30301\" src=\"http:\/\/labestiadeportiva.com\/lbd\/wp-content\/uploads\/2018\/11\/IMG_9088-300x250.jpg\" alt=\"IMG_9088\" width=\"300\" height=\"250\" srcset=\"http:\/\/labestiadeportiva.com\/lbd\/wp-content\/uploads\/2018\/11\/IMG_9088-300x250.jpg 300w, http:\/\/labestiadeportiva.com\/lbd\/wp-content\/uploads\/2018\/11\/IMG_9088.jpg 800w\" sizes=\"(max-width: 300px) 100vw, 300px\" \/><\/a>Comienzo esperanzador para las disciplinas de conjunto en la 27\u00b0 edici\u00f3n de los Binacionales que ya se juegan en la XII Reg\u00edon de Magallanes y Ant\u00e1rtica Chilena. El f\u00fatbol super\u00f3 a Ays\u00e9n por 3 a 1 mientras que las \u00abchicas\u00bb del v\u00f3ley lo hicieron categ\u00f3ricamente sobre Araucan\u00eda en sets corridos. Asimismo el atletismo sum\u00f3 un 4\u00b0 y 5\u00b0 puesto. Este martes la jornada inicial de la nataci\u00f3n y el judo. Las fotos son gentileza del colega y amigo Esteban \u00abChiquito Reyes\u00bb Parovel.<!--more--><\/p>\n<p>Una vez m\u00e1s los j\u00f3venes fueguinos se encuentran compitiendo en la cita m\u00e1s exigente del a\u00f1o. Punta Arenas y Puerto Natales albergan las disciplinas araucanas.<\/p>\n<p>Buen arranque para el f\u00fatbol fueguino. Los de \u00abFabri\u00bb Nacaratto comenzaron con el pie derecho al doblegar por 3 a 1 al siempre endeble conjunto de Ays\u00e9n. Los goleadores de TDF fueron de Toledo y Godoy por partida doble. Este martes la exigencia ser\u00e1 diferente, enfrente estar\u00e1 el fuerte B\u00edo B\u00edo desde las cinco de la tarde.<\/p>\n<p>Las \u00abLuchitas\u00bb (querido mote impuesto hace a\u00f1os por LBD) equipo de v\u00f3ley femenino conducido por el formador V\u00edctor Flores super\u00f3 3 a 0 a la Regi\u00f3n de Araucan\u00eda con parciales 25-12, 25-20 y 25-21. Las fueguinas tendr\u00e1n doble jornada este martes, Chubut y Magallanes a las 9 y 19 horas.<\/p>\n<p>En resto de las disciplinas de conjunto cay\u00f3 en el debut, el b\u00e1squet femenino 68 a 37 ante Los R\u00edos, la versi\u00f3n masculina 70 a 37, frente a la Regi\u00f3n de Araucan\u00eda, mientras que los muchachos del v\u00f3ley fueron superados por Araucan\u00eda 3 a 1.<\/p>\n<p>Felipe Isoba e Inti Bulnes fueron lo mejor de TDF en el tart\u00e1n de la pista del gimnasio fiscal. Fueron 4\u00b0 y 5\u00b0 con Isoba realizando una marca de 1,83 metros a solo 3 cent\u00edmetros del bronce, Bugnes consigui\u00f3 un registro final de 1,75 metros.<\/p>\n<p>Con los pesajes oficiales correspondientes este martes por la ma\u00f1ana comenzar\u00e1 a competir el judo en las categor\u00edas\u00a0 -48 kg y -52 kg en femenino y -55 kg y -60 kg, entre los varones. Federico Correa, Rub\u00e9n G\u00f3mez, Mar\u00eda Villalobos y Abigail Meli\u00e1n D\u00edaz ser\u00e1n nuestros representantes.<\/p>\n<p>La nataci\u00f3n har\u00e1 lo propio con competencias de 400 metros combinados, 50 metros mariposa, 200 metros espalda, 100 metros libres y la posta 4&#215;100 metros\u00a0 combinados.<\/p>\n<p>Los Juegos est\u00e1n en marcha, la ilusi\u00f3n de los nuestros tambi\u00e9n.<\/p>\n<p><a href=\"http:\/\/labestiadeportiva.com\/lbd\/wp-content\/uploads\/2018\/11\/FB_IMG_1542072821277.jpg\"><img loading=\"lazy\" class=\"aligncenter size-medium wp-image-30306\" src=\"http:\/\/labestiadeportiva.com\/lbd\/wp-content\/uploads\/2018\/11\/FB_IMG_1542072821277-225x300.jpg\" alt=\"FB_IMG_1542072821277\" width=\"225\" height=\"300\" srcset=\"http:\/\/labestiadeportiva.com\/lbd\/wp-content\/uploads\/2018\/11\/FB_IMG_1542072821277-225x300.jpg 225w, http:\/\/labestiadeportiva.com\/lbd\/wp-content\/uploads\/2018\/11\/FB_IMG_1542072821277.jpg 720w\" sizes=\"(max-width: 225px) 100vw, 225px\" \/><\/a><\/p>\n<\/div>\n<div class='epvc-post-count'><span class='epvc-eye'><\/span>  <span class=\"epvc-count\"> 1.365<\/span><span class='epvc-label'> veces le\u00edda<\/span><\/div>\n<div class=\"jwsharethis\">\nShare this: \n<br \/>\n<a href=\"mailto:?subject=Debut%20con%20triunfos%20para%20el%20f%C3%BAtbol%20y%20v%C3%B3ley%20femenino&amp;body=http%3A%2F%2Flabestiadeportiva.com%2Flbd%2Ftriunfos-para-el-futbol-y-voley-femenino-en-el-debut%2F\">\n<img src=\"http:\/\/labestiadeportiva.com\/lbd\/wp-content\/plugins\/jw-share-this\/email.png\" alt=\"Share this page via Email\" \/>\n<\/a>\n<a target=\"_blank\" href=\"http:\/\/www.stumbleupon.com\/submit?url=http%3A%2F%2Flabestiadeportiva.com%2Flbd%2Ftriunfos-para-el-futbol-y-voley-femenino-en-el-debut%2F&amp;title=Debut+con+triunfos+para+el+f%C3%BAtbol+y+v%C3%B3ley+femenino\">\n<img src=\"http:\/\/labestiadeportiva.com\/lbd\/wp-content\/plugins\/jw-share-this\/su.png\" alt=\"Share this page via Stumble Upon\" \/>\n<\/a>\n<a target=\"_blank\" href=\"http:\/\/digg.com\/submit?url=http%3A%2F%2Flabestiadeportiva.com%2Flbd%2Ftriunfos-para-el-futbol-y-voley-femenino-en-el-debut%2F&amp;title=Debut+con+triunfos+para+el+f%C3%BAtbol+y+v%C3%B3ley+femenino\">\n<img src=\"http:\/\/labestiadeportiva.com\/lbd\/wp-content\/plugins\/jw-share-this\/digg.png\" alt=\"Share this page via Digg this\" \/>\n<\/a>\n<a target=\"_blank\" href=\"http:\/\/www.facebook.com\/sharer.php?u=http%3A%2F%2Flabestiadeportiva.com%2Flbd%2Ftriunfos-para-el-futbol-y-voley-femenino-en-el-debut%2F&amp;t=Debut+con+triunfos+para+el+f%C3%BAtbol+y+v%C3%B3ley+femenino\">\n<img src=\"http:\/\/labestiadeportiva.com\/lbd\/wp-content\/plugins\/jw-share-this\/fb.png\" alt=\"Share this page via Facebook\" \/>\n<\/a>\n<a target=\"_blank\" href=\"http:\/\/twitter.com\/intent\/tweet?text=I+like+http%3A%2F%2Flabestiadeportiva.com%2Flbd%2Ftriunfos-para-el-futbol-y-voley-femenino-en-el-debut%2F&amp;title=Debut+con+triunfos+para+el+f%C3%BAtbol+y+v%C3%B3ley+femenino\">\n<img src=\"http:\/\/labestiadeportiva.com\/lbd\/wp-content\/plugins\/jw-share-this\/twitter.png\" alt=\"Share this page via Twitter\" \/>\n<\/a>\n<\/div>\n","protected":false},"excerpt":{"rendered":"<p>Comienzo esperanzador para las disciplinas de conjunto en la 27\u00b0 edici\u00f3n de los Binacionales que ya se juegan en la XII Reg\u00edon de Magallanes y Ant\u00e1rtica Chilena. El f\u00fatbol super\u00f3 a Ays\u00e9n por 3 a 1 mientras que las \u00abchicas\u00bb del v\u00f3ley lo hicieron categ\u00f3ricamente sobre Araucan\u00eda en sets corridos. Asimismo el atletismo sum\u00f3 un &hellip; <a href=\"http:\/\/labestiadeportiva.com\/lbd\/triunfos-para-el-futbol-y-voley-femenino-en-el-debut\/\" class=\"more-link\">Seguir leyendo <span class=\"screen-reader-text\">Debut con triunfos para el f\u00fatbol y v\u00f3ley femenino<\/span> <span class=\"meta-nav\">&rarr;<\/span><\/a><\/p>\n","protected":false},"author":1,"featured_media":30301,"comment_status":"open","ping_status":"open","sticky":false,"template":"","format":"standard","meta":[],"categories":[5,4,6,2277,1],"tags":[399,1158,3739,3660],"_links":{"self":[{"href":"http:\/\/labestiadeportiva.com\/lbd\/wp-json\/wp\/v2\/posts\/30300"}],"collection":[{"href":"http:\/\/labestiadeportiva.com\/lbd\/wp-json\/wp\/v2\/posts"}],"about":[{"href":"http:\/\/labestiadeportiva.com\/lbd\/wp-json\/wp\/v2\/types\/post"}],"author":[{"embeddable":true,"href":"http:\/\/labestiadeportiva.com\/lbd\/wp-json\/wp\/v2\/users\/1"}],"replies":[{"embeddable":true,"href":"http:\/\/labestiadeportiva.com\/lbd\/wp-json\/wp\/v2\/comments?post=30300"}],"version-history":[{"count":4,"href":"http:\/\/labestiadeportiva.com\/lbd\/wp-json\/wp\/v2\/posts\/30300\/revisions"}],"predecessor-version":[{"id":30307,"href":"http:\/\/labestiadeportiva.com\/lbd\/wp-json\/wp\/v2\/posts\/30300\/revisions\/30307"}],"wp:featuredmedia":[{"embeddable":true,"href":"http:\/\/labestiadeportiva.com\/lbd\/wp-json\/wp\/v2\/media\/30301"}],"wp:attachment":[{"href":"http:\/\/labestiadeportiva.com\/lbd\/wp-json\/wp\/v2\/media?parent=30300"}],"wp:term":[{"taxonomy":"category","embeddable":true,"href":"http:\/\/labestiadeportiva.com\/lbd\/wp-json\/wp\/v2\/categories?post=30300"},{"taxonomy":"post_tag","embeddable":true,"href":"http:\/\/labestiadeportiva.com\/lbd\/wp-json\/wp\/v2\/tags?post=30300"}],"curies":[{"name":"wp","href":"https:\/\/api.w.org\/{rel}","templated":true}]}}