{"id":30348,"date":"2018-11-16T20:41:14","date_gmt":"2018-11-16T23:41:14","guid":{"rendered":"http:\/\/labestiadeportiva.com\/lbd\/?p=30348"},"modified":"2018-11-16T20:41:14","modified_gmt":"2018-11-16T23:41:14","slug":"ecos-del-super-20","status":"publish","type":"post","link":"http:\/\/labestiadeportiva.com\/lbd\/ecos-del-super-20\/","title":{"rendered":"Ecos del S\u00faper 20"},"content":{"rendered":"<p>Por Javier Nicol\u00e1s Baroli (Corresponsal LBD en R\u00edo Gallegos)<\/p>\n<p><a href=\"http:\/\/labestiadeportiva.com\/lbd\/wp-content\/uploads\/2018\/11\/IMG-20181116-WA0033.jpg\"><img loading=\"lazy\" class=\"aligncenter size-medium wp-image-30349\" src=\"http:\/\/labestiadeportiva.com\/lbd\/wp-content\/uploads\/2018\/11\/IMG-20181116-WA0033-263x300.jpg\" alt=\"IMG-20181116-WA0033\" width=\"263\" height=\"300\" srcset=\"http:\/\/labestiadeportiva.com\/lbd\/wp-content\/uploads\/2018\/11\/IMG-20181116-WA0033-263x300.jpg 263w, http:\/\/labestiadeportiva.com\/lbd\/wp-content\/uploads\/2018\/11\/IMG-20181116-WA0033-899x1024.jpg 899w, http:\/\/labestiadeportiva.com\/lbd\/wp-content\/uploads\/2018\/11\/IMG-20181116-WA0033.jpg 960w\" sizes=\"(max-width: 263px) 100vw, 263px\" \/><\/a>Pas\u00f3 la primera prueba de la temporada para Hispano. De menor a mayor el equipo de Santa Cruz lleg\u00f3 a cuartos de final dejando en el camino y en condici\u00f3n de visitante a equipos hist\u00f3ricos como Boca y Pe\u00f1arol.<!--more--><\/p>\n<p>M\u00e1s all\u00e1 del resultado, tres pibes de la cantera Celeste terminaron dentro del rect\u00e1ngulo de juego, motivo de orgullo para la instituci\u00f3n y su hinchada.<\/p>\n<p>La noche del jueves dej\u00f3 un saldo m\u00e1s que positivo para el equipo m\u00e1s austral de la Liga.<\/p>\n<p>M\u00e1s all\u00e1 del resultado y la eliminaci\u00f3n del Super 20, la gente entendi\u00f3 que el balance era positivo por m\u00faltiples factores y por ese motivo brind\u00f3 un aliento que a\u00fan retumba en los rincones del Boxing.<\/p>\n<p>Es que Hispano, que sufri\u00f3 la baja de Carter horas antes de su debut, sufri\u00f3 de lesiones (Hurtt y Tabarez entre otros) adem\u00e1s de los incontables kil\u00f3metros que separan a la ciudad del resto del pa\u00eds.<\/p>\n<p>El haber comenzado tarde la pretemporda, se dio el gran placer de terminar su participaci\u00f3n en el Super 20 con \u00abpibes\u00bb de la cantera celeste en cancha.<\/p>\n<p>Koch, Barrios N\u00fa\u00f1ez y Acosta hicieron que la gente dejara por momentos de lado el resultado, para ver en ellos a aquellos pibes que corr\u00edan incansablemente por el Tito Wilson y que hoy son jugadores profesionales que comparten minutos con experimentados jugadores de la Liga Nacional.<\/p>\n<p>Hispano hizo gala a su esencia. Un club con sentido de pertenencia y familiar. El equipo de Santa Cruz hizo de la noche del jueves una fiesta con vistas al gran objetivo para la instituci\u00f3n, la Liga Nacional de Basquet.<\/p>\n<p>&nbsp;<\/p>\n<div class='epvc-post-count'><span class='epvc-eye'><\/span>  <span class=\"epvc-count\"> 981<\/span><span class='epvc-label'> veces le\u00edda<\/span><\/div>\n<div class=\"jwsharethis\">\nShare this: \n<br \/>\n<a href=\"mailto:?subject=Ecos%20del%20S%C3%BAper%2020&amp;body=http%3A%2F%2Flabestiadeportiva.com%2Flbd%2Fecos-del-super-20%2F\">\n<img src=\"http:\/\/labestiadeportiva.com\/lbd\/wp-content\/plugins\/jw-share-this\/email.png\" alt=\"Share this page via Email\" \/>\n<\/a>\n<a target=\"_blank\" href=\"http:\/\/www.stumbleupon.com\/submit?url=http%3A%2F%2Flabestiadeportiva.com%2Flbd%2Fecos-del-super-20%2F&amp;title=Ecos+del+S%C3%BAper+20\">\n<img src=\"http:\/\/labestiadeportiva.com\/lbd\/wp-content\/plugins\/jw-share-this\/su.png\" alt=\"Share this page via Stumble Upon\" \/>\n<\/a>\n<a target=\"_blank\" href=\"http:\/\/digg.com\/submit?url=http%3A%2F%2Flabestiadeportiva.com%2Flbd%2Fecos-del-super-20%2F&amp;title=Ecos+del+S%C3%BAper+20\">\n<img src=\"http:\/\/labestiadeportiva.com\/lbd\/wp-content\/plugins\/jw-share-this\/digg.png\" alt=\"Share this page via Digg this\" \/>\n<\/a>\n<a target=\"_blank\" href=\"http:\/\/www.facebook.com\/sharer.php?u=http%3A%2F%2Flabestiadeportiva.com%2Flbd%2Fecos-del-super-20%2F&amp;t=Ecos+del+S%C3%BAper+20\">\n<img src=\"http:\/\/labestiadeportiva.com\/lbd\/wp-content\/plugins\/jw-share-this\/fb.png\" alt=\"Share this page via Facebook\" \/>\n<\/a>\n<a target=\"_blank\" href=\"http:\/\/twitter.com\/intent\/tweet?text=I+like+http%3A%2F%2Flabestiadeportiva.com%2Flbd%2Fecos-del-super-20%2F&amp;title=Ecos+del+S%C3%BAper+20\">\n<img src=\"http:\/\/labestiadeportiva.com\/lbd\/wp-content\/plugins\/jw-share-this\/twitter.png\" alt=\"Share this page via Twitter\" \/>\n<\/a>\n<\/div>\n","protected":false},"excerpt":{"rendered":"<p>Por Javier Nicol\u00e1s Baroli (Corresponsal LBD en R\u00edo Gallegos) Pas\u00f3 la primera prueba de la temporada para Hispano. De menor a mayor el equipo de Santa Cruz lleg\u00f3 a cuartos de final dejando en el camino y en condici\u00f3n de visitante a equipos hist\u00f3ricos como Boca y Pe\u00f1arol. 981 veces le\u00edda Share this:<\/p>\n","protected":false},"author":1,"featured_media":30349,"comment_status":"open","ping_status":"open","sticky":false,"template":"","format":"standard","meta":[],"categories":[410,6],"tags":[171,3695,3338],"_links":{"self":[{"href":"http:\/\/labestiadeportiva.com\/lbd\/wp-json\/wp\/v2\/posts\/30348"}],"collection":[{"href":"http:\/\/labestiadeportiva.com\/lbd\/wp-json\/wp\/v2\/posts"}],"about":[{"href":"http:\/\/labestiadeportiva.com\/lbd\/wp-json\/wp\/v2\/types\/post"}],"author":[{"embeddable":true,"href":"http:\/\/labestiadeportiva.com\/lbd\/wp-json\/wp\/v2\/users\/1"}],"replies":[{"embeddable":true,"href":"http:\/\/labestiadeportiva.com\/lbd\/wp-json\/wp\/v2\/comments?post=30348"}],"version-history":[{"count":1,"href":"http:\/\/labestiadeportiva.com\/lbd\/wp-json\/wp\/v2\/posts\/30348\/revisions"}],"predecessor-version":[{"id":30350,"href":"http:\/\/labestiadeportiva.com\/lbd\/wp-json\/wp\/v2\/posts\/30348\/revisions\/30350"}],"wp:featuredmedia":[{"embeddable":true,"href":"http:\/\/labestiadeportiva.com\/lbd\/wp-json\/wp\/v2\/media\/30349"}],"wp:attachment":[{"href":"http:\/\/labestiadeportiva.com\/lbd\/wp-json\/wp\/v2\/media?parent=30348"}],"wp:term":[{"taxonomy":"category","embeddable":true,"href":"http:\/\/labestiadeportiva.com\/lbd\/wp-json\/wp\/v2\/categories?post=30348"},{"taxonomy":"post_tag","embeddable":true,"href":"http:\/\/labestiadeportiva.com\/lbd\/wp-json\/wp\/v2\/tags?post=30348"}],"curies":[{"name":"wp","href":"https:\/\/api.w.org\/{rel}","templated":true}]}}