{"id":30384,"date":"2018-11-21T17:19:12","date_gmt":"2018-11-21T20:19:12","guid":{"rendered":"http:\/\/labestiadeportiva.com\/lbd\/?p=30384"},"modified":"2018-11-21T17:22:20","modified_gmt":"2018-11-21T20:22:20","slug":"paleta-va-por-el-titulo-en-parana-audio","status":"publish","type":"post","link":"http:\/\/labestiadeportiva.com\/lbd\/paleta-va-por-el-titulo-en-parana-audio\/","title":{"rendered":"\u00abPaleta\u00bb va por el t\u00edtulo en Paran\u00e1 (Audio)"},"content":{"rendered":"<p><a href=\"http:\/\/labestiadeportiva.com\/lbd\/wp-content\/uploads\/2018\/11\/IMG-20181120-WA0061.jpg\"><img loading=\"lazy\" class=\"aligncenter size-medium wp-image-30386\" src=\"http:\/\/labestiadeportiva.com\/lbd\/wp-content\/uploads\/2018\/11\/IMG-20181120-WA0061-300x199.jpg\" alt=\"IMG-20181120-WA0061\" width=\"300\" height=\"199\" srcset=\"http:\/\/labestiadeportiva.com\/lbd\/wp-content\/uploads\/2018\/11\/IMG-20181120-WA0061-300x199.jpg 300w, http:\/\/labestiadeportiva.com\/lbd\/wp-content\/uploads\/2018\/11\/IMG-20181120-WA0061.jpg 772w\" sizes=\"(max-width: 300px) 100vw, 300px\" \/><\/a>El piloto ushuaiense, Lucas Garro, finaliz\u00f3 en la sexta posici\u00f3n en la visita del TP Clase 2 a Rosario. El fueguino acumula 224 puntos en el campeonato a tan solo 3.5 unidades del l\u00edder Renzo Cerreti. El 7,8 y 9 de diciembre en Entre R\u00edos la definici\u00f3n. Desde LBD dialogamos con \u00abPaleta\u00bb, estos son los principales pasajes de la charla lograda en la 94.1 FM del Sur. <!--more--><\/p>\n<p>https:\/\/www.youtube.com\/watch?v=vKFU73EM7qc<\/p>\n<div class='epvc-post-count'><span class='epvc-eye'><\/span>  <span class=\"epvc-count\"> 1.196<\/span><span class='epvc-label'> veces le\u00edda<\/span><\/div>\n<div class=\"jwsharethis\">\nShare this: \n<br \/>\n<a href=\"mailto:?subject=%C2%ABPaleta%C2%BB%20va%20por%20el%20t%C3%ADtulo%20en%20Paran%C3%A1%20%28Audio%29&amp;body=http%3A%2F%2Flabestiadeportiva.com%2Flbd%2Fpaleta-va-por-el-titulo-en-parana-audio%2F\">\n<img src=\"http:\/\/labestiadeportiva.com\/lbd\/wp-content\/plugins\/jw-share-this\/email.png\" alt=\"Share this page via Email\" \/>\n<\/a>\n<a target=\"_blank\" href=\"http:\/\/www.stumbleupon.com\/submit?url=http%3A%2F%2Flabestiadeportiva.com%2Flbd%2Fpaleta-va-por-el-titulo-en-parana-audio%2F&amp;title=%C2%ABPaleta%C2%BB+va+por+el+t%C3%ADtulo+en+Paran%C3%A1+%28Audio%29\">\n<img src=\"http:\/\/labestiadeportiva.com\/lbd\/wp-content\/plugins\/jw-share-this\/su.png\" alt=\"Share this page via Stumble Upon\" \/>\n<\/a>\n<a target=\"_blank\" href=\"http:\/\/digg.com\/submit?url=http%3A%2F%2Flabestiadeportiva.com%2Flbd%2Fpaleta-va-por-el-titulo-en-parana-audio%2F&amp;title=%C2%ABPaleta%C2%BB+va+por+el+t%C3%ADtulo+en+Paran%C3%A1+%28Audio%29\">\n<img src=\"http:\/\/labestiadeportiva.com\/lbd\/wp-content\/plugins\/jw-share-this\/digg.png\" alt=\"Share this page via Digg this\" \/>\n<\/a>\n<a target=\"_blank\" href=\"http:\/\/www.facebook.com\/sharer.php?u=http%3A%2F%2Flabestiadeportiva.com%2Flbd%2Fpaleta-va-por-el-titulo-en-parana-audio%2F&amp;t=%C2%ABPaleta%C2%BB+va+por+el+t%C3%ADtulo+en+Paran%C3%A1+%28Audio%29\">\n<img src=\"http:\/\/labestiadeportiva.com\/lbd\/wp-content\/plugins\/jw-share-this\/fb.png\" alt=\"Share this page via Facebook\" \/>\n<\/a>\n<a target=\"_blank\" href=\"http:\/\/twitter.com\/intent\/tweet?text=I+like+http%3A%2F%2Flabestiadeportiva.com%2Flbd%2Fpaleta-va-por-el-titulo-en-parana-audio%2F&amp;title=%C2%ABPaleta%C2%BB+va+por+el+t%C3%ADtulo+en+Paran%C3%A1+%28Audio%29\">\n<img src=\"http:\/\/labestiadeportiva.com\/lbd\/wp-content\/plugins\/jw-share-this\/twitter.png\" alt=\"Share this page via Twitter\" \/>\n<\/a>\n<\/div>\n","protected":false},"excerpt":{"rendered":"<p>El piloto ushuaiense, Lucas Garro, finaliz\u00f3 en la sexta posici\u00f3n en la visita del TP Clase 2 a Rosario. El fueguino acumula 224 puntos en el campeonato a tan solo 3.5 unidades del l\u00edder Renzo Cerreti. El 7,8 y 9 de diciembre en Entre R\u00edos la definici\u00f3n. Desde LBD dialogamos con \u00abPaleta\u00bb, estos son los &hellip; <a href=\"http:\/\/labestiadeportiva.com\/lbd\/paleta-va-por-el-titulo-en-parana-audio\/\" class=\"more-link\">Seguir leyendo <span class=\"screen-reader-text\">\u00abPaleta\u00bb va por el t\u00edtulo en Paran\u00e1 (Audio)<\/span> <span class=\"meta-nav\">&rarr;<\/span><\/a><\/p>\n","protected":false},"author":1,"featured_media":30386,"comment_status":"open","ping_status":"open","sticky":false,"template":"","format":"standard","meta":[],"categories":[2135,5,6,60,1],"tags":[86,4838,99,525],"_links":{"self":[{"href":"http:\/\/labestiadeportiva.com\/lbd\/wp-json\/wp\/v2\/posts\/30384"}],"collection":[{"href":"http:\/\/labestiadeportiva.com\/lbd\/wp-json\/wp\/v2\/posts"}],"about":[{"href":"http:\/\/labestiadeportiva.com\/lbd\/wp-json\/wp\/v2\/types\/post"}],"author":[{"embeddable":true,"href":"http:\/\/labestiadeportiva.com\/lbd\/wp-json\/wp\/v2\/users\/1"}],"replies":[{"embeddable":true,"href":"http:\/\/labestiadeportiva.com\/lbd\/wp-json\/wp\/v2\/comments?post=30384"}],"version-history":[{"count":3,"href":"http:\/\/labestiadeportiva.com\/lbd\/wp-json\/wp\/v2\/posts\/30384\/revisions"}],"predecessor-version":[{"id":30388,"href":"http:\/\/labestiadeportiva.com\/lbd\/wp-json\/wp\/v2\/posts\/30384\/revisions\/30388"}],"wp:featuredmedia":[{"embeddable":true,"href":"http:\/\/labestiadeportiva.com\/lbd\/wp-json\/wp\/v2\/media\/30386"}],"wp:attachment":[{"href":"http:\/\/labestiadeportiva.com\/lbd\/wp-json\/wp\/v2\/media?parent=30384"}],"wp:term":[{"taxonomy":"category","embeddable":true,"href":"http:\/\/labestiadeportiva.com\/lbd\/wp-json\/wp\/v2\/categories?post=30384"},{"taxonomy":"post_tag","embeddable":true,"href":"http:\/\/labestiadeportiva.com\/lbd\/wp-json\/wp\/v2\/tags?post=30384"}],"curies":[{"name":"wp","href":"https:\/\/api.w.org\/{rel}","templated":true}]}}