{"id":30487,"date":"2018-11-29T20:14:53","date_gmt":"2018-11-29T23:14:53","guid":{"rendered":"http:\/\/labestiadeportiva.com\/lbd\/?p=30487"},"modified":"2018-11-29T20:14:53","modified_gmt":"2018-11-29T23:14:53","slug":"final-americana-en-europa","status":"publish","type":"post","link":"http:\/\/labestiadeportiva.com\/lbd\/final-americana-en-europa\/","title":{"rendered":"Final Americana en Europa"},"content":{"rendered":"<p>Por javier Nicol\u00e1s Baroli (Corresponsal LBD en R\u00edo Gallegos)<\/p>\n<p><a href=\"http:\/\/labestiadeportiva.com\/lbd\/wp-content\/uploads\/2018\/11\/IMG-20181129-WA0056.jpg\"><img loading=\"lazy\" class=\"aligncenter size-medium wp-image-30488\" src=\"http:\/\/labestiadeportiva.com\/lbd\/wp-content\/uploads\/2018\/11\/IMG-20181129-WA0056-300x170.jpg\" alt=\"IMG-20181129-WA0056\" width=\"300\" height=\"170\" srcset=\"http:\/\/labestiadeportiva.com\/lbd\/wp-content\/uploads\/2018\/11\/IMG-20181129-WA0056-300x170.jpg 300w, http:\/\/labestiadeportiva.com\/lbd\/wp-content\/uploads\/2018\/11\/IMG-20181129-WA0056.jpg 980w\" sizes=\"(max-width: 300px) 100vw, 300px\" \/><\/a>Ins\u00f3lito, incre\u00edble, pero real. La CONMEBOL anunci\u00f3 que el 9 de Diciembre se jugar\u00e1 la final del certamen m\u00e1s importante de nuestro continente, pero parad\u00f3jicamente no se jugar\u00e1 en Am\u00e9rica sino en el Bernabeu. Bochornoso.<!--more--><\/p>\n<p>Final confirmada. El pr\u00f3ximo 9 de Diciembre a partir de las 16:30 hora Argentina se definir\u00e1 la Copa Libertadores de Am\u00e9rica 2018.<\/p>\n<p>El m\u00e1ximo \u00f3rgano del f\u00fatbol de nuestro continente finalmente se expidi\u00f3 en torno a la pol\u00e9mica que gira y seguir\u00e1 girando en torno a Boca River, River Boca. No se dio lugar al reclamo del equipo Xeneize y habr\u00e1 partido de vuelta.<\/p>\n<p>El fallo de las autoridades contempla adem\u00e1s que el partido se dispute con ambas hinchadas en la ciudad de Madrid, en el Estadio Bernab\u00e9u\u00bb, dijo el presidente de la Conmebol, Alejandro Dom\u00ednguez quien tambi\u00e9n agreg\u00f3 \u00abMadrid re\u00fane toda las posibilidades, es la d\u00e9cima ciudad m\u00e1s segura del mundo, y tiene la mayor comunidad argentina en Europa\u00bb<\/p>\n<p>De todas formas se hizo p\u00fablico que Daniel Angelici, presidente de Boca apelar\u00e1 el fallo ante el Tribunal de Apelaciones de la Confederaci\u00f3n Sudamericana porque pretende que le den por ganado el partido y, por consiguiente, obtener la Copa sin jugar la revancha.<\/p>\n<p>Un poco de claridad en medio de tanta bruma. Si bien los reclamos continuar\u00e1n en escritorios de todo el mundo, hay fecha para definir la tan manchada y vapuleada Copa Libertadores. Esperemos prime la cordura y el f\u00fatbol pueda tener su tan ansiada revancha.<\/p>\n<p><a href=\"http:\/\/labestiadeportiva.com\/lbd\/wp-content\/uploads\/2018\/11\/FB_IMG_1543532486630.jpg\"><img loading=\"lazy\" class=\"aligncenter size-medium wp-image-30489\" src=\"http:\/\/labestiadeportiva.com\/lbd\/wp-content\/uploads\/2018\/11\/FB_IMG_1543532486630-300x300.jpg\" alt=\"FB_IMG_1543532486630\" width=\"300\" height=\"300\" srcset=\"http:\/\/labestiadeportiva.com\/lbd\/wp-content\/uploads\/2018\/11\/FB_IMG_1543532486630-300x300.jpg 300w, http:\/\/labestiadeportiva.com\/lbd\/wp-content\/uploads\/2018\/11\/FB_IMG_1543532486630-150x150.jpg 150w, http:\/\/labestiadeportiva.com\/lbd\/wp-content\/uploads\/2018\/11\/FB_IMG_1543532486630-1024x1024.jpg 1024w, http:\/\/labestiadeportiva.com\/lbd\/wp-content\/uploads\/2018\/11\/FB_IMG_1543532486630-160x160.jpg 160w, http:\/\/labestiadeportiva.com\/lbd\/wp-content\/uploads\/2018\/11\/FB_IMG_1543532486630-320x320.jpg 320w, http:\/\/labestiadeportiva.com\/lbd\/wp-content\/uploads\/2018\/11\/FB_IMG_1543532486630-60x60.jpg 60w, http:\/\/labestiadeportiva.com\/lbd\/wp-content\/uploads\/2018\/11\/FB_IMG_1543532486630.jpg 1080w\" sizes=\"(max-width: 300px) 100vw, 300px\" \/><\/a><\/p>\n<div class='epvc-post-count'><span class='epvc-eye'><\/span>  <span class=\"epvc-count\"> 1.033<\/span><span class='epvc-label'> veces le\u00edda<\/span><\/div>\n<div class=\"jwsharethis\">\nShare this: \n<br \/>\n<a href=\"mailto:?subject=Final%20Americana%20en%20Europa&amp;body=http%3A%2F%2Flabestiadeportiva.com%2Flbd%2Ffinal-americana-en-europa%2F\">\n<img src=\"http:\/\/labestiadeportiva.com\/lbd\/wp-content\/plugins\/jw-share-this\/email.png\" alt=\"Share this page via Email\" \/>\n<\/a>\n<a target=\"_blank\" href=\"http:\/\/www.stumbleupon.com\/submit?url=http%3A%2F%2Flabestiadeportiva.com%2Flbd%2Ffinal-americana-en-europa%2F&amp;title=Final+Americana+en+Europa\">\n<img src=\"http:\/\/labestiadeportiva.com\/lbd\/wp-content\/plugins\/jw-share-this\/su.png\" alt=\"Share this page via Stumble Upon\" \/>\n<\/a>\n<a target=\"_blank\" href=\"http:\/\/digg.com\/submit?url=http%3A%2F%2Flabestiadeportiva.com%2Flbd%2Ffinal-americana-en-europa%2F&amp;title=Final+Americana+en+Europa\">\n<img src=\"http:\/\/labestiadeportiva.com\/lbd\/wp-content\/plugins\/jw-share-this\/digg.png\" alt=\"Share this page via Digg this\" \/>\n<\/a>\n<a target=\"_blank\" href=\"http:\/\/www.facebook.com\/sharer.php?u=http%3A%2F%2Flabestiadeportiva.com%2Flbd%2Ffinal-americana-en-europa%2F&amp;t=Final+Americana+en+Europa\">\n<img src=\"http:\/\/labestiadeportiva.com\/lbd\/wp-content\/plugins\/jw-share-this\/fb.png\" alt=\"Share this page via Facebook\" \/>\n<\/a>\n<a target=\"_blank\" href=\"http:\/\/twitter.com\/intent\/tweet?text=I+like+http%3A%2F%2Flabestiadeportiva.com%2Flbd%2Ffinal-americana-en-europa%2F&amp;title=Final+Americana+en+Europa\">\n<img src=\"http:\/\/labestiadeportiva.com\/lbd\/wp-content\/plugins\/jw-share-this\/twitter.png\" alt=\"Share this page via Twitter\" \/>\n<\/a>\n<\/div>\n","protected":false},"excerpt":{"rendered":"<p>Por javier Nicol\u00e1s Baroli (Corresponsal LBD en R\u00edo Gallegos) Ins\u00f3lito, incre\u00edble, pero real. La CONMEBOL anunci\u00f3 que el 9 de Diciembre se jugar\u00e1 la final del certamen m\u00e1s importante de nuestro continente, pero parad\u00f3jicamente no se jugar\u00e1 en Am\u00e9rica sino en el Bernabeu. Bochornoso. 1.033 veces le\u00edda Share this:<\/p>\n","protected":false},"author":1,"featured_media":30489,"comment_status":"open","ping_status":"open","sticky":false,"template":"","format":"standard","meta":[],"categories":[4,6,2292,1],"tags":[465,4830,3660],"_links":{"self":[{"href":"http:\/\/labestiadeportiva.com\/lbd\/wp-json\/wp\/v2\/posts\/30487"}],"collection":[{"href":"http:\/\/labestiadeportiva.com\/lbd\/wp-json\/wp\/v2\/posts"}],"about":[{"href":"http:\/\/labestiadeportiva.com\/lbd\/wp-json\/wp\/v2\/types\/post"}],"author":[{"embeddable":true,"href":"http:\/\/labestiadeportiva.com\/lbd\/wp-json\/wp\/v2\/users\/1"}],"replies":[{"embeddable":true,"href":"http:\/\/labestiadeportiva.com\/lbd\/wp-json\/wp\/v2\/comments?post=30487"}],"version-history":[{"count":1,"href":"http:\/\/labestiadeportiva.com\/lbd\/wp-json\/wp\/v2\/posts\/30487\/revisions"}],"predecessor-version":[{"id":30490,"href":"http:\/\/labestiadeportiva.com\/lbd\/wp-json\/wp\/v2\/posts\/30487\/revisions\/30490"}],"wp:featuredmedia":[{"embeddable":true,"href":"http:\/\/labestiadeportiva.com\/lbd\/wp-json\/wp\/v2\/media\/30489"}],"wp:attachment":[{"href":"http:\/\/labestiadeportiva.com\/lbd\/wp-json\/wp\/v2\/media?parent=30487"}],"wp:term":[{"taxonomy":"category","embeddable":true,"href":"http:\/\/labestiadeportiva.com\/lbd\/wp-json\/wp\/v2\/categories?post=30487"},{"taxonomy":"post_tag","embeddable":true,"href":"http:\/\/labestiadeportiva.com\/lbd\/wp-json\/wp\/v2\/tags?post=30487"}],"curies":[{"name":"wp","href":"https:\/\/api.w.org\/{rel}","templated":true}]}}