{"id":30583,"date":"2018-12-11T15:05:18","date_gmt":"2018-12-11T18:05:18","guid":{"rendered":"http:\/\/labestiadeportiva.com\/lbd\/?p=30583"},"modified":"2018-12-11T15:12:33","modified_gmt":"2018-12-11T18:12:33","slug":"salio-todo-perfecto-fue-un-sueno-hecho-realidad-audio","status":"publish","type":"post","link":"http:\/\/labestiadeportiva.com\/lbd\/salio-todo-perfecto-fue-un-sueno-hecho-realidad-audio\/","title":{"rendered":"\u00abSali\u00f3 todo perfecto, fue un sue\u00f1o hecho realidad\u00bb (Audio)"},"content":{"rendered":"<p><a href=\"http:\/\/labestiadeportiva.com\/lbd\/wp-content\/uploads\/2018\/12\/FB_IMG_1544501983825.jpg\"><img loading=\"lazy\" class=\"aligncenter size-medium wp-image-30586\" src=\"http:\/\/labestiadeportiva.com\/lbd\/wp-content\/uploads\/2018\/12\/FB_IMG_1544501983825-300x191.jpg\" alt=\"FB_IMG_1544501983825\" width=\"300\" height=\"191\" srcset=\"http:\/\/labestiadeportiva.com\/lbd\/wp-content\/uploads\/2018\/12\/FB_IMG_1544501983825-300x191.jpg 300w, http:\/\/labestiadeportiva.com\/lbd\/wp-content\/uploads\/2018\/12\/FB_IMG_1544501983825.jpg 640w\" sizes=\"(max-width: 300px) 100vw, 300px\" \/><\/a>El piloto ushuaiense, Mariano Preto, se consagr\u00f3 campe\u00f3n de la temporada dentro del segmento RC3 Junior Copa Elai\u00f3n. A pesar de abandonar en Mina Clavero la regularidad del fueguino le permiti\u00f3 la consagraci\u00f3n luego de dos subcampeonatos. Desde LBD dialogamos con \u00e9l, compartimos la entrevista lograda este lunes en la 100.1 Radio Provincia.<!--more--><\/p>\n<p><iframe loading=\"lazy\" src=\"https:\/\/www.youtube.com\/embed\/C5pPLmnwMFs\" width=\"560\" height=\"315\" frameborder=\"0\" allowfullscreen=\"allowfullscreen\"><\/iframe><\/p>\n<div class='epvc-post-count'><span class='epvc-eye'><\/span>  <span class=\"epvc-count\"> 1.161<\/span><span class='epvc-label'> veces le\u00edda<\/span><\/div>\n<div class=\"jwsharethis\">\nShare this: \n<br \/>\n<a href=\"mailto:?subject=%C2%ABSali%C3%B3%20todo%20perfecto%2C%20fue%20un%20sue%C3%B1o%20hecho%20realidad%C2%BB%20%28Audio%29&amp;body=http%3A%2F%2Flabestiadeportiva.com%2Flbd%2Fsalio-todo-perfecto-fue-un-sueno-hecho-realidad-audio%2F\">\n<img src=\"http:\/\/labestiadeportiva.com\/lbd\/wp-content\/plugins\/jw-share-this\/email.png\" alt=\"Share this page via Email\" \/>\n<\/a>\n<a target=\"_blank\" href=\"http:\/\/www.stumbleupon.com\/submit?url=http%3A%2F%2Flabestiadeportiva.com%2Flbd%2Fsalio-todo-perfecto-fue-un-sueno-hecho-realidad-audio%2F&amp;title=%C2%ABSali%C3%B3+todo+perfecto%2C+fue+un+sue%C3%B1o+hecho+realidad%C2%BB+%28Audio%29\">\n<img src=\"http:\/\/labestiadeportiva.com\/lbd\/wp-content\/plugins\/jw-share-this\/su.png\" alt=\"Share this page via Stumble Upon\" \/>\n<\/a>\n<a target=\"_blank\" href=\"http:\/\/digg.com\/submit?url=http%3A%2F%2Flabestiadeportiva.com%2Flbd%2Fsalio-todo-perfecto-fue-un-sueno-hecho-realidad-audio%2F&amp;title=%C2%ABSali%C3%B3+todo+perfecto%2C+fue+un+sue%C3%B1o+hecho+realidad%C2%BB+%28Audio%29\">\n<img src=\"http:\/\/labestiadeportiva.com\/lbd\/wp-content\/plugins\/jw-share-this\/digg.png\" alt=\"Share this page via Digg this\" \/>\n<\/a>\n<a target=\"_blank\" href=\"http:\/\/www.facebook.com\/sharer.php?u=http%3A%2F%2Flabestiadeportiva.com%2Flbd%2Fsalio-todo-perfecto-fue-un-sueno-hecho-realidad-audio%2F&amp;t=%C2%ABSali%C3%B3+todo+perfecto%2C+fue+un+sue%C3%B1o+hecho+realidad%C2%BB+%28Audio%29\">\n<img src=\"http:\/\/labestiadeportiva.com\/lbd\/wp-content\/plugins\/jw-share-this\/fb.png\" alt=\"Share this page via Facebook\" \/>\n<\/a>\n<a target=\"_blank\" href=\"http:\/\/twitter.com\/intent\/tweet?text=I+like+http%3A%2F%2Flabestiadeportiva.com%2Flbd%2Fsalio-todo-perfecto-fue-un-sueno-hecho-realidad-audio%2F&amp;title=%C2%ABSali%C3%B3+todo+perfecto%2C+fue+un+sue%C3%B1o+hecho+realidad%C2%BB+%28Audio%29\">\n<img src=\"http:\/\/labestiadeportiva.com\/lbd\/wp-content\/plugins\/jw-share-this\/twitter.png\" alt=\"Share this page via Twitter\" \/>\n<\/a>\n<\/div>\n","protected":false},"excerpt":{"rendered":"<p>El piloto ushuaiense, Mariano Preto, se consagr\u00f3 campe\u00f3n de la temporada dentro del segmento RC3 Junior Copa Elai\u00f3n. A pesar de abandonar en Mina Clavero la regularidad del fueguino le permiti\u00f3 la consagraci\u00f3n luego de dos subcampeonatos. Desde LBD dialogamos con \u00e9l, compartimos la entrevista lograda este lunes en la 100.1 Radio Provincia. 1.161 veces &hellip; <a href=\"http:\/\/labestiadeportiva.com\/lbd\/salio-todo-perfecto-fue-un-sueno-hecho-realidad-audio\/\" class=\"more-link\">Seguir leyendo <span class=\"screen-reader-text\">\u00abSali\u00f3 todo perfecto, fue un sue\u00f1o hecho realidad\u00bb (Audio)<\/span> <span class=\"meta-nav\">&rarr;<\/span><\/a><\/p>\n","protected":false},"author":1,"featured_media":30586,"comment_status":"open","ping_status":"open","sticky":false,"template":"","format":"standard","meta":[],"categories":[2135,5,6,60,1,2487],"tags":[4838,2367,3660,596],"_links":{"self":[{"href":"http:\/\/labestiadeportiva.com\/lbd\/wp-json\/wp\/v2\/posts\/30583"}],"collection":[{"href":"http:\/\/labestiadeportiva.com\/lbd\/wp-json\/wp\/v2\/posts"}],"about":[{"href":"http:\/\/labestiadeportiva.com\/lbd\/wp-json\/wp\/v2\/types\/post"}],"author":[{"embeddable":true,"href":"http:\/\/labestiadeportiva.com\/lbd\/wp-json\/wp\/v2\/users\/1"}],"replies":[{"embeddable":true,"href":"http:\/\/labestiadeportiva.com\/lbd\/wp-json\/wp\/v2\/comments?post=30583"}],"version-history":[{"count":2,"href":"http:\/\/labestiadeportiva.com\/lbd\/wp-json\/wp\/v2\/posts\/30583\/revisions"}],"predecessor-version":[{"id":30587,"href":"http:\/\/labestiadeportiva.com\/lbd\/wp-json\/wp\/v2\/posts\/30583\/revisions\/30587"}],"wp:featuredmedia":[{"embeddable":true,"href":"http:\/\/labestiadeportiva.com\/lbd\/wp-json\/wp\/v2\/media\/30586"}],"wp:attachment":[{"href":"http:\/\/labestiadeportiva.com\/lbd\/wp-json\/wp\/v2\/media?parent=30583"}],"wp:term":[{"taxonomy":"category","embeddable":true,"href":"http:\/\/labestiadeportiva.com\/lbd\/wp-json\/wp\/v2\/categories?post=30583"},{"taxonomy":"post_tag","embeddable":true,"href":"http:\/\/labestiadeportiva.com\/lbd\/wp-json\/wp\/v2\/tags?post=30583"}],"curies":[{"name":"wp","href":"https:\/\/api.w.org\/{rel}","templated":true}]}}