{"id":30895,"date":"2019-01-14T17:27:48","date_gmt":"2019-01-14T20:27:48","guid":{"rendered":"http:\/\/labestiadeportiva.com\/lbd\/?p=30895"},"modified":"2019-01-14T17:27:48","modified_gmt":"2019-01-14T20:27:48","slug":"arranco-el-camion","status":"publish","type":"post","link":"http:\/\/labestiadeportiva.com\/lbd\/arranco-el-camion\/","title":{"rendered":"Arranc\u00f3 el \u00abCami\u00f3n\u00bb"},"content":{"rendered":"<p><a href=\"http:\/\/labestiadeportiva.com\/lbd\/wp-content\/uploads\/2019\/01\/IMG-20190114-WA00822.jpg\"><img loading=\"lazy\" class=\"aligncenter size-medium wp-image-30896\" src=\"http:\/\/labestiadeportiva.com\/lbd\/wp-content\/uploads\/2019\/01\/IMG-20190114-WA00822-300x131.jpg\" alt=\"IMG-20190114-WA0082~2\" width=\"300\" height=\"131\" srcset=\"http:\/\/labestiadeportiva.com\/lbd\/wp-content\/uploads\/2019\/01\/IMG-20190114-WA00822-300x131.jpg 300w, http:\/\/labestiadeportiva.com\/lbd\/wp-content\/uploads\/2019\/01\/IMG-20190114-WA00822-1024x448.jpg 1024w, http:\/\/labestiadeportiva.com\/lbd\/wp-content\/uploads\/2019\/01\/IMG-20190114-WA00822.jpg 1230w\" sizes=\"(max-width: 300px) 100vw, 300px\" \/><\/a>De cara al debut en el Torneo Regional Amateur de f\u00fatbol el pasado jueves comenzaron los entrenamientos del plantel transportista de la ciudad de R\u00edo Grande. Tres d\u00edas donde la prioridad fue el aspecto f\u00edsico. Desde LBD, los detalles.<!--more--><\/p>\n<p>El grupo de jugadores, de primera y juveniles, que se entrena desde\u00a0las 14 horas en el sint\u00e9tico de la antena es de alrededora de 20. Cabe recordar que algunos valores a\u00fan se encuentran de vacaciones y se sumar\u00e1n en breve.<\/p>\n<p><a href=\"http:\/\/labestiadeportiva.com\/lbd\/wp-content\/uploads\/2019\/01\/IMG-20190114-WA00042.jpg\"><img loading=\"lazy\" class=\"aligncenter size-medium wp-image-30897\" src=\"http:\/\/labestiadeportiva.com\/lbd\/wp-content\/uploads\/2019\/01\/IMG-20190114-WA00042-300x119.jpg\" alt=\"IMG-20190114-WA0004~2\" width=\"300\" height=\"119\" srcset=\"http:\/\/labestiadeportiva.com\/lbd\/wp-content\/uploads\/2019\/01\/IMG-20190114-WA00042-300x119.jpg 300w, http:\/\/labestiadeportiva.com\/lbd\/wp-content\/uploads\/2019\/01\/IMG-20190114-WA00042.jpg 957w\" sizes=\"(max-width: 300px) 100vw, 300px\" \/><\/a>72 horas de est\u00edmulos f\u00edsicos, de jueves a s\u00e1bado, a cargo del atleta riograndense Pablo Ernaga quien colabora en este aspecto con el plantel de Pedro Vel\u00e1zquez.<\/p>\n<p>Como hab\u00edamos adelantado el \u00abVerde\u00bb afrontar\u00e1 el compromiso nacional sin refuerzos.<\/p>\n<p>Hasta donde pudimos averiguar a partir de este lunes los entrenamientos incluir\u00e1n trabajo con pelota y f\u00fatbol informal.<\/p>\n<p><a href=\"http:\/\/labestiadeportiva.com\/lbd\/wp-content\/uploads\/2019\/01\/IMG-20190114-WA00032.jpg\"><img loading=\"lazy\" class=\"aligncenter size-medium wp-image-30898\" src=\"http:\/\/labestiadeportiva.com\/lbd\/wp-content\/uploads\/2019\/01\/IMG-20190114-WA00032-300x130.jpg\" alt=\"IMG-20190114-WA0003~2\" width=\"300\" height=\"130\" srcset=\"http:\/\/labestiadeportiva.com\/lbd\/wp-content\/uploads\/2019\/01\/IMG-20190114-WA00032-300x130.jpg 300w, http:\/\/labestiadeportiva.com\/lbd\/wp-content\/uploads\/2019\/01\/IMG-20190114-WA00032-1024x443.jpg 1024w, http:\/\/labestiadeportiva.com\/lbd\/wp-content\/uploads\/2019\/01\/IMG-20190114-WA00032.jpg 1280w\" sizes=\"(max-width: 300px) 100vw, 300px\" \/><\/a>Cuando quedan tan solo 13 d\u00edas para el debut, ser\u00e1 de local ante Victoria, Camioneros intenta buscar su mejor forma.<\/p>\n<p>Torneo Regional Amateur<\/p>\n<p>Zona 1<\/p>\n<p>1\u00b0 fecha (domingo 27 enero)<\/p>\n<p>Ferrocarril YCF\/Boxing Club<\/p>\n<p>Camioneros RG\/Victoria<\/p>\n<p>Hispano Americano\/Los Cuervos FDM<\/p>\n<p><a href=\"http:\/\/labestiadeportiva.com\/lbd\/wp-content\/uploads\/2019\/01\/IMG-20190114-WA00812.jpg\"><img loading=\"lazy\" class=\"aligncenter size-medium wp-image-30899\" src=\"http:\/\/labestiadeportiva.com\/lbd\/wp-content\/uploads\/2019\/01\/IMG-20190114-WA00812-300x138.jpg\" alt=\"IMG-20190114-WA0081~2\" width=\"300\" height=\"138\" srcset=\"http:\/\/labestiadeportiva.com\/lbd\/wp-content\/uploads\/2019\/01\/IMG-20190114-WA00812-300x138.jpg 300w, http:\/\/labestiadeportiva.com\/lbd\/wp-content\/uploads\/2019\/01\/IMG-20190114-WA00812-1024x470.jpg 1024w, http:\/\/labestiadeportiva.com\/lbd\/wp-content\/uploads\/2019\/01\/IMG-20190114-WA00812.jpg 1280w\" sizes=\"(max-width: 300px) 100vw, 300px\" \/><\/a><\/p>\n<div class='epvc-post-count'><span class='epvc-eye'><\/span>  <span class=\"epvc-count\"> 1.170<\/span><span class='epvc-label'> veces le\u00edda<\/span><\/div>\n<div class=\"jwsharethis\">\nShare this: \n<br \/>\n<a href=\"mailto:?subject=Arranc%C3%B3%20el%20%C2%ABCami%C3%B3n%C2%BB&amp;body=http%3A%2F%2Flabestiadeportiva.com%2Flbd%2Farranco-el-camion%2F\">\n<img src=\"http:\/\/labestiadeportiva.com\/lbd\/wp-content\/plugins\/jw-share-this\/email.png\" alt=\"Share this page via Email\" \/>\n<\/a>\n<a target=\"_blank\" href=\"http:\/\/www.stumbleupon.com\/submit?url=http%3A%2F%2Flabestiadeportiva.com%2Flbd%2Farranco-el-camion%2F&amp;title=Arranc%C3%B3+el+%C2%ABCami%C3%B3n%C2%BB\">\n<img src=\"http:\/\/labestiadeportiva.com\/lbd\/wp-content\/plugins\/jw-share-this\/su.png\" alt=\"Share this page via Stumble Upon\" \/>\n<\/a>\n<a target=\"_blank\" href=\"http:\/\/digg.com\/submit?url=http%3A%2F%2Flabestiadeportiva.com%2Flbd%2Farranco-el-camion%2F&amp;title=Arranc%C3%B3+el+%C2%ABCami%C3%B3n%C2%BB\">\n<img src=\"http:\/\/labestiadeportiva.com\/lbd\/wp-content\/plugins\/jw-share-this\/digg.png\" alt=\"Share this page via Digg this\" \/>\n<\/a>\n<a target=\"_blank\" href=\"http:\/\/www.facebook.com\/sharer.php?u=http%3A%2F%2Flabestiadeportiva.com%2Flbd%2Farranco-el-camion%2F&amp;t=Arranc%C3%B3+el+%C2%ABCami%C3%B3n%C2%BB\">\n<img src=\"http:\/\/labestiadeportiva.com\/lbd\/wp-content\/plugins\/jw-share-this\/fb.png\" alt=\"Share this page via Facebook\" \/>\n<\/a>\n<a target=\"_blank\" href=\"http:\/\/twitter.com\/intent\/tweet?text=I+like+http%3A%2F%2Flabestiadeportiva.com%2Flbd%2Farranco-el-camion%2F&amp;title=Arranc%C3%B3+el+%C2%ABCami%C3%B3n%C2%BB\">\n<img src=\"http:\/\/labestiadeportiva.com\/lbd\/wp-content\/plugins\/jw-share-this\/twitter.png\" alt=\"Share this page via Twitter\" \/>\n<\/a>\n<\/div>\n","protected":false},"excerpt":{"rendered":"<p>De cara al debut en el Torneo Regional Amateur de f\u00fatbol el pasado jueves comenzaron los entrenamientos del plantel transportista de la ciudad de R\u00edo Grande. Tres d\u00edas donde la prioridad fue el aspecto f\u00edsico. Desde LBD, los detalles. 1.170 veces le\u00edda Share this:<\/p>\n","protected":false},"author":1,"featured_media":30899,"comment_status":"open","ping_status":"open","sticky":false,"template":"","format":"standard","meta":[],"categories":[5,6,3767,1],"tags":[1974,17,3660,3757,1223],"_links":{"self":[{"href":"http:\/\/labestiadeportiva.com\/lbd\/wp-json\/wp\/v2\/posts\/30895"}],"collection":[{"href":"http:\/\/labestiadeportiva.com\/lbd\/wp-json\/wp\/v2\/posts"}],"about":[{"href":"http:\/\/labestiadeportiva.com\/lbd\/wp-json\/wp\/v2\/types\/post"}],"author":[{"embeddable":true,"href":"http:\/\/labestiadeportiva.com\/lbd\/wp-json\/wp\/v2\/users\/1"}],"replies":[{"embeddable":true,"href":"http:\/\/labestiadeportiva.com\/lbd\/wp-json\/wp\/v2\/comments?post=30895"}],"version-history":[{"count":1,"href":"http:\/\/labestiadeportiva.com\/lbd\/wp-json\/wp\/v2\/posts\/30895\/revisions"}],"predecessor-version":[{"id":30900,"href":"http:\/\/labestiadeportiva.com\/lbd\/wp-json\/wp\/v2\/posts\/30895\/revisions\/30900"}],"wp:featuredmedia":[{"embeddable":true,"href":"http:\/\/labestiadeportiva.com\/lbd\/wp-json\/wp\/v2\/media\/30899"}],"wp:attachment":[{"href":"http:\/\/labestiadeportiva.com\/lbd\/wp-json\/wp\/v2\/media?parent=30895"}],"wp:term":[{"taxonomy":"category","embeddable":true,"href":"http:\/\/labestiadeportiva.com\/lbd\/wp-json\/wp\/v2\/categories?post=30895"},{"taxonomy":"post_tag","embeddable":true,"href":"http:\/\/labestiadeportiva.com\/lbd\/wp-json\/wp\/v2\/tags?post=30895"}],"curies":[{"name":"wp","href":"https:\/\/api.w.org\/{rel}","templated":true}]}}