{"id":30950,"date":"2019-01-17T23:55:20","date_gmt":"2019-01-18T02:55:20","guid":{"rendered":"http:\/\/labestiadeportiva.com\/lbd\/?p=30950"},"modified":"2019-01-17T23:55:20","modified_gmt":"2019-01-18T02:55:20","slug":"inicio-de-pretemporada-en-ushuaia","status":"publish","type":"post","link":"http:\/\/labestiadeportiva.com\/lbd\/inicio-de-pretemporada-en-ushuaia\/","title":{"rendered":"Inicio de pretemporada en Ushuaia"},"content":{"rendered":"<p>Por Lisandro Muhoberac (Discapacidad para LBD)<\/p>\n<p><a href=\"http:\/\/labestiadeportiva.com\/lbd\/wp-content\/uploads\/2019\/01\/IMG-20190117-WA0056.jpg\"><img loading=\"lazy\" class=\"aligncenter size-medium wp-image-30951\" src=\"http:\/\/labestiadeportiva.com\/lbd\/wp-content\/uploads\/2019\/01\/IMG-20190117-WA0056-300x169.jpg\" alt=\"IMG-20190117-WA0056\" width=\"300\" height=\"169\" srcset=\"http:\/\/labestiadeportiva.com\/lbd\/wp-content\/uploads\/2019\/01\/IMG-20190117-WA0056-300x169.jpg 300w, http:\/\/labestiadeportiva.com\/lbd\/wp-content\/uploads\/2019\/01\/IMG-20190117-WA0056.jpg 720w\" sizes=\"(max-width: 300px) 100vw, 300px\" \/><\/a>Del 5 al 26 de enero parte del Seleccionado de Mayores de Atletismo de Fadepac, inici\u00f3 su pretemporada en la capital fueguina junto con el entrenador Lisandro Muhoberac.<!--more--><\/p>\n<p>En un a\u00f1o cargado de fechas importantes, el equipo ya se prepara desde los primeros d\u00edas de enero para afrontar las exigencias por venir.<\/p>\n<p><a href=\"http:\/\/labestiadeportiva.com\/lbd\/wp-content\/uploads\/2019\/01\/IMG-20190117-WA0054.jpg\"><img loading=\"lazy\" class=\"aligncenter size-medium wp-image-30952\" src=\"http:\/\/labestiadeportiva.com\/lbd\/wp-content\/uploads\/2019\/01\/IMG-20190117-WA0054-169x300.jpg\" alt=\"IMG-20190117-WA0054\" width=\"169\" height=\"300\" srcset=\"http:\/\/labestiadeportiva.com\/lbd\/wp-content\/uploads\/2019\/01\/IMG-20190117-WA0054-169x300.jpg 169w, http:\/\/labestiadeportiva.com\/lbd\/wp-content\/uploads\/2019\/01\/IMG-20190117-WA0054-576x1024.jpg 576w, http:\/\/labestiadeportiva.com\/lbd\/wp-content\/uploads\/2019\/01\/IMG-20190117-WA0054.jpg 720w\" sizes=\"(max-width: 169px) 100vw, 169px\" \/><\/a>Lis Scaroni (La Plata), Nicol\u00e1s Dyrichitty (Cordoba), Enrique Rotondo (La Plata), Karen Tassi (Mendoza) y Ulises Barrios (Tierra del Fuego), son los atletas con Par\u00e1lisis Cerebral que trabajan en la ciudad capitalina de Tierra del Fuego.<\/p>\n<p>Los est\u00edmulos que se efect\u00faan en la pista municipal de atletismo Oscar \u00abCabez\u00f3n\u00bb Oyarz\u00fan consisten en trabajos aer\u00f3bicos y de fuerza.<\/p>\n<p>El r\u00e9gimen de entrenamientos prev\u00e9 visitar el escenario deportivo de lunes a s\u00e1bados durante dos horas diarias.<\/p>\n<p style=\"text-align: center;\"><a href=\"http:\/\/labestiadeportiva.com\/lbd\/wp-content\/uploads\/2019\/01\/IMG-20190117-WA0051.jpg\"><img loading=\"lazy\" class=\"aligncenter size-medium wp-image-30953\" src=\"http:\/\/labestiadeportiva.com\/lbd\/wp-content\/uploads\/2019\/01\/IMG-20190117-WA0051-200x300.jpg\" alt=\"IMG-20190117-WA0051\" width=\"200\" height=\"300\" srcset=\"http:\/\/labestiadeportiva.com\/lbd\/wp-content\/uploads\/2019\/01\/IMG-20190117-WA0051-200x300.jpg 200w, http:\/\/labestiadeportiva.com\/lbd\/wp-content\/uploads\/2019\/01\/IMG-20190117-WA0051-683x1024.jpg 683w, http:\/\/labestiadeportiva.com\/lbd\/wp-content\/uploads\/2019\/01\/IMG-20190117-WA0051.jpg 802w\" sizes=\"(max-width: 200px) 100vw, 200px\" \/><\/a><\/p>\n<p>Dicha pretemporada se extender\u00e1 hasta los ultimos d\u00edas de enero, donde los atletas se trasladar\u00e1n a la localidad bonaerense de Loberia para seguir los entrenamientos junto al entrenador Ariel \u00abPil\u00edn\u00bb Gonz\u00e1lez.<\/p>\n<p><a href=\"http:\/\/labestiadeportiva.com\/lbd\/wp-content\/uploads\/2019\/01\/IMG-20190117-WA0055.jpg\"><img loading=\"lazy\" class=\"aligncenter size-medium wp-image-30954\" src=\"http:\/\/labestiadeportiva.com\/lbd\/wp-content\/uploads\/2019\/01\/IMG-20190117-WA0055-224x300.jpg\" alt=\"IMG-20190117-WA0055\" width=\"224\" height=\"300\" srcset=\"http:\/\/labestiadeportiva.com\/lbd\/wp-content\/uploads\/2019\/01\/IMG-20190117-WA0055-224x300.jpg 224w, http:\/\/labestiadeportiva.com\/lbd\/wp-content\/uploads\/2019\/01\/IMG-20190117-WA0055.jpg 717w\" sizes=\"(max-width: 224px) 100vw, 224px\" \/><\/a>La concentraci\u00f3n nacional se realiza gracias a los apoyos del CAAD, Secretaria de Deportes quien puso a disposici\u00f3n el albergue y el Instituto Municipal de Deportes los recintos deportivos.<\/p>\n<div class='epvc-post-count'><span class='epvc-eye'><\/span>  <span class=\"epvc-count\"> 1.273<\/span><span class='epvc-label'> veces le\u00edda<\/span><\/div>\n<div class=\"jwsharethis\">\nShare this: \n<br \/>\n<a href=\"mailto:?subject=Inicio%20de%20pretemporada%20en%20Ushuaia&amp;body=http%3A%2F%2Flabestiadeportiva.com%2Flbd%2Finicio-de-pretemporada-en-ushuaia%2F\">\n<img src=\"http:\/\/labestiadeportiva.com\/lbd\/wp-content\/plugins\/jw-share-this\/email.png\" alt=\"Share this page via Email\" \/>\n<\/a>\n<a target=\"_blank\" href=\"http:\/\/www.stumbleupon.com\/submit?url=http%3A%2F%2Flabestiadeportiva.com%2Flbd%2Finicio-de-pretemporada-en-ushuaia%2F&amp;title=Inicio+de+pretemporada+en+Ushuaia\">\n<img src=\"http:\/\/labestiadeportiva.com\/lbd\/wp-content\/plugins\/jw-share-this\/su.png\" alt=\"Share this page via Stumble Upon\" \/>\n<\/a>\n<a target=\"_blank\" href=\"http:\/\/digg.com\/submit?url=http%3A%2F%2Flabestiadeportiva.com%2Flbd%2Finicio-de-pretemporada-en-ushuaia%2F&amp;title=Inicio+de+pretemporada+en+Ushuaia\">\n<img src=\"http:\/\/labestiadeportiva.com\/lbd\/wp-content\/plugins\/jw-share-this\/digg.png\" alt=\"Share this page via Digg this\" \/>\n<\/a>\n<a target=\"_blank\" href=\"http:\/\/www.facebook.com\/sharer.php?u=http%3A%2F%2Flabestiadeportiva.com%2Flbd%2Finicio-de-pretemporada-en-ushuaia%2F&amp;t=Inicio+de+pretemporada+en+Ushuaia\">\n<img src=\"http:\/\/labestiadeportiva.com\/lbd\/wp-content\/plugins\/jw-share-this\/fb.png\" alt=\"Share this page via Facebook\" \/>\n<\/a>\n<a target=\"_blank\" href=\"http:\/\/twitter.com\/intent\/tweet?text=I+like+http%3A%2F%2Flabestiadeportiva.com%2Flbd%2Finicio-de-pretemporada-en-ushuaia%2F&amp;title=Inicio+de+pretemporada+en+Ushuaia\">\n<img src=\"http:\/\/labestiadeportiva.com\/lbd\/wp-content\/plugins\/jw-share-this\/twitter.png\" alt=\"Share this page via Twitter\" \/>\n<\/a>\n<\/div>\n","protected":false},"excerpt":{"rendered":"<p>Por Lisandro Muhoberac (Discapacidad para LBD) Del 5 al 26 de enero parte del Seleccionado de Mayores de Atletismo de Fadepac, inici\u00f3 su pretemporada en la capital fueguina junto con el entrenador Lisandro Muhoberac. 1.273 veces le\u00edda Share this:<\/p>\n","protected":false},"author":1,"featured_media":30951,"comment_status":"open","ping_status":"open","sticky":false,"template":"","format":"standard","meta":[],"categories":[22,5,6,2087,1],"tags":[4831,857,3776,3660,142],"_links":{"self":[{"href":"http:\/\/labestiadeportiva.com\/lbd\/wp-json\/wp\/v2\/posts\/30950"}],"collection":[{"href":"http:\/\/labestiadeportiva.com\/lbd\/wp-json\/wp\/v2\/posts"}],"about":[{"href":"http:\/\/labestiadeportiva.com\/lbd\/wp-json\/wp\/v2\/types\/post"}],"author":[{"embeddable":true,"href":"http:\/\/labestiadeportiva.com\/lbd\/wp-json\/wp\/v2\/users\/1"}],"replies":[{"embeddable":true,"href":"http:\/\/labestiadeportiva.com\/lbd\/wp-json\/wp\/v2\/comments?post=30950"}],"version-history":[{"count":1,"href":"http:\/\/labestiadeportiva.com\/lbd\/wp-json\/wp\/v2\/posts\/30950\/revisions"}],"predecessor-version":[{"id":30955,"href":"http:\/\/labestiadeportiva.com\/lbd\/wp-json\/wp\/v2\/posts\/30950\/revisions\/30955"}],"wp:featuredmedia":[{"embeddable":true,"href":"http:\/\/labestiadeportiva.com\/lbd\/wp-json\/wp\/v2\/media\/30951"}],"wp:attachment":[{"href":"http:\/\/labestiadeportiva.com\/lbd\/wp-json\/wp\/v2\/media?parent=30950"}],"wp:term":[{"taxonomy":"category","embeddable":true,"href":"http:\/\/labestiadeportiva.com\/lbd\/wp-json\/wp\/v2\/categories?post=30950"},{"taxonomy":"post_tag","embeddable":true,"href":"http:\/\/labestiadeportiva.com\/lbd\/wp-json\/wp\/v2\/tags?post=30950"}],"curies":[{"name":"wp","href":"https:\/\/api.w.org\/{rel}","templated":true}]}}