{"id":31122,"date":"2019-02-04T12:44:38","date_gmt":"2019-02-04T15:44:38","guid":{"rendered":"http:\/\/labestiadeportiva.com\/lbd\/?p=31122"},"modified":"2019-02-04T14:18:50","modified_gmt":"2019-02-04T17:18:50","slug":"final-de-la-gira-para-fundatec-universitario","status":"publish","type":"post","link":"http:\/\/labestiadeportiva.com\/lbd\/final-de-la-gira-para-fundatec-universitario\/","title":{"rendered":"Final de la gira para Fundatec Universitario"},"content":{"rendered":"<p><a href=\"http:\/\/labestiadeportiva.com\/lbd\/wp-content\/uploads\/2019\/02\/IMG-20190204-WA0009.jpg\"><img loading=\"lazy\" class=\"aligncenter size-medium wp-image-31123\" src=\"http:\/\/labestiadeportiva.com\/lbd\/wp-content\/uploads\/2019\/02\/IMG-20190204-WA0009-300x200.jpg\" alt=\"IMG-20190204-WA0009\" width=\"300\" height=\"200\" srcset=\"http:\/\/labestiadeportiva.com\/lbd\/wp-content\/uploads\/2019\/02\/IMG-20190204-WA0009-300x200.jpg 300w, http:\/\/labestiadeportiva.com\/lbd\/wp-content\/uploads\/2019\/02\/IMG-20190204-WA0009-1024x683.jpg 1024w, http:\/\/labestiadeportiva.com\/lbd\/wp-content\/uploads\/2019\/02\/IMG-20190204-WA0009.jpg 1200w\" sizes=\"(max-width: 300px) 100vw, 300px\" \/><\/a>El conjunto de Tierra del Fuego concluy\u00f3 este domingo su paso por Mar del Plata, Santa Fe, Rosario y CABA en el marco de la Liga A2 de v\u00f3ley. Siete partidos con cuatro ca\u00eddas y tres victorias. Este lunes por la noche el plantel regresar\u00e1 a la provincia.<!--more--><\/p>\n<p>Saldo claramente positivo por diferentes motivos. R\u00e1pida adaptaci\u00f3n al nivel y ritmo de competencia con una importante carga de partidos.<\/p>\n<p>Claro desgaste f\u00edsico que dej\u00f3 como saldo final la lesi\u00f3n de Braian Ponce. Viernes de descanso y traslado hacia la Ciudad Aut\u00f3noma de Buenos Aires.<\/p>\n<p>Ya en la capital del pa\u00eds el primer rival fue San Lorenzo donde los fueguinos cayeron ajustadamente por 3 ser a 2 con parciales 25-21\/24-26\/23-25\/25-22 y 15-6.<\/p>\n<p>Lo del domingo no fue bueno, quiz\u00e1s algo parecido a una de las derrotas con Villa Dora, 3 a 0 donde los set corridos para los de Liniers fueron 25-15\/25-17 y 30-28.<\/p>\n<p>Fundatec Universitario est\u00e1 en carrera, consigui\u00f3 puntos importantes y promete dar batalla cuando se presente como local en el norte de la isla.<\/p>\n<p>&nbsp;<\/p>\n<p>&nbsp;<\/p>\n<div class='epvc-post-count'><span class='epvc-eye'><\/span>  <span class=\"epvc-count\"> 1.461<\/span><span class='epvc-label'> veces le\u00edda<\/span><\/div>\n<div class=\"jwsharethis\">\nShare this: \n<br \/>\n<a href=\"mailto:?subject=Final%20de%20la%20gira%20para%20Fundatec%20Universitario&amp;body=http%3A%2F%2Flabestiadeportiva.com%2Flbd%2Ffinal-de-la-gira-para-fundatec-universitario%2F\">\n<img src=\"http:\/\/labestiadeportiva.com\/lbd\/wp-content\/plugins\/jw-share-this\/email.png\" alt=\"Share this page via Email\" \/>\n<\/a>\n<a target=\"_blank\" href=\"http:\/\/www.stumbleupon.com\/submit?url=http%3A%2F%2Flabestiadeportiva.com%2Flbd%2Ffinal-de-la-gira-para-fundatec-universitario%2F&amp;title=Final+de+la+gira+para+Fundatec+Universitario\">\n<img src=\"http:\/\/labestiadeportiva.com\/lbd\/wp-content\/plugins\/jw-share-this\/su.png\" alt=\"Share this page via Stumble Upon\" \/>\n<\/a>\n<a target=\"_blank\" href=\"http:\/\/digg.com\/submit?url=http%3A%2F%2Flabestiadeportiva.com%2Flbd%2Ffinal-de-la-gira-para-fundatec-universitario%2F&amp;title=Final+de+la+gira+para+Fundatec+Universitario\">\n<img src=\"http:\/\/labestiadeportiva.com\/lbd\/wp-content\/plugins\/jw-share-this\/digg.png\" alt=\"Share this page via Digg this\" \/>\n<\/a>\n<a target=\"_blank\" href=\"http:\/\/www.facebook.com\/sharer.php?u=http%3A%2F%2Flabestiadeportiva.com%2Flbd%2Ffinal-de-la-gira-para-fundatec-universitario%2F&amp;t=Final+de+la+gira+para+Fundatec+Universitario\">\n<img src=\"http:\/\/labestiadeportiva.com\/lbd\/wp-content\/plugins\/jw-share-this\/fb.png\" alt=\"Share this page via Facebook\" \/>\n<\/a>\n<a target=\"_blank\" href=\"http:\/\/twitter.com\/intent\/tweet?text=I+like+http%3A%2F%2Flabestiadeportiva.com%2Flbd%2Ffinal-de-la-gira-para-fundatec-universitario%2F&amp;title=Final+de+la+gira+para+Fundatec+Universitario\">\n<img src=\"http:\/\/labestiadeportiva.com\/lbd\/wp-content\/plugins\/jw-share-this\/twitter.png\" alt=\"Share this page via Twitter\" \/>\n<\/a>\n<\/div>\n","protected":false},"excerpt":{"rendered":"<p>El conjunto de Tierra del Fuego concluy\u00f3 este domingo su paso por Mar del Plata, Santa Fe, Rosario y CABA en el marco de la Liga A2 de v\u00f3ley. Siete partidos con cuatro ca\u00eddas y tres victorias. Este lunes por la noche el plantel regresar\u00e1 a la provincia. 1.461 veces le\u00edda Share this:<\/p>\n","protected":false},"author":1,"featured_media":31123,"comment_status":"open","ping_status":"open","sticky":false,"template":"","format":"standard","meta":[],"categories":[5,6,1,207],"tags":[3781,3787,3660,52],"_links":{"self":[{"href":"http:\/\/labestiadeportiva.com\/lbd\/wp-json\/wp\/v2\/posts\/31122"}],"collection":[{"href":"http:\/\/labestiadeportiva.com\/lbd\/wp-json\/wp\/v2\/posts"}],"about":[{"href":"http:\/\/labestiadeportiva.com\/lbd\/wp-json\/wp\/v2\/types\/post"}],"author":[{"embeddable":true,"href":"http:\/\/labestiadeportiva.com\/lbd\/wp-json\/wp\/v2\/users\/1"}],"replies":[{"embeddable":true,"href":"http:\/\/labestiadeportiva.com\/lbd\/wp-json\/wp\/v2\/comments?post=31122"}],"version-history":[{"count":3,"href":"http:\/\/labestiadeportiva.com\/lbd\/wp-json\/wp\/v2\/posts\/31122\/revisions"}],"predecessor-version":[{"id":31126,"href":"http:\/\/labestiadeportiva.com\/lbd\/wp-json\/wp\/v2\/posts\/31122\/revisions\/31126"}],"wp:featuredmedia":[{"embeddable":true,"href":"http:\/\/labestiadeportiva.com\/lbd\/wp-json\/wp\/v2\/media\/31123"}],"wp:attachment":[{"href":"http:\/\/labestiadeportiva.com\/lbd\/wp-json\/wp\/v2\/media?parent=31122"}],"wp:term":[{"taxonomy":"category","embeddable":true,"href":"http:\/\/labestiadeportiva.com\/lbd\/wp-json\/wp\/v2\/categories?post=31122"},{"taxonomy":"post_tag","embeddable":true,"href":"http:\/\/labestiadeportiva.com\/lbd\/wp-json\/wp\/v2\/tags?post=31122"}],"curies":[{"name":"wp","href":"https:\/\/api.w.org\/{rel}","templated":true}]}}