{"id":31148,"date":"2019-02-05T15:44:41","date_gmt":"2019-02-05T18:44:41","guid":{"rendered":"http:\/\/labestiadeportiva.com\/lbd\/?p=31148"},"modified":"2019-02-05T16:16:56","modified_gmt":"2019-02-05T19:16:56","slug":"estoy-contento-volvimos-al-clio-y-zp-con-quienes-tuvimos-grandes-resultados","status":"publish","type":"post","link":"http:\/\/labestiadeportiva.com\/lbd\/estoy-contento-volvimos-al-clio-y-zp-con-quienes-tuvimos-grandes-resultados\/","title":{"rendered":"\u00abEstoy contento, volvimos al ZP y el Cl\u00edo con quienes tuvimos grandes resultados\u00bb (Audio)"},"content":{"rendered":"<p><a href=\"http:\/\/labestiadeportiva.com\/lbd\/wp-content\/uploads\/2019\/02\/IMG-20190204-WA0023.jpg\"><img loading=\"lazy\" src=\"http:\/\/labestiadeportiva.com\/lbd\/wp-content\/uploads\/2019\/02\/IMG-20190204-WA0023-300x201.jpg\" alt=\"IMG-20190204-WA0023\" width=\"300\" height=\"201\" class=\"aligncenter size-medium wp-image-31149\" srcset=\"http:\/\/labestiadeportiva.com\/lbd\/wp-content\/uploads\/2019\/02\/IMG-20190204-WA0023-300x201.jpg 300w, http:\/\/labestiadeportiva.com\/lbd\/wp-content\/uploads\/2019\/02\/IMG-20190204-WA0023.jpg 960w\" sizes=\"(max-width: 300px) 100vw, 300px\" \/><\/a>El abanderado de la \u00abArmada Fueguina\u00bb ,Lucas Yerobi, confirm\u00f3 su participaci\u00f3n en el TP Clase 3 para la presente temporada. Lo har\u00e1 a bordo del Cl\u00edo junto al ZP Sports. Desde LBD charlamos con \u00e9l en busca de detalles, compartimos la entrevista lograda este lunes en la 94.1 FM del Sur. El campeonato comenzar\u00e1 el pr\u00f3ximo 3 de Marzo en Olavarr\u00eda.<!--more--><\/p>\n<p>https:\/\/youtu.be\/AhcIHhFxpdU<\/p>\n<div class='epvc-post-count'><span class='epvc-eye'><\/span>  <span class=\"epvc-count\"> 1.381<\/span><span class='epvc-label'> veces le\u00edda<\/span><\/div>\n<div class=\"jwsharethis\">\nShare this: \n<br \/>\n<a href=\"mailto:?subject=%C2%ABEstoy%20contento%2C%20volvimos%20al%20ZP%20y%20el%20Cl%C3%ADo%20con%20quienes%20tuvimos%20grandes%20resultados%C2%BB%20%28Audio%29&amp;body=http%3A%2F%2Flabestiadeportiva.com%2Flbd%2Festoy-contento-volvimos-al-clio-y-zp-con-quienes-tuvimos-grandes-resultados%2F\">\n<img src=\"http:\/\/labestiadeportiva.com\/lbd\/wp-content\/plugins\/jw-share-this\/email.png\" alt=\"Share this page via Email\" \/>\n<\/a>\n<a target=\"_blank\" href=\"http:\/\/www.stumbleupon.com\/submit?url=http%3A%2F%2Flabestiadeportiva.com%2Flbd%2Festoy-contento-volvimos-al-clio-y-zp-con-quienes-tuvimos-grandes-resultados%2F&amp;title=%C2%ABEstoy+contento%2C+volvimos+al+ZP+y+el+Cl%C3%ADo+con+quienes+tuvimos+grandes+resultados%C2%BB+%28Audio%29\">\n<img src=\"http:\/\/labestiadeportiva.com\/lbd\/wp-content\/plugins\/jw-share-this\/su.png\" alt=\"Share this page via Stumble Upon\" \/>\n<\/a>\n<a target=\"_blank\" href=\"http:\/\/digg.com\/submit?url=http%3A%2F%2Flabestiadeportiva.com%2Flbd%2Festoy-contento-volvimos-al-clio-y-zp-con-quienes-tuvimos-grandes-resultados%2F&amp;title=%C2%ABEstoy+contento%2C+volvimos+al+ZP+y+el+Cl%C3%ADo+con+quienes+tuvimos+grandes+resultados%C2%BB+%28Audio%29\">\n<img src=\"http:\/\/labestiadeportiva.com\/lbd\/wp-content\/plugins\/jw-share-this\/digg.png\" alt=\"Share this page via Digg this\" \/>\n<\/a>\n<a target=\"_blank\" href=\"http:\/\/www.facebook.com\/sharer.php?u=http%3A%2F%2Flabestiadeportiva.com%2Flbd%2Festoy-contento-volvimos-al-clio-y-zp-con-quienes-tuvimos-grandes-resultados%2F&amp;t=%C2%ABEstoy+contento%2C+volvimos+al+ZP+y+el+Cl%C3%ADo+con+quienes+tuvimos+grandes+resultados%C2%BB+%28Audio%29\">\n<img src=\"http:\/\/labestiadeportiva.com\/lbd\/wp-content\/plugins\/jw-share-this\/fb.png\" alt=\"Share this page via Facebook\" \/>\n<\/a>\n<a target=\"_blank\" href=\"http:\/\/twitter.com\/intent\/tweet?text=I+like+http%3A%2F%2Flabestiadeportiva.com%2Flbd%2Festoy-contento-volvimos-al-clio-y-zp-con-quienes-tuvimos-grandes-resultados%2F&amp;title=%C2%ABEstoy+contento%2C+volvimos+al+ZP+y+el+Cl%C3%ADo+con+quienes+tuvimos+grandes+resultados%C2%BB+%28Audio%29\">\n<img src=\"http:\/\/labestiadeportiva.com\/lbd\/wp-content\/plugins\/jw-share-this\/twitter.png\" alt=\"Share this page via Twitter\" \/>\n<\/a>\n<\/div>\n","protected":false},"excerpt":{"rendered":"<p>El abanderado de la \u00abArmada Fueguina\u00bb ,Lucas Yerobi, confirm\u00f3 su participaci\u00f3n en el TP Clase 3 para la presente temporada. Lo har\u00e1 a bordo del Cl\u00edo junto al ZP Sports. Desde LBD charlamos con \u00e9l en busca de detalles, compartimos la entrevista lograda este lunes en la 94.1 FM del Sur. El campeonato comenzar\u00e1 el &hellip; <a href=\"http:\/\/labestiadeportiva.com\/lbd\/estoy-contento-volvimos-al-clio-y-zp-con-quienes-tuvimos-grandes-resultados\/\" class=\"more-link\">Seguir leyendo <span class=\"screen-reader-text\">\u00abEstoy contento, volvimos al ZP y el Cl\u00edo con quienes tuvimos grandes resultados\u00bb (Audio)<\/span> <span class=\"meta-nav\">&rarr;<\/span><\/a><\/p>\n","protected":false},"author":1,"featured_media":31149,"comment_status":"open","ping_status":"open","sticky":false,"template":"","format":"standard","meta":[],"categories":[2135,5,6,60,1],"tags":[86,4838,3660,808,100],"_links":{"self":[{"href":"http:\/\/labestiadeportiva.com\/lbd\/wp-json\/wp\/v2\/posts\/31148"}],"collection":[{"href":"http:\/\/labestiadeportiva.com\/lbd\/wp-json\/wp\/v2\/posts"}],"about":[{"href":"http:\/\/labestiadeportiva.com\/lbd\/wp-json\/wp\/v2\/types\/post"}],"author":[{"embeddable":true,"href":"http:\/\/labestiadeportiva.com\/lbd\/wp-json\/wp\/v2\/users\/1"}],"replies":[{"embeddable":true,"href":"http:\/\/labestiadeportiva.com\/lbd\/wp-json\/wp\/v2\/comments?post=31148"}],"version-history":[{"count":3,"href":"http:\/\/labestiadeportiva.com\/lbd\/wp-json\/wp\/v2\/posts\/31148\/revisions"}],"predecessor-version":[{"id":31155,"href":"http:\/\/labestiadeportiva.com\/lbd\/wp-json\/wp\/v2\/posts\/31148\/revisions\/31155"}],"wp:featuredmedia":[{"embeddable":true,"href":"http:\/\/labestiadeportiva.com\/lbd\/wp-json\/wp\/v2\/media\/31149"}],"wp:attachment":[{"href":"http:\/\/labestiadeportiva.com\/lbd\/wp-json\/wp\/v2\/media?parent=31148"}],"wp:term":[{"taxonomy":"category","embeddable":true,"href":"http:\/\/labestiadeportiva.com\/lbd\/wp-json\/wp\/v2\/categories?post=31148"},{"taxonomy":"post_tag","embeddable":true,"href":"http:\/\/labestiadeportiva.com\/lbd\/wp-json\/wp\/v2\/tags?post=31148"}],"curies":[{"name":"wp","href":"https:\/\/api.w.org\/{rel}","templated":true}]}}