{"id":31348,"date":"2019-02-26T20:27:49","date_gmt":"2019-02-26T23:27:49","guid":{"rendered":"http:\/\/labestiadeportiva.com\/lbd\/?p=31348"},"modified":"2019-02-27T13:34:21","modified_gmt":"2019-02-27T16:34:21","slug":"la-delegacion-del-cau-rumbo-a-francia","status":"publish","type":"post","link":"http:\/\/labestiadeportiva.com\/lbd\/la-delegacion-del-cau-rumbo-a-francia\/","title":{"rendered":"La delegaci\u00f3n del CAU rumbo al viejo continente"},"content":{"rendered":"<p>&nbsp;<\/p>\n<p><a href=\"http:\/\/labestiadeportiva.com\/lbd\/wp-content\/uploads\/2019\/02\/IMG-20190226-WA00692.jpg\"><img loading=\"lazy\" class=\"aligncenter size-medium wp-image-31349\" src=\"http:\/\/labestiadeportiva.com\/lbd\/wp-content\/uploads\/2019\/02\/IMG-20190226-WA00692-300x262.jpg\" alt=\"IMG-20190226-WA0069~2\" width=\"300\" height=\"262\" srcset=\"http:\/\/labestiadeportiva.com\/lbd\/wp-content\/uploads\/2019\/02\/IMG-20190226-WA00692-300x262.jpg 300w, http:\/\/labestiadeportiva.com\/lbd\/wp-content\/uploads\/2019\/02\/IMG-20190226-WA00692.jpg 884w\" sizes=\"(max-width: 300px) 100vw, 300px\" \/><\/a>Entre el lunes y martes comenz\u00f3 el movimiento de la delegaci\u00f3n del Club Andino Ushuaia con destino final\u00a0 tierra francesa. Por delante stage de entrenamientos y competiciones con alrededor de 40 d\u00edas de duraci\u00f3n. El equipo esta integrado por seis deportistas y dos entrenadores. Desde LBD los detalles.<!--more--><\/p>\n<p>Los primeros en partir fueron Enzo Mair y Juli\u00e1n L\u00f3pez, luego lo hicieron Joaqu\u00edn Rodr\u00edguez, Valent\u00edn Alonso y Facundo Pardo. Hace un mes lo hizo Dante Vera mientras que desde el 14 de marzo se reunir\u00e1n con el equipo Valent\u00edn Moreno, Facundo Mendolia y Azul Ch\u00e1vez.<\/p>\n<p>Asimismo\u00a0Agustina Pardo viaj\u00f3 a Font Romeu hace 10 d\u00edas y el 28 participar\u00e1 de las universidades en Rusia para luego tambi\u00e9n desde el 14 sumarse al grupo.<\/p>\n<p>Los ushuaienses har\u00e1n base en el Pirineo Oriental, en el centro de esqui de Font Romeu dentro del marco del intercambio deportivo\/cultural que se lleva adelante donde los chicos son recibidos por deportistas locales quienes les brindan alojamiento, comidas, traslados a la monta\u00f1a, y pases.<\/p>\n<p>El objetivo de este intercambio es el de trabajar en la proyecci\u00f3n deportiva de los atletas del club, mediante la infraestructura de entrenamiento con la que cuenta el viejo continente,\u00a0 snowpark, airbag de entrenamiento de freestyle y centros de entrenamiento de destrezas.<\/p>\n<p>Se buscar\u00e1 lograr el m\u00e1ximo rendimiento tanto f\u00edsico, como t\u00e9cnico, y junto con la participaci\u00f3n en diferentes competencias, poder ir forjando a los atletas fueguinos para proyectarlos en la elite de la disciplina.<\/p>\n<p>Los j\u00f3venes estar\u00e1n participando de competencias en Andorra, como as\u00ed tambi\u00e9n en los campeonatos nacionales franceses, donde tendr\u00e1n la posibilidad de medirse con deportistas de muy alto nivel.<\/p>\n<p>Atletas de su edad, lo que los pone en un plano de an\u00e1lisis muy interesante para poder planificar la proyecciones deportivas de cada uno.<\/p>\n<p>Cabe destacar que este a\u00f1o los deportistas que entrenan dentro de los programas del CAU ser\u00e1n mayor\u00eda en los equipos nacionales que representaran al pa\u00eds en los mundiales junior Freestyle y SBX, siendo 6 atletas de nuestra ciudad quienes estar\u00e1n presentes en los eventos deportivos mas importante del a\u00f1o en materia de snowboard juvenil.<\/p>\n<p>En esta oportunidad los convocados son Facundo Mendiolia, Dante Vera, Valent\u00edn Moreno (suplente) y Azul Ch\u00e1vez en freestyle, m\u00e1s Agustina Pardo y Facundo Pardo en SBX (suplente)<\/p>\n<p>Finalmente tambi\u00e9n es importante mencionar que Diego Linares, Director deportivo de snowboard del CAU, a fines del invierno 2018 fue nombrado director t\u00e9cnico de AADIDESS, la asociaci\u00f3n argentina de instructores de esqui, snowboard y pisteros socorristas, instituci\u00f3n que desarrolla la formacion de los instructores de esqu\u00ed y snowborad y pisteros en Argentina.<\/p>\n<p>Por ende el ushuaiense estar\u00e1 represent\u00e1ndonos en el INTERSKI 2019, a llevarse a cabo en Pamporovo, Bulgaria, entre el 16 y 23 de marzo pr\u00f3ximo.<\/p>\n<div class='epvc-post-count'><span class='epvc-eye'><\/span>  <span class=\"epvc-count\"> 1.817<\/span><span class='epvc-label'> veces le\u00edda<\/span><\/div>\n<div class=\"jwsharethis\">\nShare this: \n<br \/>\n<a href=\"mailto:?subject=La%20delegaci%C3%B3n%20del%20CAU%20rumbo%20al%20viejo%20continente&amp;body=http%3A%2F%2Flabestiadeportiva.com%2Flbd%2Fla-delegacion-del-cau-rumbo-a-francia%2F\">\n<img src=\"http:\/\/labestiadeportiva.com\/lbd\/wp-content\/plugins\/jw-share-this\/email.png\" alt=\"Share this page via Email\" \/>\n<\/a>\n<a target=\"_blank\" href=\"http:\/\/www.stumbleupon.com\/submit?url=http%3A%2F%2Flabestiadeportiva.com%2Flbd%2Fla-delegacion-del-cau-rumbo-a-francia%2F&amp;title=La+delegaci%C3%B3n+del+CAU+rumbo+al+viejo+continente\">\n<img src=\"http:\/\/labestiadeportiva.com\/lbd\/wp-content\/plugins\/jw-share-this\/su.png\" alt=\"Share this page via Stumble Upon\" \/>\n<\/a>\n<a target=\"_blank\" href=\"http:\/\/digg.com\/submit?url=http%3A%2F%2Flabestiadeportiva.com%2Flbd%2Fla-delegacion-del-cau-rumbo-a-francia%2F&amp;title=La+delegaci%C3%B3n+del+CAU+rumbo+al+viejo+continente\">\n<img src=\"http:\/\/labestiadeportiva.com\/lbd\/wp-content\/plugins\/jw-share-this\/digg.png\" alt=\"Share this page via Digg this\" \/>\n<\/a>\n<a target=\"_blank\" href=\"http:\/\/www.facebook.com\/sharer.php?u=http%3A%2F%2Flabestiadeportiva.com%2Flbd%2Fla-delegacion-del-cau-rumbo-a-francia%2F&amp;t=La+delegaci%C3%B3n+del+CAU+rumbo+al+viejo+continente\">\n<img src=\"http:\/\/labestiadeportiva.com\/lbd\/wp-content\/plugins\/jw-share-this\/fb.png\" alt=\"Share this page via Facebook\" \/>\n<\/a>\n<a target=\"_blank\" href=\"http:\/\/twitter.com\/intent\/tweet?text=I+like+http%3A%2F%2Flabestiadeportiva.com%2Flbd%2Fla-delegacion-del-cau-rumbo-a-francia%2F&amp;title=La+delegaci%C3%B3n+del+CAU+rumbo+al+viejo+continente\">\n<img src=\"http:\/\/labestiadeportiva.com\/lbd\/wp-content\/plugins\/jw-share-this\/twitter.png\" alt=\"Share this page via Twitter\" \/>\n<\/a>\n<\/div>\n","protected":false},"excerpt":{"rendered":"<p>&nbsp; Entre el lunes y martes comenz\u00f3 el movimiento de la delegaci\u00f3n del Club Andino Ushuaia con destino final\u00a0 tierra francesa. Por delante stage de entrenamientos y competiciones con alrededor de 40 d\u00edas de duraci\u00f3n. El equipo esta integrado por seis deportistas y dos entrenadores. Desde LBD los detalles. 1.817 veces le\u00edda Share this:<\/p>\n","protected":false},"author":1,"featured_media":31349,"comment_status":"open","ping_status":"open","sticky":false,"template":"","format":"standard","meta":[],"categories":[5,4,6,41,1,2300],"tags":[42,1492,3660,358],"_links":{"self":[{"href":"http:\/\/labestiadeportiva.com\/lbd\/wp-json\/wp\/v2\/posts\/31348"}],"collection":[{"href":"http:\/\/labestiadeportiva.com\/lbd\/wp-json\/wp\/v2\/posts"}],"about":[{"href":"http:\/\/labestiadeportiva.com\/lbd\/wp-json\/wp\/v2\/types\/post"}],"author":[{"embeddable":true,"href":"http:\/\/labestiadeportiva.com\/lbd\/wp-json\/wp\/v2\/users\/1"}],"replies":[{"embeddable":true,"href":"http:\/\/labestiadeportiva.com\/lbd\/wp-json\/wp\/v2\/comments?post=31348"}],"version-history":[{"count":4,"href":"http:\/\/labestiadeportiva.com\/lbd\/wp-json\/wp\/v2\/posts\/31348\/revisions"}],"predecessor-version":[{"id":31353,"href":"http:\/\/labestiadeportiva.com\/lbd\/wp-json\/wp\/v2\/posts\/31348\/revisions\/31353"}],"wp:featuredmedia":[{"embeddable":true,"href":"http:\/\/labestiadeportiva.com\/lbd\/wp-json\/wp\/v2\/media\/31349"}],"wp:attachment":[{"href":"http:\/\/labestiadeportiva.com\/lbd\/wp-json\/wp\/v2\/media?parent=31348"}],"wp:term":[{"taxonomy":"category","embeddable":true,"href":"http:\/\/labestiadeportiva.com\/lbd\/wp-json\/wp\/v2\/categories?post=31348"},{"taxonomy":"post_tag","embeddable":true,"href":"http:\/\/labestiadeportiva.com\/lbd\/wp-json\/wp\/v2\/tags?post=31348"}],"curies":[{"name":"wp","href":"https:\/\/api.w.org\/{rel}","templated":true}]}}