{"id":31503,"date":"2019-03-15T00:25:48","date_gmt":"2019-03-15T03:25:48","guid":{"rendered":"http:\/\/labestiadeportiva.com\/lbd\/?p=31503"},"modified":"2019-03-15T00:41:31","modified_gmt":"2019-03-15T03:41:31","slug":"arranca-el-futsal-afa-con-novedades","status":"publish","type":"post","link":"http:\/\/labestiadeportiva.com\/lbd\/arranca-el-futsal-afa-con-novedades\/","title":{"rendered":"Arranca el Futsal AFA con novedades"},"content":{"rendered":"<p><a href=\"http:\/\/labestiadeportiva.com\/lbd\/wp-content\/uploads\/2019\/03\/FB_IMG_1552619054261.jpg\"><img loading=\"lazy\" class=\"alignnone size-medium wp-image-31504\" src=\"http:\/\/labestiadeportiva.com\/lbd\/wp-content\/uploads\/2019\/03\/FB_IMG_1552619054261-255x300.jpg\" alt=\"FB_IMG_1552619054261\" width=\"255\" height=\"300\" srcset=\"http:\/\/labestiadeportiva.com\/lbd\/wp-content\/uploads\/2019\/03\/FB_IMG_1552619054261-255x300.jpg 255w, http:\/\/labestiadeportiva.com\/lbd\/wp-content\/uploads\/2019\/03\/FB_IMG_1552619054261.jpg 457w\" sizes=\"(max-width: 255px) 100vw, 255px\" \/><\/a><\/p>\n<p>As\u00ed lo confirm\u00f3 el departamento de la disciplina de la Liga Ushuaiense. La primera fecha se jugar\u00e1 el domingo en el flamante campo de juego del Polideportivo Mercantil. La primera divisi\u00f3n tendr\u00e1 categor\u00eda \u00fanica con 17 equipos participantes. Se sumaron a la disciplina Comercio y Tigre. Desde LBD los detalles.<!--more--><\/p>\n<p>La competencia ser\u00e1 de ida y vuelta con Play Off a un partido donde el \u00faltimo ubicado quedar\u00e1 al margen.<\/p>\n<p>Se utilizar\u00e1n dos escenarios, el microestadio municipal Jos\u00e9 \u00abCochocho\u00bb Vargas y la nueva cancha de 20&#215;40 del Polideportivo Mercantil.<\/p>\n<p>Asimismo en algunos d\u00edas comenzar\u00e1 la instancia local de la Liga Nacional de la cu\u00e1l participar\u00e1n seis clubes, CAEF, Escuela de Futsal MB, Camioneros, Ateneo FC, Los Andes y Mercantil.<\/p>\n<p>Tambi\u00e9n este fin de semana se realizar\u00e1n amistosos femeninos preparatorios para el torneo que comenzar\u00e1 el fin de semana del 23 y 24 del corriente.<\/p>\n<p>Si bien los rumores de traspaso de CAFS hacia AFA son permanentes oficialmente pudo saberse que Comercio y Tigre ser\u00e1n de la partida.<\/p>\n<p><a href=\"http:\/\/labestiadeportiva.com\/lbd\/wp-content\/uploads\/2019\/03\/IMG-20190315-WA0000.jpg\"><img loading=\"lazy\" class=\"alignnone size-medium wp-image-31508\" src=\"http:\/\/labestiadeportiva.com\/lbd\/wp-content\/uploads\/2019\/03\/IMG-20190315-WA0000-300x235.jpg\" alt=\"IMG-20190315-WA0000\" width=\"300\" height=\"235\" srcset=\"http:\/\/labestiadeportiva.com\/lbd\/wp-content\/uploads\/2019\/03\/IMG-20190315-WA0000-300x235.jpg 300w, http:\/\/labestiadeportiva.com\/lbd\/wp-content\/uploads\/2019\/03\/IMG-20190315-WA0000.jpg 512w\" sizes=\"(max-width: 300px) 100vw, 300px\" \/><\/a><\/p>\n<p>&nbsp;<\/p>\n<div class='epvc-post-count'><span class='epvc-eye'><\/span>  <span class=\"epvc-count\"> 1.352<\/span><span class='epvc-label'> veces le\u00edda<\/span><\/div>\n<div class=\"jwsharethis\">\nShare this: \n<br \/>\n<a href=\"mailto:?subject=Arranca%20el%20Futsal%20AFA%20con%20novedades&amp;body=http%3A%2F%2Flabestiadeportiva.com%2Flbd%2Farranca-el-futsal-afa-con-novedades%2F\">\n<img src=\"http:\/\/labestiadeportiva.com\/lbd\/wp-content\/plugins\/jw-share-this\/email.png\" alt=\"Share this page via Email\" \/>\n<\/a>\n<a target=\"_blank\" href=\"http:\/\/www.stumbleupon.com\/submit?url=http%3A%2F%2Flabestiadeportiva.com%2Flbd%2Farranca-el-futsal-afa-con-novedades%2F&amp;title=Arranca+el+Futsal+AFA+con+novedades\">\n<img src=\"http:\/\/labestiadeportiva.com\/lbd\/wp-content\/plugins\/jw-share-this\/su.png\" alt=\"Share this page via Stumble Upon\" \/>\n<\/a>\n<a target=\"_blank\" href=\"http:\/\/digg.com\/submit?url=http%3A%2F%2Flabestiadeportiva.com%2Flbd%2Farranca-el-futsal-afa-con-novedades%2F&amp;title=Arranca+el+Futsal+AFA+con+novedades\">\n<img src=\"http:\/\/labestiadeportiva.com\/lbd\/wp-content\/plugins\/jw-share-this\/digg.png\" alt=\"Share this page via Digg this\" \/>\n<\/a>\n<a target=\"_blank\" href=\"http:\/\/www.facebook.com\/sharer.php?u=http%3A%2F%2Flabestiadeportiva.com%2Flbd%2Farranca-el-futsal-afa-con-novedades%2F&amp;t=Arranca+el+Futsal+AFA+con+novedades\">\n<img src=\"http:\/\/labestiadeportiva.com\/lbd\/wp-content\/plugins\/jw-share-this\/fb.png\" alt=\"Share this page via Facebook\" \/>\n<\/a>\n<a target=\"_blank\" href=\"http:\/\/twitter.com\/intent\/tweet?text=I+like+http%3A%2F%2Flabestiadeportiva.com%2Flbd%2Farranca-el-futsal-afa-con-novedades%2F&amp;title=Arranca+el+Futsal+AFA+con+novedades\">\n<img src=\"http:\/\/labestiadeportiva.com\/lbd\/wp-content\/plugins\/jw-share-this\/twitter.png\" alt=\"Share this page via Twitter\" \/>\n<\/a>\n<\/div>\n","protected":false},"excerpt":{"rendered":"<p>As\u00ed lo confirm\u00f3 el departamento de la disciplina de la Liga Ushuaiense. La primera fecha se jugar\u00e1 el domingo en el flamante campo de juego del Polideportivo Mercantil. La primera divisi\u00f3n tendr\u00e1 categor\u00eda \u00fanica con 17 equipos participantes. Se sumaron a la disciplina Comercio y Tigre. Desde LBD los detalles. 1.352 veces le\u00edda Share this:<\/p>\n","protected":false},"author":1,"featured_media":31504,"comment_status":"open","ping_status":"open","sticky":false,"template":"","format":"standard","meta":[],"categories":[5,47,1],"tags":[30,48,3660,798],"_links":{"self":[{"href":"http:\/\/labestiadeportiva.com\/lbd\/wp-json\/wp\/v2\/posts\/31503"}],"collection":[{"href":"http:\/\/labestiadeportiva.com\/lbd\/wp-json\/wp\/v2\/posts"}],"about":[{"href":"http:\/\/labestiadeportiva.com\/lbd\/wp-json\/wp\/v2\/types\/post"}],"author":[{"embeddable":true,"href":"http:\/\/labestiadeportiva.com\/lbd\/wp-json\/wp\/v2\/users\/1"}],"replies":[{"embeddable":true,"href":"http:\/\/labestiadeportiva.com\/lbd\/wp-json\/wp\/v2\/comments?post=31503"}],"version-history":[{"count":4,"href":"http:\/\/labestiadeportiva.com\/lbd\/wp-json\/wp\/v2\/posts\/31503\/revisions"}],"predecessor-version":[{"id":31510,"href":"http:\/\/labestiadeportiva.com\/lbd\/wp-json\/wp\/v2\/posts\/31503\/revisions\/31510"}],"wp:featuredmedia":[{"embeddable":true,"href":"http:\/\/labestiadeportiva.com\/lbd\/wp-json\/wp\/v2\/media\/31504"}],"wp:attachment":[{"href":"http:\/\/labestiadeportiva.com\/lbd\/wp-json\/wp\/v2\/media?parent=31503"}],"wp:term":[{"taxonomy":"category","embeddable":true,"href":"http:\/\/labestiadeportiva.com\/lbd\/wp-json\/wp\/v2\/categories?post=31503"},{"taxonomy":"post_tag","embeddable":true,"href":"http:\/\/labestiadeportiva.com\/lbd\/wp-json\/wp\/v2\/tags?post=31503"}],"curies":[{"name":"wp","href":"https:\/\/api.w.org\/{rel}","templated":true}]}}