{"id":31650,"date":"2019-03-27T01:04:46","date_gmt":"2019-03-27T04:04:46","guid":{"rendered":"http:\/\/labestiadeportiva.com\/lbd\/?p=31650"},"modified":"2019-03-27T01:04:46","modified_gmt":"2019-03-27T04:04:46","slug":"el-gran-maestro-han-chang-kim-en-rio-grande","status":"publish","type":"post","link":"http:\/\/labestiadeportiva.com\/lbd\/el-gran-maestro-han-chang-kim-en-rio-grande\/","title":{"rendered":"El Gran Maestro Han Chang Kim en R\u00edo Grande"},"content":{"rendered":"<p><a href=\"http:\/\/labestiadeportiva.com\/lbd\/wp-content\/uploads\/2019\/03\/IMG-20190325-WA0003.jpg\"><img loading=\"lazy\" class=\"aligncenter size-medium wp-image-31651\" src=\"http:\/\/labestiadeportiva.com\/lbd\/wp-content\/uploads\/2019\/03\/IMG-20190325-WA0003-300x259.jpg\" alt=\"IMG-20190325-WA0003\" width=\"300\" height=\"259\" srcset=\"http:\/\/labestiadeportiva.com\/lbd\/wp-content\/uploads\/2019\/03\/IMG-20190325-WA0003-300x259.jpg 300w, http:\/\/labestiadeportiva.com\/lbd\/wp-content\/uploads\/2019\/03\/IMG-20190325-WA0003.jpg 667w\" sizes=\"(max-width: 300px) 100vw, 300px\" \/><\/a>M\u00e1s de un centenar de practicantes participaron de la clase dictada por el GM Kim el pasado s\u00e1bado 23 en instalaciones del gimnasio de la Escuela Provincial N\u00famero 7. Visita de lujo para El taekwondo Ol\u00edmpico. El ilustreivisitante fue nombrado \u00abPersonalidad Destacada\u00bb por el Gobierno Provincial.<!--more--><\/p>\n<p>Kim realiz\u00f3 las acciones secundado por uno de sus primeros alumnos el GM Carlos Algranati (8vo. Dan).<\/p>\n<p>Estuvieron presentes escuelas de las tres ciudades de la provincia, Moo Duk Kwan Tolhuin a cargo del Kwan Yang Nim Gast\u00f3n Vera; Escuela de Taekwondo del Fin del Mundo del Sabom Nim Omar Verdun; Escuela Yun Moo Kwan Ushuaia del Sabom Nim Ernesto Cordoba; de R\u00edo Grande la Asociaci\u00f3n de Taekwondo Deportivo a cargo de su presidente el Sabom Nim Cesar Bravo; Escuela Municipal del Sabom Nim Marcelo Villarroel y la organizadora Escuela ATP a cargo del Sabon Nahuel de Oro y Julio Cruz.<\/p>\n<p><a href=\"http:\/\/labestiadeportiva.com\/lbd\/wp-content\/uploads\/2019\/03\/IMG-20190325-WA0004.jpg\"><img loading=\"lazy\" class=\"aligncenter size-medium wp-image-31652\" src=\"http:\/\/labestiadeportiva.com\/lbd\/wp-content\/uploads\/2019\/03\/IMG-20190325-WA0004-300x225.jpg\" alt=\"IMG-20190325-WA0004\" width=\"300\" height=\"225\" srcset=\"http:\/\/labestiadeportiva.com\/lbd\/wp-content\/uploads\/2019\/03\/IMG-20190325-WA0004-300x225.jpg 300w, http:\/\/labestiadeportiva.com\/lbd\/wp-content\/uploads\/2019\/03\/IMG-20190325-WA0004.jpg 960w\" sizes=\"(max-width: 300px) 100vw, 300px\" \/><\/a><\/p>\n<p>&nbsp;<\/p>\n<div class='epvc-post-count'><span class='epvc-eye'><\/span>  <span class=\"epvc-count\"> 1.598<\/span><span class='epvc-label'> veces le\u00edda<\/span><\/div>\n<div class=\"jwsharethis\">\nShare this: \n<br \/>\n<a href=\"mailto:?subject=El%20Gran%20Maestro%20Han%20Chang%20Kim%20en%20R%C3%ADo%20Grande&amp;body=http%3A%2F%2Flabestiadeportiva.com%2Flbd%2Fel-gran-maestro-han-chang-kim-en-rio-grande%2F\">\n<img src=\"http:\/\/labestiadeportiva.com\/lbd\/wp-content\/plugins\/jw-share-this\/email.png\" alt=\"Share this page via Email\" \/>\n<\/a>\n<a target=\"_blank\" href=\"http:\/\/www.stumbleupon.com\/submit?url=http%3A%2F%2Flabestiadeportiva.com%2Flbd%2Fel-gran-maestro-han-chang-kim-en-rio-grande%2F&amp;title=El+Gran+Maestro+Han+Chang+Kim+en+R%C3%ADo+Grande\">\n<img src=\"http:\/\/labestiadeportiva.com\/lbd\/wp-content\/plugins\/jw-share-this\/su.png\" alt=\"Share this page via Stumble Upon\" \/>\n<\/a>\n<a target=\"_blank\" href=\"http:\/\/digg.com\/submit?url=http%3A%2F%2Flabestiadeportiva.com%2Flbd%2Fel-gran-maestro-han-chang-kim-en-rio-grande%2F&amp;title=El+Gran+Maestro+Han+Chang+Kim+en+R%C3%ADo+Grande\">\n<img src=\"http:\/\/labestiadeportiva.com\/lbd\/wp-content\/plugins\/jw-share-this\/digg.png\" alt=\"Share this page via Digg this\" \/>\n<\/a>\n<a target=\"_blank\" href=\"http:\/\/www.facebook.com\/sharer.php?u=http%3A%2F%2Flabestiadeportiva.com%2Flbd%2Fel-gran-maestro-han-chang-kim-en-rio-grande%2F&amp;t=El+Gran+Maestro+Han+Chang+Kim+en+R%C3%ADo+Grande\">\n<img src=\"http:\/\/labestiadeportiva.com\/lbd\/wp-content\/plugins\/jw-share-this\/fb.png\" alt=\"Share this page via Facebook\" \/>\n<\/a>\n<a target=\"_blank\" href=\"http:\/\/twitter.com\/intent\/tweet?text=I+like+http%3A%2F%2Flabestiadeportiva.com%2Flbd%2Fel-gran-maestro-han-chang-kim-en-rio-grande%2F&amp;title=El+Gran+Maestro+Han+Chang+Kim+en+R%C3%ADo+Grande\">\n<img src=\"http:\/\/labestiadeportiva.com\/lbd\/wp-content\/plugins\/jw-share-this\/twitter.png\" alt=\"Share this page via Twitter\" \/>\n<\/a>\n<\/div>\n","protected":false},"excerpt":{"rendered":"<p>M\u00e1s de un centenar de practicantes participaron de la clase dictada por el GM Kim el pasado s\u00e1bado 23 en instalaciones del gimnasio de la Escuela Provincial N\u00famero 7. Visita de lujo para El taekwondo Ol\u00edmpico. El ilustreivisitante fue nombrado \u00abPersonalidad Destacada\u00bb por el Gobierno Provincial. 1.598 veces le\u00edda Share this:<\/p>\n","protected":false},"author":1,"featured_media":31651,"comment_status":"open","ping_status":"open","sticky":false,"template":"","format":"standard","meta":[],"categories":[3019,5,4,6,1],"tags":[3836,3660,3553,254],"_links":{"self":[{"href":"http:\/\/labestiadeportiva.com\/lbd\/wp-json\/wp\/v2\/posts\/31650"}],"collection":[{"href":"http:\/\/labestiadeportiva.com\/lbd\/wp-json\/wp\/v2\/posts"}],"about":[{"href":"http:\/\/labestiadeportiva.com\/lbd\/wp-json\/wp\/v2\/types\/post"}],"author":[{"embeddable":true,"href":"http:\/\/labestiadeportiva.com\/lbd\/wp-json\/wp\/v2\/users\/1"}],"replies":[{"embeddable":true,"href":"http:\/\/labestiadeportiva.com\/lbd\/wp-json\/wp\/v2\/comments?post=31650"}],"version-history":[{"count":1,"href":"http:\/\/labestiadeportiva.com\/lbd\/wp-json\/wp\/v2\/posts\/31650\/revisions"}],"predecessor-version":[{"id":31653,"href":"http:\/\/labestiadeportiva.com\/lbd\/wp-json\/wp\/v2\/posts\/31650\/revisions\/31653"}],"wp:featuredmedia":[{"embeddable":true,"href":"http:\/\/labestiadeportiva.com\/lbd\/wp-json\/wp\/v2\/media\/31651"}],"wp:attachment":[{"href":"http:\/\/labestiadeportiva.com\/lbd\/wp-json\/wp\/v2\/media?parent=31650"}],"wp:term":[{"taxonomy":"category","embeddable":true,"href":"http:\/\/labestiadeportiva.com\/lbd\/wp-json\/wp\/v2\/categories?post=31650"},{"taxonomy":"post_tag","embeddable":true,"href":"http:\/\/labestiadeportiva.com\/lbd\/wp-json\/wp\/v2\/tags?post=31650"}],"curies":[{"name":"wp","href":"https:\/\/api.w.org\/{rel}","templated":true}]}}