{"id":31736,"date":"2019-04-05T11:37:37","date_gmt":"2019-04-05T14:37:37","guid":{"rendered":"http:\/\/labestiadeportiva.com\/lbd\/?p=31736"},"modified":"2019-04-05T11:37:37","modified_gmt":"2019-04-05T14:37:37","slug":"nuestra-carrera-es-la-unica-ultra-trail-mont-blanc-en-america-audio","status":"publish","type":"post","link":"http:\/\/labestiadeportiva.com\/lbd\/nuestra-carrera-es-la-unica-ultra-trail-mont-blanc-en-america-audio\/","title":{"rendered":"\u00abNuestra carrera es la \u00fanica Ultra Trail Mont Blanc en Am\u00e9rica\u00bb (Audio)"},"content":{"rendered":"<p><a href=\"http:\/\/labestiadeportiva.com\/lbd\/wp-content\/uploads\/2019\/04\/IMG-20190402-WA0025.jpg\"><img loading=\"lazy\" src=\"http:\/\/labestiadeportiva.com\/lbd\/wp-content\/uploads\/2019\/04\/IMG-20190402-WA0025-168x300.jpg\" alt=\"IMG-20190402-WA0025\" width=\"168\" height=\"300\" class=\"aligncenter size-medium wp-image-31737\" srcset=\"http:\/\/labestiadeportiva.com\/lbd\/wp-content\/uploads\/2019\/04\/IMG-20190402-WA0025-168x300.jpg 168w, http:\/\/labestiadeportiva.com\/lbd\/wp-content\/uploads\/2019\/04\/IMG-20190402-WA0025.jpg 575w\" sizes=\"(max-width: 168px) 100vw, 168px\" \/><\/a><br \/>\nHoras previas para el comienzo de la competencia internacional de 130, 70, 50 y 35 k. 1.000 participantes de 28 pa\u00edses estar\u00e1n en l\u00ednea de largada en \u00abLa Mosca Loca\u00bb y Playa Larga. Desde LBD nos comunicamos con Juan Pablo Tarelli quien forma parte de la organizaci\u00f3n. Historia del UTMB, su llegada al continente y detalles de la edici\u00f3n Ushuaiense los principales temas de la charla lograda en la 94.1 FM del Sur.<!--more--><\/p>\n<p>https:\/\/youtu.be\/1i54L-K6_dI<\/p>\n<div class='epvc-post-count'><span class='epvc-eye'><\/span>  <span class=\"epvc-count\"> 1.257<\/span><span class='epvc-label'> veces le\u00edda<\/span><\/div>\n<div class=\"jwsharethis\">\nShare this: \n<br \/>\n<a href=\"mailto:?subject=%C2%ABNuestra%20carrera%20es%20la%20%C3%BAnica%20Ultra%20Trail%20Mont%20Blanc%20en%20Am%C3%A9rica%C2%BB%20%28Audio%29&amp;body=http%3A%2F%2Flabestiadeportiva.com%2Flbd%2Fnuestra-carrera-es-la-unica-ultra-trail-mont-blanc-en-america-audio%2F\">\n<img src=\"http:\/\/labestiadeportiva.com\/lbd\/wp-content\/plugins\/jw-share-this\/email.png\" alt=\"Share this page via Email\" \/>\n<\/a>\n<a target=\"_blank\" href=\"http:\/\/www.stumbleupon.com\/submit?url=http%3A%2F%2Flabestiadeportiva.com%2Flbd%2Fnuestra-carrera-es-la-unica-ultra-trail-mont-blanc-en-america-audio%2F&amp;title=%C2%ABNuestra+carrera+es+la+%C3%BAnica+Ultra+Trail+Mont+Blanc+en+Am%C3%A9rica%C2%BB+%28Audio%29\">\n<img src=\"http:\/\/labestiadeportiva.com\/lbd\/wp-content\/plugins\/jw-share-this\/su.png\" alt=\"Share this page via Stumble Upon\" \/>\n<\/a>\n<a target=\"_blank\" href=\"http:\/\/digg.com\/submit?url=http%3A%2F%2Flabestiadeportiva.com%2Flbd%2Fnuestra-carrera-es-la-unica-ultra-trail-mont-blanc-en-america-audio%2F&amp;title=%C2%ABNuestra+carrera+es+la+%C3%BAnica+Ultra+Trail+Mont+Blanc+en+Am%C3%A9rica%C2%BB+%28Audio%29\">\n<img src=\"http:\/\/labestiadeportiva.com\/lbd\/wp-content\/plugins\/jw-share-this\/digg.png\" alt=\"Share this page via Digg this\" \/>\n<\/a>\n<a target=\"_blank\" href=\"http:\/\/www.facebook.com\/sharer.php?u=http%3A%2F%2Flabestiadeportiva.com%2Flbd%2Fnuestra-carrera-es-la-unica-ultra-trail-mont-blanc-en-america-audio%2F&amp;t=%C2%ABNuestra+carrera+es+la+%C3%BAnica+Ultra+Trail+Mont+Blanc+en+Am%C3%A9rica%C2%BB+%28Audio%29\">\n<img src=\"http:\/\/labestiadeportiva.com\/lbd\/wp-content\/plugins\/jw-share-this\/fb.png\" alt=\"Share this page via Facebook\" \/>\n<\/a>\n<a target=\"_blank\" href=\"http:\/\/twitter.com\/intent\/tweet?text=I+like+http%3A%2F%2Flabestiadeportiva.com%2Flbd%2Fnuestra-carrera-es-la-unica-ultra-trail-mont-blanc-en-america-audio%2F&amp;title=%C2%ABNuestra+carrera+es+la+%C3%BAnica+Ultra+Trail+Mont+Blanc+en+Am%C3%A9rica%C2%BB+%28Audio%29\">\n<img src=\"http:\/\/labestiadeportiva.com\/lbd\/wp-content\/plugins\/jw-share-this\/twitter.png\" alt=\"Share this page via Twitter\" \/>\n<\/a>\n<\/div>\n","protected":false},"excerpt":{"rendered":"<p>Horas previas para el comienzo de la competencia internacional de 130, 70, 50 y 35 k. 1.000 participantes de 28 pa\u00edses estar\u00e1n en l\u00ednea de largada en \u00abLa Mosca Loca\u00bb y Playa Larga. Desde LBD nos comunicamos con Juan Pablo Tarelli quien forma parte de la organizaci\u00f3n. Historia del UTMB, su llegada al continente y &hellip; <a href=\"http:\/\/labestiadeportiva.com\/lbd\/nuestra-carrera-es-la-unica-ultra-trail-mont-blanc-en-america-audio\/\" class=\"more-link\">Seguir leyendo <span class=\"screen-reader-text\">\u00abNuestra carrera es la \u00fanica Ultra Trail Mont Blanc en Am\u00e9rica\u00bb (Audio)<\/span> <span class=\"meta-nav\">&rarr;<\/span><\/a><\/p>\n","protected":false},"author":1,"featured_media":31737,"comment_status":"open","ping_status":"open","sticky":false,"template":"","format":"standard","meta":[],"categories":[22,5,4,6,60,1],"tags":[4838,3660,3847,3846,3845],"_links":{"self":[{"href":"http:\/\/labestiadeportiva.com\/lbd\/wp-json\/wp\/v2\/posts\/31736"}],"collection":[{"href":"http:\/\/labestiadeportiva.com\/lbd\/wp-json\/wp\/v2\/posts"}],"about":[{"href":"http:\/\/labestiadeportiva.com\/lbd\/wp-json\/wp\/v2\/types\/post"}],"author":[{"embeddable":true,"href":"http:\/\/labestiadeportiva.com\/lbd\/wp-json\/wp\/v2\/users\/1"}],"replies":[{"embeddable":true,"href":"http:\/\/labestiadeportiva.com\/lbd\/wp-json\/wp\/v2\/comments?post=31736"}],"version-history":[{"count":1,"href":"http:\/\/labestiadeportiva.com\/lbd\/wp-json\/wp\/v2\/posts\/31736\/revisions"}],"predecessor-version":[{"id":31738,"href":"http:\/\/labestiadeportiva.com\/lbd\/wp-json\/wp\/v2\/posts\/31736\/revisions\/31738"}],"wp:featuredmedia":[{"embeddable":true,"href":"http:\/\/labestiadeportiva.com\/lbd\/wp-json\/wp\/v2\/media\/31737"}],"wp:attachment":[{"href":"http:\/\/labestiadeportiva.com\/lbd\/wp-json\/wp\/v2\/media?parent=31736"}],"wp:term":[{"taxonomy":"category","embeddable":true,"href":"http:\/\/labestiadeportiva.com\/lbd\/wp-json\/wp\/v2\/categories?post=31736"},{"taxonomy":"post_tag","embeddable":true,"href":"http:\/\/labestiadeportiva.com\/lbd\/wp-json\/wp\/v2\/tags?post=31736"}],"curies":[{"name":"wp","href":"https:\/\/api.w.org\/{rel}","templated":true}]}}