{"id":31739,"date":"2019-04-07T22:11:15","date_gmt":"2019-04-08T01:11:15","guid":{"rendered":"http:\/\/labestiadeportiva.com\/lbd\/?p=31739"},"modified":"2019-04-07T22:11:15","modified_gmt":"2019-04-08T01:11:15","slug":"buen-arranque-de-temporada","status":"publish","type":"post","link":"http:\/\/labestiadeportiva.com\/lbd\/buen-arranque-de-temporada\/","title":{"rendered":"Buen arranque de temporada"},"content":{"rendered":"<p><a href=\"http:\/\/labestiadeportiva.com\/lbd\/wp-content\/uploads\/2019\/04\/HC_849209.jpg\"><img loading=\"lazy\" src=\"http:\/\/labestiadeportiva.com\/lbd\/wp-content\/uploads\/2019\/04\/HC_849209-300x200.jpg\" alt=\"HC_849209\" width=\"300\" height=\"200\" class=\"aligncenter size-medium wp-image-31740\" srcset=\"http:\/\/labestiadeportiva.com\/lbd\/wp-content\/uploads\/2019\/04\/HC_849209-300x200.jpg 300w, http:\/\/labestiadeportiva.com\/lbd\/wp-content\/uploads\/2019\/04\/HC_849209-1024x683.jpg 1024w, http:\/\/labestiadeportiva.com\/lbd\/wp-content\/uploads\/2019\/04\/HC_849209.jpg 1620w\" sizes=\"(max-width: 300px) 100vw, 300px\" \/><\/a>Este fin de semana el piloto riograndense, Nicol\u00e1s Blanchard, volvi\u00f3 a subirse al monoplaza de equipo Gabriel Werner Competici\u00f3n dentro de la F\u00f3rmula Renault. Se ubic\u00f3 en el quinto lugar en la dos finales que se corrieron, esto le garantiz\u00f3 el cuarto lugar en el campeonato en la primera fecha del a\u00f1o. Fuente y fotos prensa Blanchard.<!--more--><\/p>\n<p>El viernes fue el primer d\u00eda del j\u00f3ven piloto a bordo de su unidad, lamentablemente no pudo hacer pretemporada ya que por cuestiones presupuestarias su participaci\u00f3n no estaba confirmada cuando el equipo puso los autos en pista en Entre R\u00edos antes del inicio del campeonato. <\/p>\n<p>Sin embargo, sus primeros giros de este a\u00f1o fueron buenos: se ubic\u00f3 s\u00e9ptimo a 600 mil\u00e9simas del puntero habiendo girado una sola vuelta con cubiertas nuevas. <\/p>\n<p>En la tanda clasificatoria del s\u00e1bado el fueguino se qued\u00f3 con el octavo puesto, lo que le permiti\u00f3 largar desde el tercer lugar en la primera final de la fecha por la grilla invertida. <\/p>\n<p>En esa tanda Nicol\u00e1s pele\u00f3 por el segundo puesto buscando subir al podio cuando caiga la bandera a cuadros. Sin embargo, pis\u00f3 una mancha de aceite en la pista y cay\u00f3 al quinto lugar. <\/p>\n<p>El domingo larg\u00f3 desde el octavo puesto con el objetivo de avanzar: <\/p>\n<p>\u201cSabemos que en este campeonato queremos ser protagonistas, por eso hay que pensar en cada fecha para sumar puntos. Nos mantuvimos en la pista esperando el momento preciso para avanzar\u201d, coment\u00f3 Nicol\u00e1s. <\/p>\n<p>Por el despiste de otros pilotos, el fueguino se adjudic\u00f3 el quinto puesto sin mayores esfuerzos: <\/p>\n<p>\u201cNos concentramos en tener un ritmo firme, pero sin arriesgar. Hubo demasiados despistes y no quer\u00edamos perder los puntos de la fecha\u201d. <\/p>\n<p>Al terminar esta fecha Nicol\u00e1s qued\u00f3 ubicado en el cuarto lugar del campeonato. La pr\u00f3xima competencia de la F\u00f3rmula 2.0 Renault Copa Pirelli ser\u00e1 el 28 de abril en Roca, R\u00edo Negro. <\/p>\n<p>Nicol\u00e1s agradece el apoyo de la Agencia Municipal de Deportes y Juventud de R\u00edo Grande. A la Subsecretar\u00eda de Deporte Comunitario del Gobierno Provincial y todos los fueguinos que lo acompa\u00f1an en cada fecha. <\/p>\n<p><a href=\"http:\/\/labestiadeportiva.com\/lbd\/wp-content\/uploads\/2019\/04\/HC_848625.jpg\"><img loading=\"lazy\" src=\"http:\/\/labestiadeportiva.com\/lbd\/wp-content\/uploads\/2019\/04\/HC_848625-300x200.jpg\" alt=\"HC_848625\" width=\"300\" height=\"200\" class=\"aligncenter size-medium wp-image-31741\" srcset=\"http:\/\/labestiadeportiva.com\/lbd\/wp-content\/uploads\/2019\/04\/HC_848625-300x200.jpg 300w, http:\/\/labestiadeportiva.com\/lbd\/wp-content\/uploads\/2019\/04\/HC_848625-1024x682.jpg 1024w, http:\/\/labestiadeportiva.com\/lbd\/wp-content\/uploads\/2019\/04\/HC_848625.jpg 1620w\" sizes=\"(max-width: 300px) 100vw, 300px\" \/><\/a><\/p>\n<div class='epvc-post-count'><span class='epvc-eye'><\/span>  <span class=\"epvc-count\"> 1.068<\/span><span class='epvc-label'> veces le\u00edda<\/span><\/div>\n<div class=\"jwsharethis\">\nShare this: \n<br \/>\n<a href=\"mailto:?subject=Buen%20arranque%20de%20temporada&amp;body=http%3A%2F%2Flabestiadeportiva.com%2Flbd%2Fbuen-arranque-de-temporada%2F\">\n<img src=\"http:\/\/labestiadeportiva.com\/lbd\/wp-content\/plugins\/jw-share-this\/email.png\" alt=\"Share this page via Email\" \/>\n<\/a>\n<a target=\"_blank\" href=\"http:\/\/www.stumbleupon.com\/submit?url=http%3A%2F%2Flabestiadeportiva.com%2Flbd%2Fbuen-arranque-de-temporada%2F&amp;title=Buen+arranque+de+temporada\">\n<img src=\"http:\/\/labestiadeportiva.com\/lbd\/wp-content\/plugins\/jw-share-this\/su.png\" alt=\"Share this page via Stumble Upon\" \/>\n<\/a>\n<a target=\"_blank\" href=\"http:\/\/digg.com\/submit?url=http%3A%2F%2Flabestiadeportiva.com%2Flbd%2Fbuen-arranque-de-temporada%2F&amp;title=Buen+arranque+de+temporada\">\n<img src=\"http:\/\/labestiadeportiva.com\/lbd\/wp-content\/plugins\/jw-share-this\/digg.png\" alt=\"Share this page via Digg this\" \/>\n<\/a>\n<a target=\"_blank\" href=\"http:\/\/www.facebook.com\/sharer.php?u=http%3A%2F%2Flabestiadeportiva.com%2Flbd%2Fbuen-arranque-de-temporada%2F&amp;t=Buen+arranque+de+temporada\">\n<img src=\"http:\/\/labestiadeportiva.com\/lbd\/wp-content\/plugins\/jw-share-this\/fb.png\" alt=\"Share this page via Facebook\" \/>\n<\/a>\n<a target=\"_blank\" href=\"http:\/\/twitter.com\/intent\/tweet?text=I+like+http%3A%2F%2Flabestiadeportiva.com%2Flbd%2Fbuen-arranque-de-temporada%2F&amp;title=Buen+arranque+de+temporada\">\n<img src=\"http:\/\/labestiadeportiva.com\/lbd\/wp-content\/plugins\/jw-share-this\/twitter.png\" alt=\"Share this page via Twitter\" \/>\n<\/a>\n<\/div>\n","protected":false},"excerpt":{"rendered":"<p>Este fin de semana el piloto riograndense, Nicol\u00e1s Blanchard, volvi\u00f3 a subirse al monoplaza de equipo Gabriel Werner Competici\u00f3n dentro de la F\u00f3rmula Renault. Se ubic\u00f3 en el quinto lugar en la dos finales que se corrieron, esto le garantiz\u00f3 el cuarto lugar en el campeonato en la primera fecha del a\u00f1o. Fuente y fotos &hellip; <a href=\"http:\/\/labestiadeportiva.com\/lbd\/buen-arranque-de-temporada\/\" class=\"more-link\">Seguir leyendo <span class=\"screen-reader-text\">Buen arranque de temporada<\/span> <span class=\"meta-nav\">&rarr;<\/span><\/a><\/p>\n","protected":false},"author":1,"featured_media":31740,"comment_status":"open","ping_status":"open","sticky":false,"template":"","format":"standard","meta":[],"categories":[2135,5,6,1],"tags":[86,3713,3699,3660],"_links":{"self":[{"href":"http:\/\/labestiadeportiva.com\/lbd\/wp-json\/wp\/v2\/posts\/31739"}],"collection":[{"href":"http:\/\/labestiadeportiva.com\/lbd\/wp-json\/wp\/v2\/posts"}],"about":[{"href":"http:\/\/labestiadeportiva.com\/lbd\/wp-json\/wp\/v2\/types\/post"}],"author":[{"embeddable":true,"href":"http:\/\/labestiadeportiva.com\/lbd\/wp-json\/wp\/v2\/users\/1"}],"replies":[{"embeddable":true,"href":"http:\/\/labestiadeportiva.com\/lbd\/wp-json\/wp\/v2\/comments?post=31739"}],"version-history":[{"count":1,"href":"http:\/\/labestiadeportiva.com\/lbd\/wp-json\/wp\/v2\/posts\/31739\/revisions"}],"predecessor-version":[{"id":31742,"href":"http:\/\/labestiadeportiva.com\/lbd\/wp-json\/wp\/v2\/posts\/31739\/revisions\/31742"}],"wp:featuredmedia":[{"embeddable":true,"href":"http:\/\/labestiadeportiva.com\/lbd\/wp-json\/wp\/v2\/media\/31740"}],"wp:attachment":[{"href":"http:\/\/labestiadeportiva.com\/lbd\/wp-json\/wp\/v2\/media?parent=31739"}],"wp:term":[{"taxonomy":"category","embeddable":true,"href":"http:\/\/labestiadeportiva.com\/lbd\/wp-json\/wp\/v2\/categories?post=31739"},{"taxonomy":"post_tag","embeddable":true,"href":"http:\/\/labestiadeportiva.com\/lbd\/wp-json\/wp\/v2\/tags?post=31739"}],"curies":[{"name":"wp","href":"https:\/\/api.w.org\/{rel}","templated":true}]}}