{"id":31768,"date":"2019-04-10T16:34:40","date_gmt":"2019-04-10T19:34:40","guid":{"rendered":"http:\/\/labestiadeportiva.com\/lbd\/?p=31768"},"modified":"2019-04-10T16:58:15","modified_gmt":"2019-04-10T19:58:15","slug":"fue-una-carrera-bien-organizada-cuando-es-asi-vale-la-pena-participar-y-dar-una-mano-audio","status":"publish","type":"post","link":"http:\/\/labestiadeportiva.com\/lbd\/fue-una-carrera-bien-organizada-cuando-es-asi-vale-la-pena-participar-y-dar-una-mano-audio\/","title":{"rendered":"\u00abFue una carrera bien organizada, cuando es as\u00ed vale la pena participar y dar una mano\u00bb (Audio)"},"content":{"rendered":"<p><a href=\"http:\/\/labestiadeportiva.com\/lbd\/wp-content\/uploads\/2019\/04\/IMG-20190409-WA00342.jpg\"><img loading=\"lazy\" src=\"http:\/\/labestiadeportiva.com\/lbd\/wp-content\/uploads\/2019\/04\/IMG-20190409-WA00342-300x249.jpg\" alt=\"IMG-20190409-WA0034~2\" width=\"300\" height=\"249\" class=\"aligncenter size-medium wp-image-31769\" srcset=\"http:\/\/labestiadeportiva.com\/lbd\/wp-content\/uploads\/2019\/04\/IMG-20190409-WA00342-300x249.jpg 300w, http:\/\/labestiadeportiva.com\/lbd\/wp-content\/uploads\/2019\/04\/IMG-20190409-WA00342.jpg 466w\" sizes=\"(max-width: 300px) 100vw, 300px\" \/><\/a>Fin de semana de arranque de temporada para APITUR. La primera fecha llev\u00f3 el nombre de \u00abEx Combatientes y H\u00e9roes de Malvinas\u00bb. Buen n\u00famero de participantes, que super\u00f3 los 30 binomios.<\/p>\n<p>En su regreso a la actividad el experimentado piloto Daniel Preto se adjudic\u00f3 el segmento \u00abG\u00bb y la Clasificaci\u00f3n General. <\/p>\n<p>Desde LBD compartimos la entrevista lograda con \u00e9l este martes por la 94.1 FM del Sur.<!--more--><\/p>\n<p>Los ganadores por categor\u00edas<br \/>\n\u00abA\u00bb Dar\u00edo Garcilazo\/Luc\u00eda Arga\u00f1araz 01:32:40,02<\/p>\n<p>\u00abB\u00bb Luis Marchisio\/Dami\u00e1n G\u00f3mez 01:17:21,28<\/p>\n<p>\u00abD\u00bb Ignacio Pavlov\/Emilio Pavlov 01:07:21,63<\/p>\n<p>\u00abE\u00bb Facundo Carletti\/Alan Vicic 01:08:41,40<\/p>\n<p>\u00abF\u00bb N\u00e9stor Rodr\u00edguez\/Marco L\u00f3pez 01:12:11,49<\/p>\n<p>\u00abG\u00bb Daniel Preto\/Sandro Morales 01:06:55,25<\/p>\n<p>https:\/\/youtu.be\/Wp0gYoQGenI<\/p>\n<div class='epvc-post-count'><span class='epvc-eye'><\/span>  <span class=\"epvc-count\"> 1.127<\/span><span class='epvc-label'> veces le\u00edda<\/span><\/div>\n<div class=\"jwsharethis\">\nShare this: \n<br \/>\n<a href=\"mailto:?subject=%C2%ABFue%20una%20carrera%20bien%20organizada%2C%20cuando%20es%20as%C3%AD%20vale%20la%20pena%20participar%20y%20dar%20una%20mano%C2%BB%20%28Audio%29&amp;body=http%3A%2F%2Flabestiadeportiva.com%2Flbd%2Ffue-una-carrera-bien-organizada-cuando-es-asi-vale-la-pena-participar-y-dar-una-mano-audio%2F\">\n<img src=\"http:\/\/labestiadeportiva.com\/lbd\/wp-content\/plugins\/jw-share-this\/email.png\" alt=\"Share this page via Email\" \/>\n<\/a>\n<a target=\"_blank\" href=\"http:\/\/www.stumbleupon.com\/submit?url=http%3A%2F%2Flabestiadeportiva.com%2Flbd%2Ffue-una-carrera-bien-organizada-cuando-es-asi-vale-la-pena-participar-y-dar-una-mano-audio%2F&amp;title=%C2%ABFue+una+carrera+bien+organizada%2C+cuando+es+as%C3%AD+vale+la+pena+participar+y+dar+una+mano%C2%BB+%28Audio%29\">\n<img src=\"http:\/\/labestiadeportiva.com\/lbd\/wp-content\/plugins\/jw-share-this\/su.png\" alt=\"Share this page via Stumble Upon\" \/>\n<\/a>\n<a target=\"_blank\" href=\"http:\/\/digg.com\/submit?url=http%3A%2F%2Flabestiadeportiva.com%2Flbd%2Ffue-una-carrera-bien-organizada-cuando-es-asi-vale-la-pena-participar-y-dar-una-mano-audio%2F&amp;title=%C2%ABFue+una+carrera+bien+organizada%2C+cuando+es+as%C3%AD+vale+la+pena+participar+y+dar+una+mano%C2%BB+%28Audio%29\">\n<img src=\"http:\/\/labestiadeportiva.com\/lbd\/wp-content\/plugins\/jw-share-this\/digg.png\" alt=\"Share this page via Digg this\" \/>\n<\/a>\n<a target=\"_blank\" href=\"http:\/\/www.facebook.com\/sharer.php?u=http%3A%2F%2Flabestiadeportiva.com%2Flbd%2Ffue-una-carrera-bien-organizada-cuando-es-asi-vale-la-pena-participar-y-dar-una-mano-audio%2F&amp;t=%C2%ABFue+una+carrera+bien+organizada%2C+cuando+es+as%C3%AD+vale+la+pena+participar+y+dar+una+mano%C2%BB+%28Audio%29\">\n<img src=\"http:\/\/labestiadeportiva.com\/lbd\/wp-content\/plugins\/jw-share-this\/fb.png\" alt=\"Share this page via Facebook\" \/>\n<\/a>\n<a target=\"_blank\" href=\"http:\/\/twitter.com\/intent\/tweet?text=I+like+http%3A%2F%2Flabestiadeportiva.com%2Flbd%2Ffue-una-carrera-bien-organizada-cuando-es-asi-vale-la-pena-participar-y-dar-una-mano-audio%2F&amp;title=%C2%ABFue+una+carrera+bien+organizada%2C+cuando+es+as%C3%AD+vale+la+pena+participar+y+dar+una+mano%C2%BB+%28Audio%29\">\n<img src=\"http:\/\/labestiadeportiva.com\/lbd\/wp-content\/plugins\/jw-share-this\/twitter.png\" alt=\"Share this page via Twitter\" \/>\n<\/a>\n<\/div>\n","protected":false},"excerpt":{"rendered":"<p>Fin de semana de arranque de temporada para APITUR. La primera fecha llev\u00f3 el nombre de \u00abEx Combatientes y H\u00e9roes de Malvinas\u00bb. Buen n\u00famero de participantes, que super\u00f3 los 30 binomios. En su regreso a la actividad el experimentado piloto Daniel Preto se adjudic\u00f3 el segmento \u00abG\u00bb y la Clasificaci\u00f3n General. Desde LBD compartimos la &hellip; <a href=\"http:\/\/labestiadeportiva.com\/lbd\/fue-una-carrera-bien-organizada-cuando-es-asi-vale-la-pena-participar-y-dar-una-mano-audio\/\" class=\"more-link\">Seguir leyendo <span class=\"screen-reader-text\">\u00abFue una carrera bien organizada, cuando es as\u00ed vale la pena participar y dar una mano\u00bb (Audio)<\/span> <span class=\"meta-nav\">&rarr;<\/span><\/a><\/p>\n","protected":false},"author":1,"featured_media":31769,"comment_status":"open","ping_status":"open","sticky":false,"template":"","format":"standard","meta":[],"categories":[3533,60,1],"tags":[389,2081,1022,4838,581],"_links":{"self":[{"href":"http:\/\/labestiadeportiva.com\/lbd\/wp-json\/wp\/v2\/posts\/31768"}],"collection":[{"href":"http:\/\/labestiadeportiva.com\/lbd\/wp-json\/wp\/v2\/posts"}],"about":[{"href":"http:\/\/labestiadeportiva.com\/lbd\/wp-json\/wp\/v2\/types\/post"}],"author":[{"embeddable":true,"href":"http:\/\/labestiadeportiva.com\/lbd\/wp-json\/wp\/v2\/users\/1"}],"replies":[{"embeddable":true,"href":"http:\/\/labestiadeportiva.com\/lbd\/wp-json\/wp\/v2\/comments?post=31768"}],"version-history":[{"count":4,"href":"http:\/\/labestiadeportiva.com\/lbd\/wp-json\/wp\/v2\/posts\/31768\/revisions"}],"predecessor-version":[{"id":31773,"href":"http:\/\/labestiadeportiva.com\/lbd\/wp-json\/wp\/v2\/posts\/31768\/revisions\/31773"}],"wp:featuredmedia":[{"embeddable":true,"href":"http:\/\/labestiadeportiva.com\/lbd\/wp-json\/wp\/v2\/media\/31769"}],"wp:attachment":[{"href":"http:\/\/labestiadeportiva.com\/lbd\/wp-json\/wp\/v2\/media?parent=31768"}],"wp:term":[{"taxonomy":"category","embeddable":true,"href":"http:\/\/labestiadeportiva.com\/lbd\/wp-json\/wp\/v2\/categories?post=31768"},{"taxonomy":"post_tag","embeddable":true,"href":"http:\/\/labestiadeportiva.com\/lbd\/wp-json\/wp\/v2\/tags?post=31768"}],"curies":[{"name":"wp","href":"https:\/\/api.w.org\/{rel}","templated":true}]}}