{"id":31849,"date":"2019-04-17T22:44:36","date_gmt":"2019-04-18T01:44:36","guid":{"rendered":"http:\/\/labestiadeportiva.com\/lbd\/?p=31849"},"modified":"2019-04-17T22:44:36","modified_gmt":"2019-04-18T01:44:36","slug":"haf-y-maga-sin-freno","status":"publish","type":"post","link":"http:\/\/labestiadeportiva.com\/lbd\/haf-y-maga-sin-freno\/","title":{"rendered":"HAF y \u00abMaga\u00bb sin freno"},"content":{"rendered":"<p>Por Emiliano Fern\u00e1ndez (Futsal Federado para LBD)<\/p>\n<p><a href=\"http:\/\/labestiadeportiva.com\/lbd\/wp-content\/uploads\/2019\/04\/20190414_1857452.jpg\"><img loading=\"lazy\" class=\"aligncenter size-medium wp-image-31851\" src=\"http:\/\/labestiadeportiva.com\/lbd\/wp-content\/uploads\/2019\/04\/20190414_1857452-300x225.jpg\" alt=\"20190414_185745~2\" width=\"300\" height=\"225\" srcset=\"http:\/\/labestiadeportiva.com\/lbd\/wp-content\/uploads\/2019\/04\/20190414_1857452-300x225.jpg 300w, http:\/\/labestiadeportiva.com\/lbd\/wp-content\/uploads\/2019\/04\/20190414_1857452-1024x768.jpg 1024w\" sizes=\"(max-width: 300px) 100vw, 300px\" \/><\/a>Pas\u00f3 la cuarta fecha del futsal federado de Ushuaia el \u00faltimo domingo, en C.A.M.POL.TER. y en el microestadio Jos\u00e9 \u201cCochocho\u201d Vargas, dejando al multicampe\u00f3n fueguino y al subcampe\u00f3n como l\u00edderes e invictos en sus zonas. <!--more--><\/p>\n<p>Se lleva jugado la mitad del torneo de la fase regular y los candidatos empiezan a sumar minutos de juego y, con sus resultados positivos, justifican que la pilcha de candidatos les siente bien.<\/p>\n<p>El domingo en el Microestadio municipal se vieron las caras los l\u00edderes de la zona \u201cB\u201d. El Porvenir y Maga \u201cAzul\u201d promet\u00edan f\u00fatbol de sal\u00f3n de alto vuelo.<\/p>\n<p>Con un gran primer tiempo los dirigidos por Obando se impon\u00edan por un tanto. Ya en la segunda etapa el conjunto \u201cMagallanico\u201d lo dio vuelta para quedarse con el partido por 3 a 1 y as\u00ed quedar como \u00fanico puntero de su grupo.<\/p>\n<p><a href=\"http:\/\/labestiadeportiva.com\/lbd\/wp-content\/uploads\/2019\/04\/20190407_1336072.jpg\"><img loading=\"lazy\" class=\"aligncenter size-medium wp-image-31852\" src=\"http:\/\/labestiadeportiva.com\/lbd\/wp-content\/uploads\/2019\/04\/20190407_1336072-300x226.jpg\" alt=\"20190407_133607~2\" width=\"300\" height=\"226\" srcset=\"http:\/\/labestiadeportiva.com\/lbd\/wp-content\/uploads\/2019\/04\/20190407_1336072-300x226.jpg 300w, http:\/\/labestiadeportiva.com\/lbd\/wp-content\/uploads\/2019\/04\/20190407_1336072-1024x770.jpg 1024w\" sizes=\"(max-width: 300px) 100vw, 300px\" \/><\/a>En el mismo escenario, cerrando la jornada dominguera, H.A.F. y Tigre \u201cAzul\u201d disputaron un entretenido partido. El 4 a 2 para los de \u201cBeto\u201d Hern\u00e1ndez lleg\u00f3 en el complemento y as\u00ed continuar en la cima de la zona B.<\/p>\n<p>Ya en C.A.M.POL.TER. el d\u00eda arranc\u00f3 con el sorpresivo empate a 3 entre Newellistos y Argentinos del Sur. Los \u201cleprosos\u201d siguen sin ganar y los de Vero Soto se pusieron a 1 punto del segundo lugar.<\/p>\n<p>El Millo del FDM logr\u00f3 sumar sus primeras dos unidades del torneo tras superar a Asociaci\u00f3n de Taxi por 11 a 6.<\/p>\n<p>Por su parte, Tigre \u201cRojo\u201d volvi\u00f3 a la victoria al ganarle a Club Amistad por 12 a 4. El equipo de los Toledo tambi\u00e9n se suma al lote para pelear el segundo puesto del grupo B.<\/p>\n<p>En la zona A hubo cruce de Cuervos del FDM. Fue victoria para el equipo del \u201cLagarto\u201d Avenda\u00f1o que aplasto a su par \u201cBlanco\u201d 9 a 1.<\/p>\n<p>En uno de los duelos esperados de la fecha, Defensores y Luz y Fuerza se mataron a goles.<\/p>\n<p><a href=\"http:\/\/labestiadeportiva.com\/lbd\/wp-content\/uploads\/2019\/04\/20190414_2138102.jpg\"><img loading=\"lazy\" class=\"aligncenter size-medium wp-image-31853\" src=\"http:\/\/labestiadeportiva.com\/lbd\/wp-content\/uploads\/2019\/04\/20190414_2138102-300x179.jpg\" alt=\"20190414_213810~2\" width=\"300\" height=\"179\" srcset=\"http:\/\/labestiadeportiva.com\/lbd\/wp-content\/uploads\/2019\/04\/20190414_2138102-300x179.jpg 300w, http:\/\/labestiadeportiva.com\/lbd\/wp-content\/uploads\/2019\/04\/20190414_2138102-1024x612.jpg 1024w\" sizes=\"(max-width: 300px) 100vw, 300px\" \/><\/a>No te pod\u00edas distraer que el tanteador sumaba goles. Fue triunfo para los de Ra\u00fal Arce por 10 a 5. Con esta victoria, \u201cDefe\u201d supera a su rival y llega al segundo lugar, alcanzando a los Cuervos del FDM.<\/p>\n<p>En el \u00faltimo partido disputado en ese campo de juego, Magallanes \u201cBlanco\u201d y Magallanes FC se repartieron puntos tras el 1 a 1. Los dirigidos por Alejandro Vel\u00e1zquez sumaron su primera unidad del campeonato.<\/p>\n<p>Cuando parec\u00eda que iba a ser victoria \u201cblanca\u201d, el \u201cnaranja\u201d empuj\u00f3 al rival y a menos de 1 minuto para la chicharra logr\u00f3 el merecido empate.<\/p>\n<p><a href=\"http:\/\/labestiadeportiva.com\/lbd\/wp-content\/uploads\/2019\/04\/Screenshot_20190417-2229222.png\"><img loading=\"lazy\" class=\"aligncenter size-medium wp-image-31850\" src=\"http:\/\/labestiadeportiva.com\/lbd\/wp-content\/uploads\/2019\/04\/Screenshot_20190417-2229222-183x300.png\" alt=\"Screenshot_20190417-222922~2\" width=\"183\" height=\"300\" srcset=\"http:\/\/labestiadeportiva.com\/lbd\/wp-content\/uploads\/2019\/04\/Screenshot_20190417-2229222-183x300.png 183w, http:\/\/labestiadeportiva.com\/lbd\/wp-content\/uploads\/2019\/04\/Screenshot_20190417-2229222-624x1024.png 624w, http:\/\/labestiadeportiva.com\/lbd\/wp-content\/uploads\/2019\/04\/Screenshot_20190417-2229222.png 730w\" sizes=\"(max-width: 183px) 100vw, 183px\" \/><\/a><\/p>\n<div class='epvc-post-count'><span class='epvc-eye'><\/span>  <span class=\"epvc-count\"> 1.161<\/span><span class='epvc-label'> veces le\u00edda<\/span><\/div>\n<div class=\"jwsharethis\">\nShare this: \n<br \/>\n<a href=\"mailto:?subject=HAF%20y%20%C2%ABMaga%C2%BB%20sin%20freno&amp;body=http%3A%2F%2Flabestiadeportiva.com%2Flbd%2Fhaf-y-maga-sin-freno%2F\">\n<img src=\"http:\/\/labestiadeportiva.com\/lbd\/wp-content\/plugins\/jw-share-this\/email.png\" alt=\"Share this page via Email\" \/>\n<\/a>\n<a target=\"_blank\" href=\"http:\/\/www.stumbleupon.com\/submit?url=http%3A%2F%2Flabestiadeportiva.com%2Flbd%2Fhaf-y-maga-sin-freno%2F&amp;title=HAF+y+%C2%ABMaga%C2%BB+sin+freno\">\n<img src=\"http:\/\/labestiadeportiva.com\/lbd\/wp-content\/plugins\/jw-share-this\/su.png\" alt=\"Share this page via Stumble Upon\" \/>\n<\/a>\n<a target=\"_blank\" href=\"http:\/\/digg.com\/submit?url=http%3A%2F%2Flabestiadeportiva.com%2Flbd%2Fhaf-y-maga-sin-freno%2F&amp;title=HAF+y+%C2%ABMaga%C2%BB+sin+freno\">\n<img src=\"http:\/\/labestiadeportiva.com\/lbd\/wp-content\/plugins\/jw-share-this\/digg.png\" alt=\"Share this page via Digg this\" \/>\n<\/a>\n<a target=\"_blank\" href=\"http:\/\/www.facebook.com\/sharer.php?u=http%3A%2F%2Flabestiadeportiva.com%2Flbd%2Fhaf-y-maga-sin-freno%2F&amp;t=HAF+y+%C2%ABMaga%C2%BB+sin+freno\">\n<img src=\"http:\/\/labestiadeportiva.com\/lbd\/wp-content\/plugins\/jw-share-this\/fb.png\" alt=\"Share this page via Facebook\" \/>\n<\/a>\n<a target=\"_blank\" href=\"http:\/\/twitter.com\/intent\/tweet?text=I+like+http%3A%2F%2Flabestiadeportiva.com%2Flbd%2Fhaf-y-maga-sin-freno%2F&amp;title=HAF+y+%C2%ABMaga%C2%BB+sin+freno\">\n<img src=\"http:\/\/labestiadeportiva.com\/lbd\/wp-content\/plugins\/jw-share-this\/twitter.png\" alt=\"Share this page via Twitter\" \/>\n<\/a>\n<\/div>\n","protected":false},"excerpt":{"rendered":"<p>Por Emiliano Fern\u00e1ndez (Futsal Federado para LBD) Pas\u00f3 la cuarta fecha del futsal federado de Ushuaia el \u00faltimo domingo, en C.A.M.POL.TER. y en el microestadio Jos\u00e9 \u201cCochocho\u201d Vargas, dejando al multicampe\u00f3n fueguino y al subcampe\u00f3n como l\u00edderes e invictos en sus zonas. 1.161 veces le\u00edda Share this:<\/p>\n","protected":false},"author":1,"featured_media":31851,"comment_status":"open","ping_status":"open","sticky":false,"template":"","format":"standard","meta":[],"categories":[5,31,1],"tags":[445,4833,1091],"_links":{"self":[{"href":"http:\/\/labestiadeportiva.com\/lbd\/wp-json\/wp\/v2\/posts\/31849"}],"collection":[{"href":"http:\/\/labestiadeportiva.com\/lbd\/wp-json\/wp\/v2\/posts"}],"about":[{"href":"http:\/\/labestiadeportiva.com\/lbd\/wp-json\/wp\/v2\/types\/post"}],"author":[{"embeddable":true,"href":"http:\/\/labestiadeportiva.com\/lbd\/wp-json\/wp\/v2\/users\/1"}],"replies":[{"embeddable":true,"href":"http:\/\/labestiadeportiva.com\/lbd\/wp-json\/wp\/v2\/comments?post=31849"}],"version-history":[{"count":1,"href":"http:\/\/labestiadeportiva.com\/lbd\/wp-json\/wp\/v2\/posts\/31849\/revisions"}],"predecessor-version":[{"id":31854,"href":"http:\/\/labestiadeportiva.com\/lbd\/wp-json\/wp\/v2\/posts\/31849\/revisions\/31854"}],"wp:featuredmedia":[{"embeddable":true,"href":"http:\/\/labestiadeportiva.com\/lbd\/wp-json\/wp\/v2\/media\/31851"}],"wp:attachment":[{"href":"http:\/\/labestiadeportiva.com\/lbd\/wp-json\/wp\/v2\/media?parent=31849"}],"wp:term":[{"taxonomy":"category","embeddable":true,"href":"http:\/\/labestiadeportiva.com\/lbd\/wp-json\/wp\/v2\/categories?post=31849"},{"taxonomy":"post_tag","embeddable":true,"href":"http:\/\/labestiadeportiva.com\/lbd\/wp-json\/wp\/v2\/tags?post=31849"}],"curies":[{"name":"wp","href":"https:\/\/api.w.org\/{rel}","templated":true}]}}