{"id":31887,"date":"2019-04-24T00:23:36","date_gmt":"2019-04-24T03:23:36","guid":{"rendered":"http:\/\/labestiadeportiva.com\/lbd\/?p=31887"},"modified":"2019-04-24T09:42:14","modified_gmt":"2019-04-24T12:42:14","slug":"los-epade-en-marcha","status":"publish","type":"post","link":"http:\/\/labestiadeportiva.com\/lbd\/los-epade-en-marcha\/","title":{"rendered":"Los EPADE en marcha"},"content":{"rendered":"<p>Por Javier Nicol\u00e1s Baroli (Especial para LBD desde Bariloche)<\/p>\n<p><a href=\"http:\/\/labestiadeportiva.com\/lbd\/wp-content\/uploads\/2019\/04\/FB_IMG_1556075335799.jpg\"><img loading=\"lazy\" src=\"http:\/\/labestiadeportiva.com\/lbd\/wp-content\/uploads\/2019\/04\/FB_IMG_1556075335799-300x300.jpg\" alt=\"FB_IMG_1556075335799\" width=\"300\" height=\"300\" class=\"aligncenter size-medium wp-image-31888\" srcset=\"http:\/\/labestiadeportiva.com\/lbd\/wp-content\/uploads\/2019\/04\/FB_IMG_1556075335799-300x300.jpg 300w, http:\/\/labestiadeportiva.com\/lbd\/wp-content\/uploads\/2019\/04\/FB_IMG_1556075335799-150x150.jpg 150w, http:\/\/labestiadeportiva.com\/lbd\/wp-content\/uploads\/2019\/04\/FB_IMG_1556075335799-160x160.jpg 160w, http:\/\/labestiadeportiva.com\/lbd\/wp-content\/uploads\/2019\/04\/FB_IMG_1556075335799-320x320.jpg 320w, http:\/\/labestiadeportiva.com\/lbd\/wp-content\/uploads\/2019\/04\/FB_IMG_1556075335799-60x60.jpg 60w, http:\/\/labestiadeportiva.com\/lbd\/wp-content\/uploads\/2019\/04\/FB_IMG_1556075335799.jpg 750w\" sizes=\"(max-width: 300px) 100vw, 300px\" \/><\/a>Con la inauguraci\u00f3n formal en un tradicional espacio p\u00fablico de Bariloche, se dio el puntapi\u00e9 a los Juegos Patag\u00f3nicos. Mucho entusiasmo y preparaci\u00f3n previa para el comienzo de la competencia prevista para este mi\u00e9rcoles.<!--more--><\/p>\n<p>Bariloche es una fiesta. Deportistas en sus calles, luciendo cada uno con orgullo la indumentaria propia de su provincia. Tanta preparaci\u00f3n lleg\u00f3 a su punto de competencia. Este mi\u00e9rcoles comenzar\u00e1n a desarrollarse las competiciones.<\/p>\n<p><a href=\"http:\/\/labestiadeportiva.com\/lbd\/wp-content\/uploads\/2019\/04\/FB_IMG_1556075328183.jpg\"><img loading=\"lazy\" src=\"http:\/\/labestiadeportiva.com\/lbd\/wp-content\/uploads\/2019\/04\/FB_IMG_1556075328183-300x300.jpg\" alt=\"FB_IMG_1556075328183\" width=\"300\" height=\"300\" class=\"aligncenter size-medium wp-image-31889\" srcset=\"http:\/\/labestiadeportiva.com\/lbd\/wp-content\/uploads\/2019\/04\/FB_IMG_1556075328183-300x300.jpg 300w, http:\/\/labestiadeportiva.com\/lbd\/wp-content\/uploads\/2019\/04\/FB_IMG_1556075328183-150x150.jpg 150w, http:\/\/labestiadeportiva.com\/lbd\/wp-content\/uploads\/2019\/04\/FB_IMG_1556075328183-160x160.jpg 160w, http:\/\/labestiadeportiva.com\/lbd\/wp-content\/uploads\/2019\/04\/FB_IMG_1556075328183-320x320.jpg 320w, http:\/\/labestiadeportiva.com\/lbd\/wp-content\/uploads\/2019\/04\/FB_IMG_1556075328183-60x60.jpg 60w, http:\/\/labestiadeportiva.com\/lbd\/wp-content\/uploads\/2019\/04\/FB_IMG_1556075328183.jpg 750w\" sizes=\"(max-width: 300px) 100vw, 300px\" \/><\/a>Cerca de mil deportistas ser\u00e1n de la partida en la cita Patagonica. Siete ser\u00e1n las disciplinas. F\u00fatbol, b\u00e1squet, v\u00f3ley, judo, atletismo, nataci\u00f3n y ciclismo, aclarando que la acci\u00f3n del atletismo se efectuar\u00e1 en la pista de tart\u00e1n de Neuqu\u00e9n.<\/p>\n<p>El semillero deportivo de la regi\u00f3n se encuentran junto una vez m\u00e1s y se dispone a vivir una intensa semana a puro deporte.<br \/>\n<a href=\"http:\/\/labestiadeportiva.com\/lbd\/wp-content\/uploads\/2019\/04\/IMG-20190424-WA00002.jpg\"><img loading=\"lazy\" src=\"http:\/\/labestiadeportiva.com\/lbd\/wp-content\/uploads\/2019\/04\/IMG-20190424-WA00002-300x169.jpg\" alt=\"IMG-20190424-WA0000~2\" width=\"300\" height=\"169\" class=\"aligncenter size-medium wp-image-31890\" srcset=\"http:\/\/labestiadeportiva.com\/lbd\/wp-content\/uploads\/2019\/04\/IMG-20190424-WA00002-300x169.jpg 300w, http:\/\/labestiadeportiva.com\/lbd\/wp-content\/uploads\/2019\/04\/IMG-20190424-WA00002-1024x576.jpg 1024w, http:\/\/labestiadeportiva.com\/lbd\/wp-content\/uploads\/2019\/04\/IMG-20190424-WA00002.jpg 1032w\" sizes=\"(max-width: 300px) 100vw, 300px\" \/><\/a><br \/>\nLos partidos de TDF (mi\u00e9rcoles 24)<br \/>\n<a href=\"http:\/\/labestiadeportiva.com\/lbd\/wp-content\/uploads\/2019\/04\/Screenshot_20190424-0936343.png\"><img loading=\"lazy\" src=\"http:\/\/labestiadeportiva.com\/lbd\/wp-content\/uploads\/2019\/04\/Screenshot_20190424-0936343-300x222.png\" alt=\"Screenshot_20190424-093634~3\" width=\"300\" height=\"222\" class=\"aligncenter size-medium wp-image-31894\" srcset=\"http:\/\/labestiadeportiva.com\/lbd\/wp-content\/uploads\/2019\/04\/Screenshot_20190424-0936343-300x222.png 300w, http:\/\/labestiadeportiva.com\/lbd\/wp-content\/uploads\/2019\/04\/Screenshot_20190424-0936343.png 890w\" sizes=\"(max-width: 300px) 100vw, 300px\" \/><\/a><\/p>\n<div class='epvc-post-count'><span class='epvc-eye'><\/span>  <span class=\"epvc-count\"> 1.183<\/span><span class='epvc-label'> veces le\u00edda<\/span><\/div>\n<div class=\"jwsharethis\">\nShare this: \n<br \/>\n<a href=\"mailto:?subject=Los%20EPADE%20en%20marcha&amp;body=http%3A%2F%2Flabestiadeportiva.com%2Flbd%2Flos-epade-en-marcha%2F\">\n<img src=\"http:\/\/labestiadeportiva.com\/lbd\/wp-content\/plugins\/jw-share-this\/email.png\" alt=\"Share this page via Email\" \/>\n<\/a>\n<a target=\"_blank\" href=\"http:\/\/www.stumbleupon.com\/submit?url=http%3A%2F%2Flabestiadeportiva.com%2Flbd%2Flos-epade-en-marcha%2F&amp;title=Los+EPADE+en+marcha\">\n<img src=\"http:\/\/labestiadeportiva.com\/lbd\/wp-content\/plugins\/jw-share-this\/su.png\" alt=\"Share this page via Stumble Upon\" \/>\n<\/a>\n<a target=\"_blank\" href=\"http:\/\/digg.com\/submit?url=http%3A%2F%2Flabestiadeportiva.com%2Flbd%2Flos-epade-en-marcha%2F&amp;title=Los+EPADE+en+marcha\">\n<img src=\"http:\/\/labestiadeportiva.com\/lbd\/wp-content\/plugins\/jw-share-this\/digg.png\" alt=\"Share this page via Digg this\" \/>\n<\/a>\n<a target=\"_blank\" href=\"http:\/\/www.facebook.com\/sharer.php?u=http%3A%2F%2Flabestiadeportiva.com%2Flbd%2Flos-epade-en-marcha%2F&amp;t=Los+EPADE+en+marcha\">\n<img src=\"http:\/\/labestiadeportiva.com\/lbd\/wp-content\/plugins\/jw-share-this\/fb.png\" alt=\"Share this page via Facebook\" \/>\n<\/a>\n<a target=\"_blank\" href=\"http:\/\/twitter.com\/intent\/tweet?text=I+like+http%3A%2F%2Flabestiadeportiva.com%2Flbd%2Flos-epade-en-marcha%2F&amp;title=Los+EPADE+en+marcha\">\n<img src=\"http:\/\/labestiadeportiva.com\/lbd\/wp-content\/plugins\/jw-share-this\/twitter.png\" alt=\"Share this page via Twitter\" \/>\n<\/a>\n<\/div>\n","protected":false},"excerpt":{"rendered":"<p>Por Javier Nicol\u00e1s Baroli (Especial para LBD desde Bariloche) Con la inauguraci\u00f3n formal en un tradicional espacio p\u00fablico de Bariloche, se dio el puntapi\u00e9 a los Juegos Patag\u00f3nicos. Mucho entusiasmo y preparaci\u00f3n previa para el comienzo de la competencia prevista para este mi\u00e9rcoles. 1.183 veces le\u00edda Share this:<\/p>\n","protected":false},"author":1,"featured_media":31888,"comment_status":"open","ping_status":"open","sticky":false,"template":"","format":"standard","meta":[],"categories":[5,6,2130,1],"tags":[3860,3858,593,3660],"_links":{"self":[{"href":"http:\/\/labestiadeportiva.com\/lbd\/wp-json\/wp\/v2\/posts\/31887"}],"collection":[{"href":"http:\/\/labestiadeportiva.com\/lbd\/wp-json\/wp\/v2\/posts"}],"about":[{"href":"http:\/\/labestiadeportiva.com\/lbd\/wp-json\/wp\/v2\/types\/post"}],"author":[{"embeddable":true,"href":"http:\/\/labestiadeportiva.com\/lbd\/wp-json\/wp\/v2\/users\/1"}],"replies":[{"embeddable":true,"href":"http:\/\/labestiadeportiva.com\/lbd\/wp-json\/wp\/v2\/comments?post=31887"}],"version-history":[{"count":3,"href":"http:\/\/labestiadeportiva.com\/lbd\/wp-json\/wp\/v2\/posts\/31887\/revisions"}],"predecessor-version":[{"id":31895,"href":"http:\/\/labestiadeportiva.com\/lbd\/wp-json\/wp\/v2\/posts\/31887\/revisions\/31895"}],"wp:featuredmedia":[{"embeddable":true,"href":"http:\/\/labestiadeportiva.com\/lbd\/wp-json\/wp\/v2\/media\/31888"}],"wp:attachment":[{"href":"http:\/\/labestiadeportiva.com\/lbd\/wp-json\/wp\/v2\/media?parent=31887"}],"wp:term":[{"taxonomy":"category","embeddable":true,"href":"http:\/\/labestiadeportiva.com\/lbd\/wp-json\/wp\/v2\/categories?post=31887"},{"taxonomy":"post_tag","embeddable":true,"href":"http:\/\/labestiadeportiva.com\/lbd\/wp-json\/wp\/v2\/tags?post=31887"}],"curies":[{"name":"wp","href":"https:\/\/api.w.org\/{rel}","templated":true}]}}