{"id":32007,"date":"2019-05-03T19:38:22","date_gmt":"2019-05-03T22:38:22","guid":{"rendered":"http:\/\/labestiadeportiva.com\/lbd\/?p=32007"},"modified":"2019-05-03T20:24:36","modified_gmt":"2019-05-03T23:24:36","slug":"agenda-deportiva-194","status":"publish","type":"post","link":"http:\/\/labestiadeportiva.com\/lbd\/agenda-deportiva-194\/","title":{"rendered":"Agenda Deportiva"},"content":{"rendered":"<p><a href=\"http:\/\/labestiadeportiva.com\/lbd\/wp-content\/uploads\/2019\/05\/IMG-20190502-WA0012.jpg\"><img loading=\"lazy\" class=\"aligncenter size-medium wp-image-32009\" src=\"http:\/\/labestiadeportiva.com\/lbd\/wp-content\/uploads\/2019\/05\/IMG-20190502-WA0012-169x300.jpg\" alt=\"IMG-20190502-WA0012\" width=\"169\" height=\"300\" srcset=\"http:\/\/labestiadeportiva.com\/lbd\/wp-content\/uploads\/2019\/05\/IMG-20190502-WA0012-169x300.jpg 169w, http:\/\/labestiadeportiva.com\/lbd\/wp-content\/uploads\/2019\/05\/IMG-20190502-WA0012-575x1024.jpg 575w, http:\/\/labestiadeportiva.com\/lbd\/wp-content\/uploads\/2019\/05\/IMG-20190502-WA0012.jpg 719w\" sizes=\"(max-width: 169px) 100vw, 169px\" \/><\/a><br \/>\nPrimer fin de semana de mayo. Como viene sucediendo la propuesta del deporte competitivo es muy interesante con cantidad y calidad de actividades. Asimismo el s\u00e1bado por la noche se realizar\u00e1n los \u00abPremios Albatros\u00bb, ternas deportivas donde se reconocer\u00e1n a los destacados del 2018. Entre los deportes que entrar\u00e1n en acci\u00f3n podemos citar a Futsal AFA, rugby, kayaks, futsal federado, hockey pista, b\u00e1squet, tiro, vela y f\u00fatbol 11. Desde LBD los detalles.<!--more--><\/p>\n<p>Premios Albatros<\/p>\n<p>Edici\u00f3n 2019 para la fiesta del deporte. Los Premios Albatros se trasladan a la ciudad de R\u00edo Grande. El lugar elegido por la Secretar\u00eda de Deportes Provincial ser\u00e1 el gimnasio del Colegio Haspen ubicado en la calle Jos\u00e9 Ingenieros 1.100 comenzando desde las 20.30 horas.<\/p>\n<p>Futsal AFA<\/p>\n<p>S\u00e9ptima fecha del torneo de primera divisi\u00f3n este domingo en el Polideportivo Mercantil de la calle Abel C\u00e1rdenas. Ser\u00e1n 8 partidos de 10 a 22.30 horas destac\u00e1ndose el choque de las 18 entre Comercio y Camioneros.<\/p>\n<p><a href=\"http:\/\/labestiadeportiva.com\/lbd\/wp-content\/uploads\/2019\/05\/IMG-20190501-WA0032.jpg\"><img loading=\"lazy\" class=\"aligncenter size-medium wp-image-32010\" src=\"http:\/\/labestiadeportiva.com\/lbd\/wp-content\/uploads\/2019\/05\/IMG-20190501-WA0032-300x300.jpg\" alt=\"IMG-20190501-WA0032\" width=\"300\" height=\"300\" srcset=\"http:\/\/labestiadeportiva.com\/lbd\/wp-content\/uploads\/2019\/05\/IMG-20190501-WA0032-300x300.jpg 300w, http:\/\/labestiadeportiva.com\/lbd\/wp-content\/uploads\/2019\/05\/IMG-20190501-WA0032-150x150.jpg 150w, http:\/\/labestiadeportiva.com\/lbd\/wp-content\/uploads\/2019\/05\/IMG-20190501-WA0032-160x160.jpg 160w, http:\/\/labestiadeportiva.com\/lbd\/wp-content\/uploads\/2019\/05\/IMG-20190501-WA0032-320x320.jpg 320w, http:\/\/labestiadeportiva.com\/lbd\/wp-content\/uploads\/2019\/05\/IMG-20190501-WA0032-60x60.jpg 60w, http:\/\/labestiadeportiva.com\/lbd\/wp-content\/uploads\/2019\/05\/IMG-20190501-WA0032.jpg 800w\" sizes=\"(max-width: 300px) 100vw, 300px\" \/><\/a><\/p>\n<p>Rugby<\/p>\n<p>Definici\u00f3n del Regional Patag\u00f3nico Eje Sur. El s\u00e1bado desde las 16.30 el club Las \u00c1guilas recibir\u00e1 en su coqueto predio del R\u00edo Pipo al R\u00edo Grande RHC. Quien se quede con el triunfo ser\u00e1 el campe\u00f3n y quedar\u00e1 con vida deportiva para enfrentar a rivales de la Patagonia Norte.<\/p>\n<p>B\u00e1squet<\/p>\n<p>Momento de las damas en el Provincial de la Federaci\u00f3n de Tierra del Fuego. En nuestra ciudad ser\u00e1 un solo juego, el s\u00e1bado desde las 15.45 en la Cancha 4 \u00abHugo Italo Favale\u00bb.<\/p>\n<p>Las locales de Club de Amigos recibir\u00e1n a O\u00b4higgins. Asimismo el resto de los partidos se jugar\u00e1n en la ciudad de R\u00edo Grande.<\/p>\n<p>Tiro<\/p>\n<p>Llega el Interfuerzas al Tiro Federal 2 de Abril. La acci\u00f3n ser\u00e1 el s\u00e1bado desde las 9 de la ma\u00f1ana. Competir\u00e1n equipos de hasta tres tiradores. Se recorrer\u00e1n 5 stages donde los participantes realizar\u00e1n una total de 50 disparos.<\/p>\n<p><a href=\"http:\/\/labestiadeportiva.com\/lbd\/wp-content\/uploads\/2019\/05\/FB_IMG_1556745842358.jpg\"><img loading=\"lazy\" class=\"aligncenter size-medium wp-image-32011\" src=\"http:\/\/labestiadeportiva.com\/lbd\/wp-content\/uploads\/2019\/05\/FB_IMG_1556745842358-300x300.jpg\" alt=\"FB_IMG_1556745842358\" width=\"300\" height=\"300\" srcset=\"http:\/\/labestiadeportiva.com\/lbd\/wp-content\/uploads\/2019\/05\/FB_IMG_1556745842358-300x300.jpg 300w, http:\/\/labestiadeportiva.com\/lbd\/wp-content\/uploads\/2019\/05\/FB_IMG_1556745842358-150x150.jpg 150w, http:\/\/labestiadeportiva.com\/lbd\/wp-content\/uploads\/2019\/05\/FB_IMG_1556745842358-160x160.jpg 160w, http:\/\/labestiadeportiva.com\/lbd\/wp-content\/uploads\/2019\/05\/FB_IMG_1556745842358-320x320.jpg 320w, http:\/\/labestiadeportiva.com\/lbd\/wp-content\/uploads\/2019\/05\/FB_IMG_1556745842358-60x60.jpg 60w, http:\/\/labestiadeportiva.com\/lbd\/wp-content\/uploads\/2019\/05\/FB_IMG_1556745842358.jpg 960w\" sizes=\"(max-width: 300px) 100vw, 300px\" \/><\/a><\/p>\n<p>Vela<\/p>\n<p>Continuidad del Campeonato Fueguino organizado por el club AFASyN. Desde las 11.30 horas se pondr\u00e1 en marcha la regata \u201cMalvinas Argentinas\u201d. Una hora antes se efectuar\u00e1 la reuni\u00f3n de timoneles.<\/p>\n<p>El juez de la carrera ser\u00e1 Esteban Vercen. Como de costumbre el recorrido quedar\u00e1 establecido por las autoridades un tiempo antes de largar. Luego de la contienda n\u00e1utica llegar\u00e1 el momento de la entrega de premios y almuerzo de camarader\u00eda.<\/p>\n<p>Kayak<\/p>\n<p>Comienzo de la temporada de competencia provincial para la disciplina. Este domingo desde las 9 de la ma\u00f1ana las instalaciones del club N\u00e1utico AFASyN recibir\u00e1n la primera fecha del torneo organizado por los locales y el club riograndense Ioslek Oten.<\/p>\n<p>Los kayaks de traves\u00eda tendr\u00e1n 5 fechas en los segmentos K1 damas y caballeros. En cuanto a los lugares Ushuaia tendr\u00e1 dos fechas, dos R\u00edo Grande y la restante se trasladar\u00e1 al Lago Escondido.<\/p>\n<p>Hockey Pista<\/p>\n<p>La Federaci\u00f3n de TDF program\u00f3 su 3\u00b0 fecha \u00edntegramente el d\u00eda domingo en ambas ciudades. Los escenarios de juego, los gimnasios del URC y Margen Sur. En la capital se competir\u00e1 de 11 a 20 mientras que en el norte de la isla de 10.30 a 19.30 horas.<\/p>\n<p>El club Colegio del Sur realizar\u00e1 este domingo el Torneo Ochentoso. Est\u00e1 modalidad Mix estar\u00e1 orientada a jugadores mayores de 30 a\u00f1os. En cuanto a la conformaci\u00f3n de los equipo los mismos deber\u00e1n tener cinco integrantes, tres damas y dos caballeros.<\/p>\n<p>En cuanto a los horarios de juego, el cu\u00e1l se realizar\u00e1 en el gimnasio colegial, ser\u00e1 de 10.30 a 17 horas.<\/p>\n<p><a href=\"http:\/\/labestiadeportiva.com\/lbd\/wp-content\/uploads\/2019\/05\/IMG-20190503-WA0059.jpg\"><img loading=\"lazy\" class=\"aligncenter size-medium wp-image-32018\" src=\"http:\/\/labestiadeportiva.com\/lbd\/wp-content\/uploads\/2019\/05\/IMG-20190503-WA0059-169x300.jpg\" alt=\"IMG-20190503-WA0059\" width=\"169\" height=\"300\" srcset=\"http:\/\/labestiadeportiva.com\/lbd\/wp-content\/uploads\/2019\/05\/IMG-20190503-WA0059-169x300.jpg 169w, http:\/\/labestiadeportiva.com\/lbd\/wp-content\/uploads\/2019\/05\/IMG-20190503-WA0059-576x1024.jpg 576w, http:\/\/labestiadeportiva.com\/lbd\/wp-content\/uploads\/2019\/05\/IMG-20190503-WA0059.jpg 720w\" sizes=\"(max-width: 169px) 100vw, 169px\" \/><\/a>Futsal Federado<\/p>\n<p>La Federaci\u00f3n Ushuaiense program\u00f3 para este fin de semana otra intensa jornada donde las primeras descansar\u00e1n por el viaje de la Selecci\u00f3n a la localidad santacruce\u00f1a de 28 de Noviembre.<\/p>\n<p>Los infantiles competir\u00e1n s\u00e1bado y domingo en cuatro escenarios diferentes, el gimnasio del Colegio Sobral, la Cancha 4 del \u00abHugo Italo Favale\u00bb, \u00abIslas Malvinas\u00bb y \u00abMirador de Los Andes\u00bb.<\/p>\n<p>Asimismo las superiores seguir\u00e1n en Campolter s\u00e1bado y domingo con la presencia de las categor\u00edas C15, C17, C20 y femenino.<\/p>\n<p>F\u00fatbol 11<\/p>\n<p>Continuidad de la competencia al aire libre sobre el sint\u00e9tico del \u00abHugo Lumbreras\u00bb. El s\u00e1bado y domingo se disputar\u00e1 la fecha n\u00famero 11 con tres partidos por d\u00eda. En ambas jornadas se competir\u00e1 de 12 a 17.30 horas. Se destaca el choque dominguero de las 12 entre Lasserre FC y CAEF.<\/p>\n<p><a href=\"http:\/\/labestiadeportiva.com\/lbd\/wp-content\/uploads\/2019\/05\/FB_IMG_1556919853141.jpg\"><img loading=\"lazy\" class=\"aligncenter size-medium wp-image-32012\" src=\"http:\/\/labestiadeportiva.com\/lbd\/wp-content\/uploads\/2019\/05\/FB_IMG_1556919853141-152x300.jpg\" alt=\"FB_IMG_1556919853141\" width=\"152\" height=\"300\" srcset=\"http:\/\/labestiadeportiva.com\/lbd\/wp-content\/uploads\/2019\/05\/FB_IMG_1556919853141-152x300.jpg 152w, http:\/\/labestiadeportiva.com\/lbd\/wp-content\/uploads\/2019\/05\/FB_IMG_1556919853141-517x1024.jpg 517w, http:\/\/labestiadeportiva.com\/lbd\/wp-content\/uploads\/2019\/05\/FB_IMG_1556919853141.jpg 636w\" sizes=\"(max-width: 152px) 100vw, 152px\" \/><\/a><\/p>\n<p><a href=\"http:\/\/labestiadeportiva.com\/lbd\/wp-content\/uploads\/2019\/05\/IMG-20190503-WA0057.jpg\"><img loading=\"lazy\" class=\"aligncenter size-medium wp-image-32013\" src=\"http:\/\/labestiadeportiva.com\/lbd\/wp-content\/uploads\/2019\/05\/IMG-20190503-WA0057-300x289.jpg\" alt=\"IMG-20190503-WA0057\" width=\"300\" height=\"289\" srcset=\"http:\/\/labestiadeportiva.com\/lbd\/wp-content\/uploads\/2019\/05\/IMG-20190503-WA0057-300x289.jpg 300w, http:\/\/labestiadeportiva.com\/lbd\/wp-content\/uploads\/2019\/05\/IMG-20190503-WA0057.jpg 835w\" sizes=\"(max-width: 300px) 100vw, 300px\" \/><\/a><\/p>\n<p><a href=\"http:\/\/labestiadeportiva.com\/lbd\/wp-content\/uploads\/2019\/05\/IMG-20190501-WA0031.jpg\"><img loading=\"lazy\" class=\"aligncenter size-medium wp-image-32014\" src=\"http:\/\/labestiadeportiva.com\/lbd\/wp-content\/uploads\/2019\/05\/IMG-20190501-WA0031-300x208.jpg\" alt=\"IMG-20190501-WA0031\" width=\"300\" height=\"208\" srcset=\"http:\/\/labestiadeportiva.com\/lbd\/wp-content\/uploads\/2019\/05\/IMG-20190501-WA0031-300x208.jpg 300w, http:\/\/labestiadeportiva.com\/lbd\/wp-content\/uploads\/2019\/05\/IMG-20190501-WA0031.jpg 727w\" sizes=\"(max-width: 300px) 100vw, 300px\" \/><\/a><\/p>\n<p><a href=\"http:\/\/labestiadeportiva.com\/lbd\/wp-content\/uploads\/2019\/05\/Screenshot_20190503-1900002.png\"><img loading=\"lazy\" class=\"aligncenter size-medium wp-image-32016\" src=\"http:\/\/labestiadeportiva.com\/lbd\/wp-content\/uploads\/2019\/05\/Screenshot_20190503-1900002-300x265.png\" alt=\"Screenshot_20190503-190000~2\" width=\"300\" height=\"265\" srcset=\"http:\/\/labestiadeportiva.com\/lbd\/wp-content\/uploads\/2019\/05\/Screenshot_20190503-1900002-300x265.png 300w, http:\/\/labestiadeportiva.com\/lbd\/wp-content\/uploads\/2019\/05\/Screenshot_20190503-1900002-1024x905.png 1024w, http:\/\/labestiadeportiva.com\/lbd\/wp-content\/uploads\/2019\/05\/Screenshot_20190503-1900002.png 1080w\" sizes=\"(max-width: 300px) 100vw, 300px\" \/><\/a><\/p>\n<p><a href=\"http:\/\/labestiadeportiva.com\/lbd\/wp-content\/uploads\/2019\/05\/59982823_2263810300535297_7711589848410226688_n.png\"><img loading=\"lazy\" class=\"aligncenter size-medium wp-image-32021\" src=\"http:\/\/labestiadeportiva.com\/lbd\/wp-content\/uploads\/2019\/05\/59982823_2263810300535297_7711589848410226688_n-242x300.png\" alt=\"59982823_2263810300535297_7711589848410226688_n\" width=\"242\" height=\"300\" srcset=\"http:\/\/labestiadeportiva.com\/lbd\/wp-content\/uploads\/2019\/05\/59982823_2263810300535297_7711589848410226688_n-242x300.png 242w, http:\/\/labestiadeportiva.com\/lbd\/wp-content\/uploads\/2019\/05\/59982823_2263810300535297_7711589848410226688_n.png 444w\" sizes=\"(max-width: 242px) 100vw, 242px\" \/><\/a><\/p>\n<div class='epvc-post-count'><span class='epvc-eye'><\/span>  <span class=\"epvc-count\"> 947<\/span><span class='epvc-label'> veces le\u00edda<\/span><\/div>\n<div class=\"jwsharethis\">\nShare this: \n<br \/>\n<a href=\"mailto:?subject=Agenda%20Deportiva&amp;body=http%3A%2F%2Flabestiadeportiva.com%2Flbd%2Fagenda-deportiva-194%2F\">\n<img src=\"http:\/\/labestiadeportiva.com\/lbd\/wp-content\/plugins\/jw-share-this\/email.png\" alt=\"Share this page via Email\" \/>\n<\/a>\n<a target=\"_blank\" href=\"http:\/\/www.stumbleupon.com\/submit?url=http%3A%2F%2Flabestiadeportiva.com%2Flbd%2Fagenda-deportiva-194%2F&amp;title=Agenda+Deportiva\">\n<img src=\"http:\/\/labestiadeportiva.com\/lbd\/wp-content\/plugins\/jw-share-this\/su.png\" alt=\"Share this page via Stumble Upon\" \/>\n<\/a>\n<a target=\"_blank\" href=\"http:\/\/digg.com\/submit?url=http%3A%2F%2Flabestiadeportiva.com%2Flbd%2Fagenda-deportiva-194%2F&amp;title=Agenda+Deportiva\">\n<img src=\"http:\/\/labestiadeportiva.com\/lbd\/wp-content\/plugins\/jw-share-this\/digg.png\" alt=\"Share this page via Digg this\" \/>\n<\/a>\n<a target=\"_blank\" href=\"http:\/\/www.facebook.com\/sharer.php?u=http%3A%2F%2Flabestiadeportiva.com%2Flbd%2Fagenda-deportiva-194%2F&amp;t=Agenda+Deportiva\">\n<img src=\"http:\/\/labestiadeportiva.com\/lbd\/wp-content\/plugins\/jw-share-this\/fb.png\" alt=\"Share this page via Facebook\" \/>\n<\/a>\n<a target=\"_blank\" href=\"http:\/\/twitter.com\/intent\/tweet?text=I+like+http%3A%2F%2Flabestiadeportiva.com%2Flbd%2Fagenda-deportiva-194%2F&amp;title=Agenda+Deportiva\">\n<img src=\"http:\/\/labestiadeportiva.com\/lbd\/wp-content\/plugins\/jw-share-this\/twitter.png\" alt=\"Share this page via Twitter\" \/>\n<\/a>\n<\/div>\n","protected":false},"excerpt":{"rendered":"<p>Primer fin de semana de mayo. Como viene sucediendo la propuesta del deporte competitivo es muy interesante con cantidad y calidad de actividades. Asimismo el s\u00e1bado por la noche se realizar\u00e1n los \u00abPremios Albatros\u00bb, ternas deportivas donde se reconocer\u00e1n a los destacados del 2018. Entre los deportes que entrar\u00e1n en acci\u00f3n podemos citar a Futsal &hellip; <a href=\"http:\/\/labestiadeportiva.com\/lbd\/agenda-deportiva-194\/\" class=\"more-link\">Seguir leyendo <span class=\"screen-reader-text\">Agenda Deportiva<\/span> <span class=\"meta-nav\">&rarr;<\/span><\/a><\/p>\n","protected":false},"author":1,"featured_media":32009,"comment_status":"open","ping_status":"open","sticky":false,"template":"","format":"standard","meta":[],"categories":[5,1],"tags":[62,3660],"_links":{"self":[{"href":"http:\/\/labestiadeportiva.com\/lbd\/wp-json\/wp\/v2\/posts\/32007"}],"collection":[{"href":"http:\/\/labestiadeportiva.com\/lbd\/wp-json\/wp\/v2\/posts"}],"about":[{"href":"http:\/\/labestiadeportiva.com\/lbd\/wp-json\/wp\/v2\/types\/post"}],"author":[{"embeddable":true,"href":"http:\/\/labestiadeportiva.com\/lbd\/wp-json\/wp\/v2\/users\/1"}],"replies":[{"embeddable":true,"href":"http:\/\/labestiadeportiva.com\/lbd\/wp-json\/wp\/v2\/comments?post=32007"}],"version-history":[{"count":5,"href":"http:\/\/labestiadeportiva.com\/lbd\/wp-json\/wp\/v2\/posts\/32007\/revisions"}],"predecessor-version":[{"id":32023,"href":"http:\/\/labestiadeportiva.com\/lbd\/wp-json\/wp\/v2\/posts\/32007\/revisions\/32023"}],"wp:featuredmedia":[{"embeddable":true,"href":"http:\/\/labestiadeportiva.com\/lbd\/wp-json\/wp\/v2\/media\/32009"}],"wp:attachment":[{"href":"http:\/\/labestiadeportiva.com\/lbd\/wp-json\/wp\/v2\/media?parent=32007"}],"wp:term":[{"taxonomy":"category","embeddable":true,"href":"http:\/\/labestiadeportiva.com\/lbd\/wp-json\/wp\/v2\/categories?post=32007"},{"taxonomy":"post_tag","embeddable":true,"href":"http:\/\/labestiadeportiva.com\/lbd\/wp-json\/wp\/v2\/tags?post=32007"}],"curies":[{"name":"wp","href":"https:\/\/api.w.org\/{rel}","templated":true}]}}