{"id":32078,"date":"2019-05-08T20:46:12","date_gmt":"2019-05-08T23:46:12","guid":{"rendered":"http:\/\/labestiadeportiva.com\/lbd\/?p=32078"},"modified":"2019-05-08T20:46:49","modified_gmt":"2019-05-08T23:46:49","slug":"10-medallas-para-el-taekwondo-en-santiago","status":"publish","type":"post","link":"http:\/\/labestiadeportiva.com\/lbd\/10-medallas-para-el-taekwondo-en-santiago\/","title":{"rendered":"10 medallas para el taekwondo en Santiago"},"content":{"rendered":"<p><a href=\"http:\/\/labestiadeportiva.com\/lbd\/wp-content\/uploads\/2019\/05\/IMG-20190506-WA0002.jpg\"><img loading=\"lazy\" class=\"aligncenter size-medium wp-image-32079\" src=\"http:\/\/labestiadeportiva.com\/lbd\/wp-content\/uploads\/2019\/05\/IMG-20190506-WA0002-300x213.jpg\" alt=\"IMG-20190506-WA0002\" width=\"300\" height=\"213\" srcset=\"http:\/\/labestiadeportiva.com\/lbd\/wp-content\/uploads\/2019\/05\/IMG-20190506-WA0002-300x213.jpg 300w, http:\/\/labestiadeportiva.com\/lbd\/wp-content\/uploads\/2019\/05\/IMG-20190506-WA0002-1024x726.jpg 1024w, http:\/\/labestiadeportiva.com\/lbd\/wp-content\/uploads\/2019\/05\/IMG-20190506-WA0002.jpg 1280w\" sizes=\"(max-width: 300px) 100vw, 300px\" \/><\/a>El taekwondo WTF de nuestra provincia\u00a0 se present\u00f3 en la capital\u00a0 chilena donde obtuvo 10\u00a0 preseas. Fue en la \u00abCopa Cordillera Taekwondo Championship 2019\u00bb.<!--more--><\/p>\n<p>El evento deportivo internacional\u00a0 se realiz\u00f3 del viernes 3 al domingo 5 de Mayo. La delegaci\u00f3n fueguina estuvo compuesta por 14 integrantes.<\/p>\n<p>La representaci\u00f3n provincial estuvo a cargo de la Asociaci\u00f3n de Taekwondo Chacra IV.<\/p>\n<p>El equipo fueguino de la Escuela ATP-Top Trainers del Sabom Nim Julio Cruz, estuvo compuesto por 14 integrantes con 10 atletas en diferentes categor\u00edas,\u00a0 entrenador, dos \u00e1rbitros y delegado.<\/p>\n<p>El lugar de competencia elegido por la organizaci\u00f3n fue el Centro Cultural Chimkowe.<\/p>\n<p>Luchas de gran nivel con excelentes resultados. Entre los nuestros se destacaron\u00a0 Marco Garc\u00eda, Dianela Leonardelli y Nahieli Insfran.<\/p>\n<p>Brandon Fern\u00e1ndez en su primer a\u00f1o en mayores hizo valer toda su experiencia en la Selecci\u00f3n Nacional Juvenil que lo deposit\u00f3 en la final de su segmento.<\/p>\n<p>En cuanto a la representatividad arbitral menci\u00f3n especial para Nahuel De Oro y Gabriel Mart\u00ednez.<\/p>\n<p>Los integrantes de la Asociaci\u00f3n de Taekwondo Chacra IV quieren agradecer\u00a0 el apoyo de los padres, \u00e1rbitros y\u00a0 Secretar\u00eda de Deportes Provincial.<\/p>\n<p>Las medallas fueguinas<\/p>\n<p>ORO: Marco Garc\u00eda \/Cadete\/Dan\/-37kg<br \/>\nORO: Dianela Leonardelli \/Juvenil \/ 6to. ORO: Johana Campos \/Master \/ 1er. Gup \/ -50 kg<br \/>\nORO: Isaac De Oro \/ Precompetitivo \/ se ORO: Lucca Mart\u00ednez \/ Precompetitivo PLATA: Brandon Fern\u00e1ndez \/Adulto \/ Dan \/ -54kg<br \/>\nPLATA: Nahieli Insfran \/Juvenil \/ 6to. Gup \/ -50 kg<br \/>\nBRONCE: Augusto Fern\u00e1ndez \/ Adulto \/ Dan \/ -58kg<br \/>\nBRONCE: Xiomara Leonardelli \/ Cadete \/ D an \/ -55kg<br \/>\nBRONCE: Ian P\u00e1rraga \/ Adulto \/ Dan \/ -63kg<\/p>\n<div class='epvc-post-count'><span class='epvc-eye'><\/span>  <span class=\"epvc-count\"> 1.216<\/span><span class='epvc-label'> veces le\u00edda<\/span><\/div>\n<div class=\"jwsharethis\">\nShare this: \n<br \/>\n<a href=\"mailto:?subject=10%20medallas%20para%20el%20taekwondo%20en%20Santiago&amp;body=http%3A%2F%2Flabestiadeportiva.com%2Flbd%2F10-medallas-para-el-taekwondo-en-santiago%2F\">\n<img src=\"http:\/\/labestiadeportiva.com\/lbd\/wp-content\/plugins\/jw-share-this\/email.png\" alt=\"Share this page via Email\" \/>\n<\/a>\n<a target=\"_blank\" href=\"http:\/\/www.stumbleupon.com\/submit?url=http%3A%2F%2Flabestiadeportiva.com%2Flbd%2F10-medallas-para-el-taekwondo-en-santiago%2F&amp;title=10+medallas+para+el+taekwondo+en+Santiago\">\n<img src=\"http:\/\/labestiadeportiva.com\/lbd\/wp-content\/plugins\/jw-share-this\/su.png\" alt=\"Share this page via Stumble Upon\" \/>\n<\/a>\n<a target=\"_blank\" href=\"http:\/\/digg.com\/submit?url=http%3A%2F%2Flabestiadeportiva.com%2Flbd%2F10-medallas-para-el-taekwondo-en-santiago%2F&amp;title=10+medallas+para+el+taekwondo+en+Santiago\">\n<img src=\"http:\/\/labestiadeportiva.com\/lbd\/wp-content\/plugins\/jw-share-this\/digg.png\" alt=\"Share this page via Digg this\" \/>\n<\/a>\n<a target=\"_blank\" href=\"http:\/\/www.facebook.com\/sharer.php?u=http%3A%2F%2Flabestiadeportiva.com%2Flbd%2F10-medallas-para-el-taekwondo-en-santiago%2F&amp;t=10+medallas+para+el+taekwondo+en+Santiago\">\n<img src=\"http:\/\/labestiadeportiva.com\/lbd\/wp-content\/plugins\/jw-share-this\/fb.png\" alt=\"Share this page via Facebook\" \/>\n<\/a>\n<a target=\"_blank\" href=\"http:\/\/twitter.com\/intent\/tweet?text=I+like+http%3A%2F%2Flabestiadeportiva.com%2Flbd%2F10-medallas-para-el-taekwondo-en-santiago%2F&amp;title=10+medallas+para+el+taekwondo+en+Santiago\">\n<img src=\"http:\/\/labestiadeportiva.com\/lbd\/wp-content\/plugins\/jw-share-this\/twitter.png\" alt=\"Share this page via Twitter\" \/>\n<\/a>\n<\/div>\n","protected":false},"excerpt":{"rendered":"<p>El taekwondo WTF de nuestra provincia\u00a0 se present\u00f3 en la capital\u00a0 chilena donde obtuvo 10\u00a0 preseas. Fue en la \u00abCopa Cordillera Taekwondo Championship 2019\u00bb. 1.216 veces le\u00edda Share this:<\/p>\n","protected":false},"author":1,"featured_media":32079,"comment_status":"open","ping_status":"open","sticky":false,"template":"","format":"standard","meta":[],"categories":[3019,5,4,6,1],"tags":[842,3660,3553],"_links":{"self":[{"href":"http:\/\/labestiadeportiva.com\/lbd\/wp-json\/wp\/v2\/posts\/32078"}],"collection":[{"href":"http:\/\/labestiadeportiva.com\/lbd\/wp-json\/wp\/v2\/posts"}],"about":[{"href":"http:\/\/labestiadeportiva.com\/lbd\/wp-json\/wp\/v2\/types\/post"}],"author":[{"embeddable":true,"href":"http:\/\/labestiadeportiva.com\/lbd\/wp-json\/wp\/v2\/users\/1"}],"replies":[{"embeddable":true,"href":"http:\/\/labestiadeportiva.com\/lbd\/wp-json\/wp\/v2\/comments?post=32078"}],"version-history":[{"count":2,"href":"http:\/\/labestiadeportiva.com\/lbd\/wp-json\/wp\/v2\/posts\/32078\/revisions"}],"predecessor-version":[{"id":32081,"href":"http:\/\/labestiadeportiva.com\/lbd\/wp-json\/wp\/v2\/posts\/32078\/revisions\/32081"}],"wp:featuredmedia":[{"embeddable":true,"href":"http:\/\/labestiadeportiva.com\/lbd\/wp-json\/wp\/v2\/media\/32079"}],"wp:attachment":[{"href":"http:\/\/labestiadeportiva.com\/lbd\/wp-json\/wp\/v2\/media?parent=32078"}],"wp:term":[{"taxonomy":"category","embeddable":true,"href":"http:\/\/labestiadeportiva.com\/lbd\/wp-json\/wp\/v2\/categories?post=32078"},{"taxonomy":"post_tag","embeddable":true,"href":"http:\/\/labestiadeportiva.com\/lbd\/wp-json\/wp\/v2\/tags?post=32078"}],"curies":[{"name":"wp","href":"https:\/\/api.w.org\/{rel}","templated":true}]}}