{"id":32159,"date":"2019-05-15T17:33:54","date_gmt":"2019-05-15T20:33:54","guid":{"rendered":"http:\/\/labestiadeportiva.com\/lbd\/?p=32159"},"modified":"2019-05-15T17:33:54","modified_gmt":"2019-05-15T20:33:54","slug":"el-atletismo-ushuaiense-no-se-detiene","status":"publish","type":"post","link":"http:\/\/labestiadeportiva.com\/lbd\/el-atletismo-ushuaiense-no-se-detiene\/","title":{"rendered":"El atletismo ushuaiense no se detiene"},"content":{"rendered":"<p><a href=\"http:\/\/labestiadeportiva.com\/lbd\/wp-content\/uploads\/2019\/05\/IMG-20190512-WA00102.jpg\"><img loading=\"lazy\" class=\"aligncenter size-medium wp-image-32160\" src=\"http:\/\/labestiadeportiva.com\/lbd\/wp-content\/uploads\/2019\/05\/IMG-20190512-WA00102-300x220.jpg\" alt=\"IMG-20190512-WA0010~2\" width=\"300\" height=\"220\" srcset=\"http:\/\/labestiadeportiva.com\/lbd\/wp-content\/uploads\/2019\/05\/IMG-20190512-WA00102-300x220.jpg 300w, http:\/\/labestiadeportiva.com\/lbd\/wp-content\/uploads\/2019\/05\/IMG-20190512-WA00102-1024x751.jpg 1024w, http:\/\/labestiadeportiva.com\/lbd\/wp-content\/uploads\/2019\/05\/IMG-20190512-WA00102.jpg 1040w\" sizes=\"(max-width: 300px) 100vw, 300px\" \/><\/a><br \/>\nCuatro j\u00f3venes deportistas capitalinos presentes en el Nacional U20 y la Copa Nacional de Clubes U16. Renata Godoy, Shanti Correa, Luciana Ferreyra y Felipe Isoba en una nueva incursi\u00f3n nacional acompa\u00f1ados por el profesor Lucas Doffo, desde LBD los detalles.<!--more--><\/p>\n<p>Continuidad para el atletismo fueguino luego de la so\u00f1ada edici\u00f3n de los Juegos EPADE de Neuqu\u00e9n. En esta oportunidad el mejor resultado fue para Renata Godoy quien fue plata en los 295 metros con vallas del Nacional U16.<\/p>\n<p>La versi\u00f3n 49 del Torneo Nacional U20 y la 21\u00b0 Torneo Nacional de Clubes U16 convocaron en la pista de atletismo Justo Rom\u00e1n del Complejo Deportivo municipal de \u00abLa Feliz\u00bb.<\/p>\n<p>Las acciones deportivas se desarrollaron del viernes 10 al domingo 12 del mes en curso.<\/p>\n<p>A la ya destacada producci\u00f3n de la Joven Godoy podemos agregar el puesto 17 de Shanti Correa en los 80 con vallas donde fueron de la partida 43 atletas. Tambi\u00e9n particip\u00f3 en Salto en Largo donde fue 21 entre 63 participantes.<\/p>\n<p><a href=\"http:\/\/labestiadeportiva.com\/lbd\/wp-content\/uploads\/2019\/05\/IMG-20190512-WA00122.jpg\"><img loading=\"lazy\" class=\"aligncenter size-medium wp-image-32161\" src=\"http:\/\/labestiadeportiva.com\/lbd\/wp-content\/uploads\/2019\/05\/IMG-20190512-WA00122-300x226.jpg\" alt=\"IMG-20190512-WA0012~2\" width=\"300\" height=\"226\" srcset=\"http:\/\/labestiadeportiva.com\/lbd\/wp-content\/uploads\/2019\/05\/IMG-20190512-WA00122-300x226.jpg 300w, http:\/\/labestiadeportiva.com\/lbd\/wp-content\/uploads\/2019\/05\/IMG-20190512-WA00122.jpg 824w\" sizes=\"(max-width: 300px) 100vw, 300px\" \/><\/a><br \/>\nLuciana Ferreyra consigui\u00f3 el 12\u00b0 lugar en la prueba de Salto en Largo mientras que en Salto en Alto donde se meti\u00f3 entre las seis mejores con una marca personal de 1,50 metros.<\/p>\n<p>Demostrando su gran momento Renata Godoy concluy\u00f3 8\u00b0 en los 80 metros con vallas y 5\u00b0 en el Lanzamiento de Jabalina.<\/p>\n<p>En el segmento mayor de juveniles, U20, Felipe Isoba finaliz\u00f3 su labor en el puesto 13 en el Salto en Largo mientras que en su prueba preferida, el Salto en Alto, consigui\u00f3 meterse octavo mejorando su marca personal.<\/p>\n<p>El equipo fueguino de atletismo vive uno de sus mejores momentos, est\u00edmulos y competencias parece ser la clave para que todos los actores, formadores y alumnos, se encuentren sumamente motivados.<\/p>\n<p>Cuando reci\u00e9n promedia la temporada y por delante a\u00fan quedan Juegos Binacionales de la Araucan\u00eda y Juegos Nacionales Evita sa la sensaci\u00f3n que lo mejor est\u00e1 por venir.<\/p>\n<p><a href=\"http:\/\/labestiadeportiva.com\/lbd\/wp-content\/uploads\/2019\/05\/IMG-20190512-WA00052.jpg\"><img loading=\"lazy\" class=\"aligncenter size-medium wp-image-32162\" src=\"http:\/\/labestiadeportiva.com\/lbd\/wp-content\/uploads\/2019\/05\/IMG-20190512-WA00052-300x191.jpg\" alt=\"IMG-20190512-WA0005~2\" width=\"300\" height=\"191\" srcset=\"http:\/\/labestiadeportiva.com\/lbd\/wp-content\/uploads\/2019\/05\/IMG-20190512-WA00052-300x191.jpg 300w, http:\/\/labestiadeportiva.com\/lbd\/wp-content\/uploads\/2019\/05\/IMG-20190512-WA00052-1024x654.jpg 1024w, http:\/\/labestiadeportiva.com\/lbd\/wp-content\/uploads\/2019\/05\/IMG-20190512-WA00052.jpg 1280w\" sizes=\"(max-width: 300px) 100vw, 300px\" \/><\/a><\/p>\n<div class='epvc-post-count'><span class='epvc-eye'><\/span>  <span class=\"epvc-count\"> 1.290<\/span><span class='epvc-label'> veces le\u00edda<\/span><\/div>\n<div class=\"jwsharethis\">\nShare this: \n<br \/>\n<a href=\"mailto:?subject=El%20atletismo%20ushuaiense%20no%20se%20detiene&amp;body=http%3A%2F%2Flabestiadeportiva.com%2Flbd%2Fel-atletismo-ushuaiense-no-se-detiene%2F\">\n<img src=\"http:\/\/labestiadeportiva.com\/lbd\/wp-content\/plugins\/jw-share-this\/email.png\" alt=\"Share this page via Email\" \/>\n<\/a>\n<a target=\"_blank\" href=\"http:\/\/www.stumbleupon.com\/submit?url=http%3A%2F%2Flabestiadeportiva.com%2Flbd%2Fel-atletismo-ushuaiense-no-se-detiene%2F&amp;title=El+atletismo+ushuaiense+no+se+detiene\">\n<img src=\"http:\/\/labestiadeportiva.com\/lbd\/wp-content\/plugins\/jw-share-this\/su.png\" alt=\"Share this page via Stumble Upon\" \/>\n<\/a>\n<a target=\"_blank\" href=\"http:\/\/digg.com\/submit?url=http%3A%2F%2Flabestiadeportiva.com%2Flbd%2Fel-atletismo-ushuaiense-no-se-detiene%2F&amp;title=El+atletismo+ushuaiense+no+se+detiene\">\n<img src=\"http:\/\/labestiadeportiva.com\/lbd\/wp-content\/plugins\/jw-share-this\/digg.png\" alt=\"Share this page via Digg this\" \/>\n<\/a>\n<a target=\"_blank\" href=\"http:\/\/www.facebook.com\/sharer.php?u=http%3A%2F%2Flabestiadeportiva.com%2Flbd%2Fel-atletismo-ushuaiense-no-se-detiene%2F&amp;t=El+atletismo+ushuaiense+no+se+detiene\">\n<img src=\"http:\/\/labestiadeportiva.com\/lbd\/wp-content\/plugins\/jw-share-this\/fb.png\" alt=\"Share this page via Facebook\" \/>\n<\/a>\n<a target=\"_blank\" href=\"http:\/\/twitter.com\/intent\/tweet?text=I+like+http%3A%2F%2Flabestiadeportiva.com%2Flbd%2Fel-atletismo-ushuaiense-no-se-detiene%2F&amp;title=El+atletismo+ushuaiense+no+se+detiene\">\n<img src=\"http:\/\/labestiadeportiva.com\/lbd\/wp-content\/plugins\/jw-share-this\/twitter.png\" alt=\"Share this page via Twitter\" \/>\n<\/a>\n<\/div>\n","protected":false},"excerpt":{"rendered":"<p>Cuatro j\u00f3venes deportistas capitalinos presentes en el Nacional U20 y la Copa Nacional de Clubes U16. Renata Godoy, Shanti Correa, Luciana Ferreyra y Felipe Isoba en una nueva incursi\u00f3n nacional acompa\u00f1ados por el profesor Lucas Doffo, desde LBD los detalles. 1.290 veces le\u00edda Share this:<\/p>\n","protected":false},"author":1,"featured_media":32160,"comment_status":"open","ping_status":"open","sticky":false,"template":"","format":"standard","meta":[],"categories":[22,5,6,1],"tags":[4831,3889,1188,3660,3888],"_links":{"self":[{"href":"http:\/\/labestiadeportiva.com\/lbd\/wp-json\/wp\/v2\/posts\/32159"}],"collection":[{"href":"http:\/\/labestiadeportiva.com\/lbd\/wp-json\/wp\/v2\/posts"}],"about":[{"href":"http:\/\/labestiadeportiva.com\/lbd\/wp-json\/wp\/v2\/types\/post"}],"author":[{"embeddable":true,"href":"http:\/\/labestiadeportiva.com\/lbd\/wp-json\/wp\/v2\/users\/1"}],"replies":[{"embeddable":true,"href":"http:\/\/labestiadeportiva.com\/lbd\/wp-json\/wp\/v2\/comments?post=32159"}],"version-history":[{"count":1,"href":"http:\/\/labestiadeportiva.com\/lbd\/wp-json\/wp\/v2\/posts\/32159\/revisions"}],"predecessor-version":[{"id":32163,"href":"http:\/\/labestiadeportiva.com\/lbd\/wp-json\/wp\/v2\/posts\/32159\/revisions\/32163"}],"wp:featuredmedia":[{"embeddable":true,"href":"http:\/\/labestiadeportiva.com\/lbd\/wp-json\/wp\/v2\/media\/32160"}],"wp:attachment":[{"href":"http:\/\/labestiadeportiva.com\/lbd\/wp-json\/wp\/v2\/media?parent=32159"}],"wp:term":[{"taxonomy":"category","embeddable":true,"href":"http:\/\/labestiadeportiva.com\/lbd\/wp-json\/wp\/v2\/categories?post=32159"},{"taxonomy":"post_tag","embeddable":true,"href":"http:\/\/labestiadeportiva.com\/lbd\/wp-json\/wp\/v2\/tags?post=32159"}],"curies":[{"name":"wp","href":"https:\/\/api.w.org\/{rel}","templated":true}]}}