{"id":322,"date":"2012-09-11T20:16:33","date_gmt":"2012-09-11T20:16:33","guid":{"rendered":"http:\/\/labestiadeportiva.com\/lbd\/?p=322"},"modified":"2012-09-11T20:16:33","modified_gmt":"2012-09-11T20:16:33","slug":"estaban-todos","status":"publish","type":"post","link":"http:\/\/labestiadeportiva.com\/lbd\/estaban-todos\/","title":{"rendered":"Estaban todos"},"content":{"rendered":"<p><a href=\"http:\/\/labestiadeportiva.com\/lbd\/wp-content\/uploads\/2012\/09\/MG_84741.jpg\"><img loading=\"lazy\" class=\"alignleft size-medium wp-image-325\" title=\"_MG_8474\" src=\"http:\/\/labestiadeportiva.com\/lbd\/wp-content\/uploads\/2012\/09\/MG_84741-300x125.jpg\" alt=\"\" width=\"300\" height=\"125\" srcset=\"http:\/\/labestiadeportiva.com\/lbd\/wp-content\/uploads\/2012\/09\/MG_84741-300x125.jpg 300w, http:\/\/labestiadeportiva.com\/lbd\/wp-content\/uploads\/2012\/09\/MG_84741.jpg 640w\" sizes=\"(max-width: 300px) 100vw, 300px\" \/><\/a>El pasado domingo se disput\u00f3 la 2\u00b0 fecha del campeonato provincial de motociclismo. M\u00e1s de 140 pilotos en las 14 categor\u00edas presentes. Nieve, barro y agua para el primer Enduro Cross luego del receso invernal. La pr\u00f3xima cita el 12 de octubre. Te brindamos los podios y fotos de la h\u00fameda jornada ushuaiense.<!--morePara leer Click Aqu\u00ed--><\/p>\n<p>El circuito municipal de la capital provincial fue testigo del regreso de la actividad luego de varios meses. La Asociaci\u00f3n Motociclistica Ushuaia, con nueva comisi\u00f3n directiva, encar\u00f3 este primer desaf\u00edo que empez\u00f3 a complicarse en lo clim\u00e1tico un d\u00eda antes de la prueba oficial con una persistente lluvia que el propio domingo se transform\u00f3 en nieve.<\/p>\n<p><a href=\"http:\/\/labestiadeportiva.com\/lbd\/wp-content\/uploads\/2012\/09\/MG_8509.jpg\"><img loading=\"lazy\" class=\"aligncenter size-medium wp-image-324\" title=\"_MG_8509\" src=\"http:\/\/labestiadeportiva.com\/lbd\/wp-content\/uploads\/2012\/09\/MG_8509-300x217.jpg\" alt=\"\" width=\"300\" height=\"217\" srcset=\"http:\/\/labestiadeportiva.com\/lbd\/wp-content\/uploads\/2012\/09\/MG_8509-300x217.jpg 300w, http:\/\/labestiadeportiva.com\/lbd\/wp-content\/uploads\/2012\/09\/MG_8509.jpg 640w\" sizes=\"(max-width: 300px) 100vw, 300px\" \/><\/a><\/p>\n<p>En las instalaciones pudieron observarse varios progresos como el cercado perimetral, audio en el sector de cronometraje y el mejoramiento del sector del parque cerrado. La gran cantidad de agua ca\u00edda comenz\u00f3 a anegar el trazado, de algo m\u00e1s de 3.000 metros de extensi\u00f3n, lo que hizo que los pilotos tuvieran que esforzarse al m\u00e1ximo de sus capacidades para poder hacer frente a la jornada.<\/p>\n<p>Como viene sucediendo con la actividad una importante cantidad de p\u00fablico acompa\u00f1o durante todo el domingo dejando en claro que la gente de Tierra del Fuego elige y disfruta del deporte motor en todas sus versiones.<\/p>\n<p><a href=\"http:\/\/labestiadeportiva.com\/lbd\/wp-content\/uploads\/2012\/09\/MG_84811.jpg\"><img loading=\"lazy\" class=\"aligncenter size-medium wp-image-327\" title=\"_MG_8481\" src=\"http:\/\/labestiadeportiva.com\/lbd\/wp-content\/uploads\/2012\/09\/MG_84811-300x218.jpg\" alt=\"\" width=\"300\" height=\"218\" srcset=\"http:\/\/labestiadeportiva.com\/lbd\/wp-content\/uploads\/2012\/09\/MG_84811-300x218.jpg 300w, http:\/\/labestiadeportiva.com\/lbd\/wp-content\/uploads\/2012\/09\/MG_84811.jpg 640w\" sizes=\"(max-width: 300px) 100vw, 300px\" \/><\/a><span style=\"color: #0000ff;\">Los podios por categor\u00edas<\/span><br \/>\nATV 4X4<br \/>\n<span style=\"color: #ff0000;\">1\u00b0 Ra\u00fal Pi\u00f1ero<\/span><br \/>\n2\u00b0 Ra\u00fal Heredia<br \/>\n3\u00b0 Mat\u00edas Heredia<br \/>\nATV Limitada<br \/>\n<span style=\"color: #ff0000;\">1\u00b0 Enzo Casino<\/span><br \/>\n2\u00b0 Jos\u00e9 Cano<br \/>\n3\u00b0 Mart\u00edn Borbas<\/p>\n<p><a href=\"http:\/\/labestiadeportiva.com\/lbd\/wp-content\/uploads\/2012\/09\/MG_8487.jpg\"><img loading=\"lazy\" class=\"aligncenter size-medium wp-image-328\" title=\"_MG_8487\" src=\"http:\/\/labestiadeportiva.com\/lbd\/wp-content\/uploads\/2012\/09\/MG_8487-300x167.jpg\" alt=\"\" width=\"300\" height=\"167\" srcset=\"http:\/\/labestiadeportiva.com\/lbd\/wp-content\/uploads\/2012\/09\/MG_8487-300x167.jpg 300w, http:\/\/labestiadeportiva.com\/lbd\/wp-content\/uploads\/2012\/09\/MG_8487.jpg 640w\" sizes=\"(max-width: 300px) 100vw, 300px\" \/><\/a>ATV Limitada Jrs.<br \/>\n<span style=\"color: #ff0000;\">1\u00b0 Tomas Fern\u00e1ndez<\/span><br \/>\n2\u00b0 Tomas Barr\u00eda<br \/>\n3\u00b0 Nicol\u00e1s Moglie<br \/>\nATV Mini<br \/>\n<span style=\"color: #ff0000;\">1\u00b0 Brandon Bernatere<\/span><br \/>\n2\u00b0 Ger\u00f3nimo Mart\u00ednez<br \/>\n3\u00b0 Mat\u00edas Jerez<\/p>\n<p><a href=\"http:\/\/labestiadeportiva.com\/lbd\/wp-content\/uploads\/2012\/09\/MG_8482.jpg\"><img loading=\"lazy\" class=\"aligncenter size-medium wp-image-329\" title=\"_MG_8482\" src=\"http:\/\/labestiadeportiva.com\/lbd\/wp-content\/uploads\/2012\/09\/MG_8482-300x180.jpg\" alt=\"\" width=\"300\" height=\"180\" srcset=\"http:\/\/labestiadeportiva.com\/lbd\/wp-content\/uploads\/2012\/09\/MG_8482-300x180.jpg 300w, http:\/\/labestiadeportiva.com\/lbd\/wp-content\/uploads\/2012\/09\/MG_8482.jpg 640w\" sizes=\"(max-width: 300px) 100vw, 300px\" \/><\/a>ATV Pro A<br \/>\n<span style=\"color: #ff0000;\">1\u00b0 Mart\u00edn Bronzovich<\/span><br \/>\n2\u00b0 Tomas Zentner<br \/>\n3\u00b0 Manuel Zentner<br \/>\nATV Master<br \/>\n<span style=\"color: #ff0000;\">1\u00b0 Marcelo Fernandez<\/span><br \/>\n2\u00b0 Carlos Tornabere<br \/>\n3\u00b0 Franco Brigando<\/p>\n<p><a href=\"http:\/\/labestiadeportiva.com\/lbd\/wp-content\/uploads\/2012\/09\/MG_8527.jpg\"><img loading=\"lazy\" class=\"aligncenter size-medium wp-image-330\" title=\"_MG_8527\" src=\"http:\/\/labestiadeportiva.com\/lbd\/wp-content\/uploads\/2012\/09\/MG_8527-300x200.jpg\" alt=\"\" width=\"300\" height=\"200\" srcset=\"http:\/\/labestiadeportiva.com\/lbd\/wp-content\/uploads\/2012\/09\/MG_8527-300x200.jpg 300w, http:\/\/labestiadeportiva.com\/lbd\/wp-content\/uploads\/2012\/09\/MG_8527.jpg 640w\" sizes=\"(max-width: 300px) 100vw, 300px\" \/><\/a>ATV Pro B<br \/>\n<span style=\"color: #ff0000;\">1\u00b0 Mart\u00edn C\u00e1rdenas<\/span><br \/>\n2\u00b0 El\u00edas Mercau<br \/>\n3\u00b0 Santiago Zentner<br \/>\nATV Promocional<br \/>\n<span style=\"color: #ff0000;\">1\u00b0 V\u00edctor P\u00e9rez<\/span><br \/>\n2\u00b0 Jos\u00e9 D\u00edaz<br \/>\n3\u00b0 Gino Loys<\/p>\n<p><a href=\"http:\/\/labestiadeportiva.com\/lbd\/wp-content\/uploads\/2012\/09\/MG_8521.jpg\"><img loading=\"lazy\" class=\"aligncenter size-medium wp-image-331\" title=\"_MG_8521\" src=\"http:\/\/labestiadeportiva.com\/lbd\/wp-content\/uploads\/2012\/09\/MG_8521-300x218.jpg\" alt=\"\" width=\"300\" height=\"218\" srcset=\"http:\/\/labestiadeportiva.com\/lbd\/wp-content\/uploads\/2012\/09\/MG_8521-300x218.jpg 300w, http:\/\/labestiadeportiva.com\/lbd\/wp-content\/uploads\/2012\/09\/MG_8521.jpg 640w\" sizes=\"(max-width: 300px) 100vw, 300px\" \/><\/a>Motos Expertos<br \/>\n<span style=\"color: #ff0000;\">1\u00b0 Fernando Lorenzoni<\/span><br \/>\n2\u00b0 Federico Vel\u00e1zquez<br \/>\n3\u00b0 Javier Vel\u00e1zquez<br \/>\nMotos Master A<br \/>\n<span style=\"color: #ff0000;\">1\u00b0 Jos\u00e9 Villegas<\/span><br \/>\n2\u00b0 Daniel Medina<\/p>\n<p><a href=\"http:\/\/labestiadeportiva.com\/lbd\/wp-content\/uploads\/2012\/09\/MG_8510.jpg\"><img loading=\"lazy\" class=\"aligncenter size-medium wp-image-332\" title=\"_MG_8510\" src=\"http:\/\/labestiadeportiva.com\/lbd\/wp-content\/uploads\/2012\/09\/MG_8510-300x209.jpg\" alt=\"\" width=\"300\" height=\"209\" srcset=\"http:\/\/labestiadeportiva.com\/lbd\/wp-content\/uploads\/2012\/09\/MG_8510-300x209.jpg 300w, http:\/\/labestiadeportiva.com\/lbd\/wp-content\/uploads\/2012\/09\/MG_8510.jpg 640w\" sizes=\"(max-width: 300px) 100vw, 300px\" \/><\/a>Motos Open<br \/>\n<span style=\"color: #ff0000;\">1\u00b0 PJ Onyszczuk<\/span><br \/>\n2\u00b0 Cristian Moyano<br \/>\n3\u00b0 Federico Nielsen<br \/>\nMoto Promocional<br \/>\n<span style=\"color: #ff0000;\">1\u00b0 M\u00e1ximo Quinteros<\/span><br \/>\n2\u00b0 Lucas Vera<br \/>\n3\u00b0 Facundo C\u00e1rdenas<\/p>\n<p><a href=\"http:\/\/labestiadeportiva.com\/lbd\/wp-content\/uploads\/2012\/09\/MG_8523.jpg\"><img loading=\"lazy\" class=\"aligncenter size-medium wp-image-333\" title=\"_MG_8523\" src=\"http:\/\/labestiadeportiva.com\/lbd\/wp-content\/uploads\/2012\/09\/MG_8523-300x185.jpg\" alt=\"\" width=\"300\" height=\"185\" srcset=\"http:\/\/labestiadeportiva.com\/lbd\/wp-content\/uploads\/2012\/09\/MG_8523-300x185.jpg 300w, http:\/\/labestiadeportiva.com\/lbd\/wp-content\/uploads\/2012\/09\/MG_8523.jpg 640w\" sizes=\"(max-width: 300px) 100vw, 300px\" \/><\/a>Moto Master B<br \/>\n<span style=\"color: #ff0000;\">1\u00b0 Pablo Onyszczuk<\/span><br \/>\n2\u00b0 Antonio Godoy<br \/>\n3\u00b0 Guillermo Iglesias<br \/>\nMoto Juniors<br \/>\n<span style=\"color: #ff0000;\">1\u00b0 Rub\u00e9n Ya\u00f1ez<\/span><br \/>\n2\u00b0 Demi\u00e1n Ru\u00edz<br \/>\n3\u00b0 Agustina Herbert<\/p>\n<p><a href=\"http:\/\/labestiadeportiva.com\/lbd\/wp-content\/uploads\/2012\/09\/MG_8507.jpg\"><img loading=\"lazy\" class=\"aligncenter size-medium wp-image-335\" title=\"_MG_8507\" src=\"http:\/\/labestiadeportiva.com\/lbd\/wp-content\/uploads\/2012\/09\/MG_8507-300x203.jpg\" alt=\"\" width=\"300\" height=\"203\" srcset=\"http:\/\/labestiadeportiva.com\/lbd\/wp-content\/uploads\/2012\/09\/MG_8507-300x203.jpg 300w, http:\/\/labestiadeportiva.com\/lbd\/wp-content\/uploads\/2012\/09\/MG_8507.jpg 640w\" sizes=\"(max-width: 300px) 100vw, 300px\" \/><\/a><\/p>\n<p>&nbsp;<\/p>\n<p>&nbsp;<\/p>\n<div class='epvc-post-count'><span class='epvc-eye'><\/span>  <span class=\"epvc-count\"> 1.194<\/span><span class='epvc-label'> veces le\u00edda<\/span><\/div>\n<div class=\"jwsharethis\">\nShare this: \n<br \/>\n<a href=\"mailto:?subject=Estaban%20todos&amp;body=http%3A%2F%2Flabestiadeportiva.com%2Flbd%2Festaban-todos%2F\">\n<img src=\"http:\/\/labestiadeportiva.com\/lbd\/wp-content\/plugins\/jw-share-this\/email.png\" alt=\"Share this page via Email\" \/>\n<\/a>\n<a target=\"_blank\" href=\"http:\/\/www.stumbleupon.com\/submit?url=http%3A%2F%2Flabestiadeportiva.com%2Flbd%2Festaban-todos%2F&amp;title=Estaban+todos\">\n<img src=\"http:\/\/labestiadeportiva.com\/lbd\/wp-content\/plugins\/jw-share-this\/su.png\" alt=\"Share this page via Stumble Upon\" \/>\n<\/a>\n<a target=\"_blank\" href=\"http:\/\/digg.com\/submit?url=http%3A%2F%2Flabestiadeportiva.com%2Flbd%2Festaban-todos%2F&amp;title=Estaban+todos\">\n<img src=\"http:\/\/labestiadeportiva.com\/lbd\/wp-content\/plugins\/jw-share-this\/digg.png\" alt=\"Share this page via Digg this\" \/>\n<\/a>\n<a target=\"_blank\" href=\"http:\/\/www.facebook.com\/sharer.php?u=http%3A%2F%2Flabestiadeportiva.com%2Flbd%2Festaban-todos%2F&amp;t=Estaban+todos\">\n<img src=\"http:\/\/labestiadeportiva.com\/lbd\/wp-content\/plugins\/jw-share-this\/fb.png\" alt=\"Share this page via Facebook\" \/>\n<\/a>\n<a target=\"_blank\" href=\"http:\/\/twitter.com\/intent\/tweet?text=I+like+http%3A%2F%2Flabestiadeportiva.com%2Flbd%2Festaban-todos%2F&amp;title=Estaban+todos\">\n<img src=\"http:\/\/labestiadeportiva.com\/lbd\/wp-content\/plugins\/jw-share-this\/twitter.png\" alt=\"Share this page via Twitter\" \/>\n<\/a>\n<\/div>\n","protected":false},"excerpt":{"rendered":"<p>El pasado domingo se disput\u00f3 la 2\u00b0 fecha del campeonato provincial de motociclismo. M\u00e1s de 140 pilotos en las 14 categor\u00edas presentes. Nieve, barro y agua para el primer Enduro Cross luego del receso invernal. La pr\u00f3xima cita el 12 de octubre. Te brindamos los podios y fotos de la h\u00fameda jornada ushuaiense. 1.194 veces &hellip; <a href=\"http:\/\/labestiadeportiva.com\/lbd\/estaban-todos\/\" class=\"more-link\">Seguir leyendo <span class=\"screen-reader-text\">Estaban todos<\/span> <span class=\"meta-nav\">&rarr;<\/span><\/a><\/p>\n","protected":false},"author":1,"featured_media":325,"comment_status":"open","ping_status":"open","sticky":false,"template":"","format":"standard","meta":[],"categories":[5,68,1],"tags":[69,70,71],"_links":{"self":[{"href":"http:\/\/labestiadeportiva.com\/lbd\/wp-json\/wp\/v2\/posts\/322"}],"collection":[{"href":"http:\/\/labestiadeportiva.com\/lbd\/wp-json\/wp\/v2\/posts"}],"about":[{"href":"http:\/\/labestiadeportiva.com\/lbd\/wp-json\/wp\/v2\/types\/post"}],"author":[{"embeddable":true,"href":"http:\/\/labestiadeportiva.com\/lbd\/wp-json\/wp\/v2\/users\/1"}],"replies":[{"embeddable":true,"href":"http:\/\/labestiadeportiva.com\/lbd\/wp-json\/wp\/v2\/comments?post=322"}],"version-history":[{"count":1,"href":"http:\/\/labestiadeportiva.com\/lbd\/wp-json\/wp\/v2\/posts\/322\/revisions"}],"predecessor-version":[{"id":336,"href":"http:\/\/labestiadeportiva.com\/lbd\/wp-json\/wp\/v2\/posts\/322\/revisions\/336"}],"wp:featuredmedia":[{"embeddable":true,"href":"http:\/\/labestiadeportiva.com\/lbd\/wp-json\/wp\/v2\/media\/325"}],"wp:attachment":[{"href":"http:\/\/labestiadeportiva.com\/lbd\/wp-json\/wp\/v2\/media?parent=322"}],"wp:term":[{"taxonomy":"category","embeddable":true,"href":"http:\/\/labestiadeportiva.com\/lbd\/wp-json\/wp\/v2\/categories?post=322"},{"taxonomy":"post_tag","embeddable":true,"href":"http:\/\/labestiadeportiva.com\/lbd\/wp-json\/wp\/v2\/tags?post=322"}],"curies":[{"name":"wp","href":"https:\/\/api.w.org\/{rel}","templated":true}]}}