{"id":32259,"date":"2019-05-23T15:26:58","date_gmt":"2019-05-23T18:26:58","guid":{"rendered":"http:\/\/labestiadeportiva.com\/lbd\/?p=32259"},"modified":"2019-05-23T15:27:17","modified_gmt":"2019-05-23T18:27:17","slug":"el-chico-de-la-foto","status":"publish","type":"post","link":"http:\/\/labestiadeportiva.com\/lbd\/el-chico-de-la-foto\/","title":{"rendered":"El chico de la foto"},"content":{"rendered":"<p>Por Daniel Campos (Corresponsal LBD en Palma de Mallorca, Espa\u00f1a)<\/p>\n<p><a href=\"http:\/\/labestiadeportiva.com\/lbd\/wp-content\/uploads\/2019\/05\/Niki-Lauda-1.jpg\"><img loading=\"lazy\" class=\"aligncenter size-medium wp-image-32260\" src=\"http:\/\/labestiadeportiva.com\/lbd\/wp-content\/uploads\/2019\/05\/Niki-Lauda-1-300x225.jpg\" alt=\"Niki Lauda 1\" width=\"300\" height=\"225\" srcset=\"http:\/\/labestiadeportiva.com\/lbd\/wp-content\/uploads\/2019\/05\/Niki-Lauda-1-300x225.jpg 300w, http:\/\/labestiadeportiva.com\/lbd\/wp-content\/uploads\/2019\/05\/Niki-Lauda-1.jpg 480w\" sizes=\"(max-width: 300px) 100vw, 300px\" \/><\/a>La reciente desaparici\u00f3n f\u00edsica de Niki Lauda dispar\u00f3 r\u00e1pidamente una gran idea por parte de nuestro hombre en Espa\u00f1a. Daniel Campos se encuentra escribi\u00e9ndo un libro sobre la F\u00f3rmula 1 Internacional. Durante alrededor de una semana y a modo de homenaje espiaremos los cap\u00edtulos que involucran al austr\u00edaco triple campe\u00f3n del mundo. Tercera entrega.<!--more--><\/p>\n<p>Un extra\u00f1o suceso tuvo lugar esa tarde en pleno verano europeo, cuando la F\u00f3rmula Uno desembarc\u00f3 en el circuito alem\u00e1n de Nurburgring. El austr\u00edaco Niki Lauda, hab\u00eda acordado encontrase a las cinco y media con dos periodistas del Kurier, un diario de Viena. Juntos recorrer\u00edan los pocos m\u00e1s de 22 kil\u00f3metros de extensi\u00f3n del m\u00edtico trazado. Tras pasar por el box de Ferrari, Lauda y sus acompa\u00f1antes se dispon\u00edan a encarar el t\u00fanel para acceder a la pista, cuando un joven apareci\u00f3 entre el numeroso p\u00fablico que merodeaba por los alrededores y golpe\u00f3 la ventanilla del auto.<\/p>\n<p>El austr\u00edaco cort\u00e9smente baj\u00f3 el cristal, al momento que el chico le pidi\u00f3 que estampara su firma en una foto. El campe\u00f3n as\u00ed lo hizo casi de forma autom\u00e1tica, sab\u00eda que dicho ritual formaba parte del negocio. El joven luego de agradecer el gesto de su \u00eddolo, de inmediato le entreg\u00f3 otra foto y agreg\u00f3 \u201ctenga, se la regalo\u201d. Era una foto de la tumba de Jochen Rindt.\u201d El austr\u00edaco sin inmutarse y en silencio la guard\u00f3 en la guantera del auto. Helmut Zwickl, uno de los periodistas que le acompa\u00f1aba en ese momento, tom\u00f3 nota del hecho. \u00bfQu\u00e9 llev\u00f3 a ese desconocido a realizar tan macabro obsequio?<\/p>\n<p>Tal vez era premonitorio, la muerte rondaba por los bosques al pie del castillo de Nurburg e iba al encuentro del veloz piloto austr\u00edaco, en el kil\u00f3metro 10,7 del trazado alem\u00e1n, un domingo fr\u00edo y lluvioso del mes de agosto.<\/p>\n<div class='epvc-post-count'><span class='epvc-eye'><\/span>  <span class=\"epvc-count\"> 1.023<\/span><span class='epvc-label'> veces le\u00edda<\/span><\/div>\n<div class=\"jwsharethis\">\nShare this: \n<br \/>\n<a href=\"mailto:?subject=El%20chico%20de%20la%20foto&amp;body=http%3A%2F%2Flabestiadeportiva.com%2Flbd%2Fel-chico-de-la-foto%2F\">\n<img src=\"http:\/\/labestiadeportiva.com\/lbd\/wp-content\/plugins\/jw-share-this\/email.png\" alt=\"Share this page via Email\" \/>\n<\/a>\n<a target=\"_blank\" href=\"http:\/\/www.stumbleupon.com\/submit?url=http%3A%2F%2Flabestiadeportiva.com%2Flbd%2Fel-chico-de-la-foto%2F&amp;title=El+chico+de+la+foto\">\n<img src=\"http:\/\/labestiadeportiva.com\/lbd\/wp-content\/plugins\/jw-share-this\/su.png\" alt=\"Share this page via Stumble Upon\" \/>\n<\/a>\n<a target=\"_blank\" href=\"http:\/\/digg.com\/submit?url=http%3A%2F%2Flabestiadeportiva.com%2Flbd%2Fel-chico-de-la-foto%2F&amp;title=El+chico+de+la+foto\">\n<img src=\"http:\/\/labestiadeportiva.com\/lbd\/wp-content\/plugins\/jw-share-this\/digg.png\" alt=\"Share this page via Digg this\" \/>\n<\/a>\n<a target=\"_blank\" href=\"http:\/\/www.facebook.com\/sharer.php?u=http%3A%2F%2Flabestiadeportiva.com%2Flbd%2Fel-chico-de-la-foto%2F&amp;t=El+chico+de+la+foto\">\n<img src=\"http:\/\/labestiadeportiva.com\/lbd\/wp-content\/plugins\/jw-share-this\/fb.png\" alt=\"Share this page via Facebook\" \/>\n<\/a>\n<a target=\"_blank\" href=\"http:\/\/twitter.com\/intent\/tweet?text=I+like+http%3A%2F%2Flabestiadeportiva.com%2Flbd%2Fel-chico-de-la-foto%2F&amp;title=El+chico+de+la+foto\">\n<img src=\"http:\/\/labestiadeportiva.com\/lbd\/wp-content\/plugins\/jw-share-this\/twitter.png\" alt=\"Share this page via Twitter\" \/>\n<\/a>\n<\/div>\n","protected":false},"excerpt":{"rendered":"<p>Por Daniel Campos (Corresponsal LBD en Palma de Mallorca, Espa\u00f1a) La reciente desaparici\u00f3n f\u00edsica de Niki Lauda dispar\u00f3 r\u00e1pidamente una gran idea por parte de nuestro hombre en Espa\u00f1a. Daniel Campos se encuentra escribi\u00e9ndo un libro sobre la F\u00f3rmula 1 Internacional. Durante alrededor de una semana y a modo de homenaje espiaremos los cap\u00edtulos que &hellip; <a href=\"http:\/\/labestiadeportiva.com\/lbd\/el-chico-de-la-foto\/\" class=\"more-link\">Seguir leyendo <span class=\"screen-reader-text\">El chico de la foto<\/span> <span class=\"meta-nav\">&rarr;<\/span><\/a><\/p>\n","protected":false},"author":1,"featured_media":32260,"comment_status":"open","ping_status":"open","sticky":false,"template":"","format":"standard","meta":[],"categories":[2176,4,3824,1],"tags":[],"_links":{"self":[{"href":"http:\/\/labestiadeportiva.com\/lbd\/wp-json\/wp\/v2\/posts\/32259"}],"collection":[{"href":"http:\/\/labestiadeportiva.com\/lbd\/wp-json\/wp\/v2\/posts"}],"about":[{"href":"http:\/\/labestiadeportiva.com\/lbd\/wp-json\/wp\/v2\/types\/post"}],"author":[{"embeddable":true,"href":"http:\/\/labestiadeportiva.com\/lbd\/wp-json\/wp\/v2\/users\/1"}],"replies":[{"embeddable":true,"href":"http:\/\/labestiadeportiva.com\/lbd\/wp-json\/wp\/v2\/comments?post=32259"}],"version-history":[{"count":2,"href":"http:\/\/labestiadeportiva.com\/lbd\/wp-json\/wp\/v2\/posts\/32259\/revisions"}],"predecessor-version":[{"id":32262,"href":"http:\/\/labestiadeportiva.com\/lbd\/wp-json\/wp\/v2\/posts\/32259\/revisions\/32262"}],"wp:featuredmedia":[{"embeddable":true,"href":"http:\/\/labestiadeportiva.com\/lbd\/wp-json\/wp\/v2\/media\/32260"}],"wp:attachment":[{"href":"http:\/\/labestiadeportiva.com\/lbd\/wp-json\/wp\/v2\/media?parent=32259"}],"wp:term":[{"taxonomy":"category","embeddable":true,"href":"http:\/\/labestiadeportiva.com\/lbd\/wp-json\/wp\/v2\/categories?post=32259"},{"taxonomy":"post_tag","embeddable":true,"href":"http:\/\/labestiadeportiva.com\/lbd\/wp-json\/wp\/v2\/tags?post=32259"}],"curies":[{"name":"wp","href":"https:\/\/api.w.org\/{rel}","templated":true}]}}