{"id":32379,"date":"2019-05-31T17:54:49","date_gmt":"2019-05-31T20:54:49","guid":{"rendered":"http:\/\/labestiadeportiva.com\/lbd\/?p=32379"},"modified":"2019-05-31T18:02:25","modified_gmt":"2019-05-31T21:02:25","slug":"ateneo-fc-y-camioneros-los-clasificados","status":"publish","type":"post","link":"http:\/\/labestiadeportiva.com\/lbd\/ateneo-fc-y-camioneros-los-clasificados\/","title":{"rendered":"Ateneo FC y Camioneros, los clasificados"},"content":{"rendered":"<p><a href=\"http:\/\/labestiadeportiva.com\/lbd\/wp-content\/uploads\/2019\/05\/20190531_171606-COLLAGE.jpg\"><img loading=\"lazy\" class=\"aligncenter size-medium wp-image-32380\" src=\"http:\/\/labestiadeportiva.com\/lbd\/wp-content\/uploads\/2019\/05\/20190531_171606-COLLAGE-300x300.jpg\" alt=\"20190531_171606-COLLAGE\" width=\"300\" height=\"300\" srcset=\"http:\/\/labestiadeportiva.com\/lbd\/wp-content\/uploads\/2019\/05\/20190531_171606-COLLAGE-300x300.jpg 300w, http:\/\/labestiadeportiva.com\/lbd\/wp-content\/uploads\/2019\/05\/20190531_171606-COLLAGE-150x150.jpg 150w, http:\/\/labestiadeportiva.com\/lbd\/wp-content\/uploads\/2019\/05\/20190531_171606-COLLAGE.jpg 1024w, http:\/\/labestiadeportiva.com\/lbd\/wp-content\/uploads\/2019\/05\/20190531_171606-COLLAGE-160x160.jpg 160w, http:\/\/labestiadeportiva.com\/lbd\/wp-content\/uploads\/2019\/05\/20190531_171606-COLLAGE-320x320.jpg 320w, http:\/\/labestiadeportiva.com\/lbd\/wp-content\/uploads\/2019\/05\/20190531_171606-COLLAGE-60x60.jpg 60w\" sizes=\"(max-width: 300px) 100vw, 300px\" \/><\/a>Con la victoria de este jueves por parte del \u00abCami\u00f3n\u00bb sobre CAEF 3 a 0\u00a0 se complet\u00f3 la instancia local de la LNFA. Ateneo hab\u00eda hecho lo propio el martes al doblegar a Los Andes por 9 a 3. La fase regional se disputar\u00e1 en R\u00edo Grande durante el mes de Octubre.<\/p>\n<p>Concluy\u00f3 la instancia local de la segunda edici\u00f3n de la #LNFA.\u00a0 Al margen quedaron los clubes Los Andes, CAEF, Mercantil y Escuela MB.<\/p>\n<p>Gran momento de Ateneo FC que qued\u00f3 rubricado en el campo de juego. Los de \u00abLeo\u00bb Aranda repetir\u00e1n la experiencia de acceder al Regional, cabe recordar que en 2018 lo hicieron junto a Centro Galicia.<\/p>\n<p>Camioneros, ahora conducido por \u00abLucho\u00bb Montiel, super\u00f3 a los j\u00f3venes del Club Atl\u00e9tico de la Educaci\u00f3n Fueguina.<\/p>\n<p>En la previa el empate favorec\u00eda a los muchachos de negro, el marcador cerrado se mantuvo en los primeros 20 minutos de juego.<\/p>\n<p>En el complemento Gabriel Espinoza puso el 1 a 0. Luego lleg\u00f3 un doblete de Lucas \u00abP\u00e1jaro\u00bb Lemul, una de las figuras de la noche, para poner cifras definitivas al encuentro 3 a 0 y clasificaci\u00f3n asegurada.<\/p>\n<p>Si bien a\u00fan no se defini\u00f3 la fecha de la pr\u00f3xima instancia la misma se realizar\u00e1 en la ciudad de R\u00edo Grande durante el mes de octubre.<\/p>\n<div class='epvc-post-count'><span class='epvc-eye'><\/span>  <span class=\"epvc-count\"> 1.140<\/span><span class='epvc-label'> veces le\u00edda<\/span><\/div>\n<div class=\"jwsharethis\">\nShare this: \n<br \/>\n<a href=\"mailto:?subject=Ateneo%20FC%20y%20Camioneros%2C%20los%20clasificados&amp;body=http%3A%2F%2Flabestiadeportiva.com%2Flbd%2Fateneo-fc-y-camioneros-los-clasificados%2F\">\n<img src=\"http:\/\/labestiadeportiva.com\/lbd\/wp-content\/plugins\/jw-share-this\/email.png\" alt=\"Share this page via Email\" \/>\n<\/a>\n<a target=\"_blank\" href=\"http:\/\/www.stumbleupon.com\/submit?url=http%3A%2F%2Flabestiadeportiva.com%2Flbd%2Fateneo-fc-y-camioneros-los-clasificados%2F&amp;title=Ateneo+FC+y+Camioneros%2C+los+clasificados\">\n<img src=\"http:\/\/labestiadeportiva.com\/lbd\/wp-content\/plugins\/jw-share-this\/su.png\" alt=\"Share this page via Stumble Upon\" \/>\n<\/a>\n<a target=\"_blank\" href=\"http:\/\/digg.com\/submit?url=http%3A%2F%2Flabestiadeportiva.com%2Flbd%2Fateneo-fc-y-camioneros-los-clasificados%2F&amp;title=Ateneo+FC+y+Camioneros%2C+los+clasificados\">\n<img src=\"http:\/\/labestiadeportiva.com\/lbd\/wp-content\/plugins\/jw-share-this\/digg.png\" alt=\"Share this page via Digg this\" \/>\n<\/a>\n<a target=\"_blank\" href=\"http:\/\/www.facebook.com\/sharer.php?u=http%3A%2F%2Flabestiadeportiva.com%2Flbd%2Fateneo-fc-y-camioneros-los-clasificados%2F&amp;t=Ateneo+FC+y+Camioneros%2C+los+clasificados\">\n<img src=\"http:\/\/labestiadeportiva.com\/lbd\/wp-content\/plugins\/jw-share-this\/fb.png\" alt=\"Share this page via Facebook\" \/>\n<\/a>\n<a target=\"_blank\" href=\"http:\/\/twitter.com\/intent\/tweet?text=I+like+http%3A%2F%2Flabestiadeportiva.com%2Flbd%2Fateneo-fc-y-camioneros-los-clasificados%2F&amp;title=Ateneo+FC+y+Camioneros%2C+los+clasificados\">\n<img src=\"http:\/\/labestiadeportiva.com\/lbd\/wp-content\/plugins\/jw-share-this\/twitter.png\" alt=\"Share this page via Twitter\" \/>\n<\/a>\n<\/div>\n","protected":false},"excerpt":{"rendered":"<p>Con la victoria de este jueves por parte del \u00abCami\u00f3n\u00bb sobre CAEF 3 a 0\u00a0 se complet\u00f3 la instancia local de la LNFA. Ateneo hab\u00eda hecho lo propio el martes al doblegar a Los Andes por 9 a 3. La fase regional se disputar\u00e1 en R\u00edo Grande durante el mes de Octubre. Concluy\u00f3 la instancia &hellip; <a href=\"http:\/\/labestiadeportiva.com\/lbd\/ateneo-fc-y-camioneros-los-clasificados\/\" class=\"more-link\">Seguir leyendo <span class=\"screen-reader-text\">Ateneo FC y Camioneros, los clasificados<\/span> <span class=\"meta-nav\">&rarr;<\/span><\/a><\/p>\n","protected":false},"author":1,"featured_media":32380,"comment_status":"open","ping_status":"open","sticky":false,"template":"","format":"standard","meta":[],"categories":[5,47,1],"tags":[30,907,3602,3660],"_links":{"self":[{"href":"http:\/\/labestiadeportiva.com\/lbd\/wp-json\/wp\/v2\/posts\/32379"}],"collection":[{"href":"http:\/\/labestiadeportiva.com\/lbd\/wp-json\/wp\/v2\/posts"}],"about":[{"href":"http:\/\/labestiadeportiva.com\/lbd\/wp-json\/wp\/v2\/types\/post"}],"author":[{"embeddable":true,"href":"http:\/\/labestiadeportiva.com\/lbd\/wp-json\/wp\/v2\/users\/1"}],"replies":[{"embeddable":true,"href":"http:\/\/labestiadeportiva.com\/lbd\/wp-json\/wp\/v2\/comments?post=32379"}],"version-history":[{"count":3,"href":"http:\/\/labestiadeportiva.com\/lbd\/wp-json\/wp\/v2\/posts\/32379\/revisions"}],"predecessor-version":[{"id":32383,"href":"http:\/\/labestiadeportiva.com\/lbd\/wp-json\/wp\/v2\/posts\/32379\/revisions\/32383"}],"wp:featuredmedia":[{"embeddable":true,"href":"http:\/\/labestiadeportiva.com\/lbd\/wp-json\/wp\/v2\/media\/32380"}],"wp:attachment":[{"href":"http:\/\/labestiadeportiva.com\/lbd\/wp-json\/wp\/v2\/media?parent=32379"}],"wp:term":[{"taxonomy":"category","embeddable":true,"href":"http:\/\/labestiadeportiva.com\/lbd\/wp-json\/wp\/v2\/categories?post=32379"},{"taxonomy":"post_tag","embeddable":true,"href":"http:\/\/labestiadeportiva.com\/lbd\/wp-json\/wp\/v2\/tags?post=32379"}],"curies":[{"name":"wp","href":"https:\/\/api.w.org\/{rel}","templated":true}]}}