{"id":32407,"date":"2019-06-04T19:58:17","date_gmt":"2019-06-04T22:58:17","guid":{"rendered":"http:\/\/labestiadeportiva.com\/lbd\/?p=32407"},"modified":"2019-06-04T19:58:17","modified_gmt":"2019-06-04T22:58:17","slug":"arranco-la-clinica","status":"publish","type":"post","link":"http:\/\/labestiadeportiva.com\/lbd\/arranco-la-clinica\/","title":{"rendered":"Arranc\u00f3 la Cl\u00ednica"},"content":{"rendered":"<p><a href=\"http:\/\/labestiadeportiva.com\/lbd\/wp-content\/uploads\/2019\/06\/IMG-20190604-WA00692.jpg\"><img loading=\"lazy\" class=\"aligncenter size-medium wp-image-32408\" src=\"http:\/\/labestiadeportiva.com\/lbd\/wp-content\/uploads\/2019\/06\/IMG-20190604-WA00692-300x189.jpg\" alt=\"IMG-20190604-WA0069~2\" width=\"300\" height=\"189\" srcset=\"http:\/\/labestiadeportiva.com\/lbd\/wp-content\/uploads\/2019\/06\/IMG-20190604-WA00692-300x189.jpg 300w, http:\/\/labestiadeportiva.com\/lbd\/wp-content\/uploads\/2019\/06\/IMG-20190604-WA00692.jpg 975w\" sizes=\"(max-width: 300px) 100vw, 300px\" \/><\/a><br \/>\nEn el marco de los festejos de la Noche M\u00e1s Larga 2019 se puso en marcha este martes la Cl\u00ednica de Futsal Femenino. Celia Barrios M\u00e1rquez, Jimena Romeo y Yanina Alcaraz (All Boys) junto al Coordinador Waldo Lomonico las visitas al frente de la capacitaci\u00f3n que se extender\u00e1 al mi\u00e9rcoles y jueves.<!--more--><\/p>\n<p>La actividad se realiza en el gimnasio \u00abIslas Malvinas\u00bb del barrio La Cantera.<br \/>\nDesde el Instituto Municipal de Deportes se invita a todas las chicas de la ciudad a participar dado que la misma es abierta.<\/p>\n<p>En la jornada inicial se realizaron trabajos para las arquetas, ejercicios con pelota parada y en movimiento, tiros libres y penales para cerrar con futsal recreativo.<\/p>\n<p>En cuanto a lo que vendr\u00e1, mi\u00e9rcoles de doble turno de 10 a 12 y 16 a 19 horas, mientras que el jueves la \u00faltima pr\u00e1ctica se realizar\u00e1 a partir de las 10 de la ma\u00f1ana.<br \/>\n<a href=\"http:\/\/labestiadeportiva.com\/lbd\/wp-content\/uploads\/2019\/06\/IMG-20190604-WA00682.jpg\"><img loading=\"lazy\" class=\"aligncenter size-medium wp-image-32409\" src=\"http:\/\/labestiadeportiva.com\/lbd\/wp-content\/uploads\/2019\/06\/IMG-20190604-WA00682-300x180.jpg\" alt=\"IMG-20190604-WA0068~2\" width=\"300\" height=\"180\" srcset=\"http:\/\/labestiadeportiva.com\/lbd\/wp-content\/uploads\/2019\/06\/IMG-20190604-WA00682-300x180.jpg 300w, http:\/\/labestiadeportiva.com\/lbd\/wp-content\/uploads\/2019\/06\/IMG-20190604-WA00682.jpg 1011w\" sizes=\"(max-width: 300px) 100vw, 300px\" \/><\/a><\/p>\n<div class='epvc-post-count'><span class='epvc-eye'><\/span>  <span class=\"epvc-count\"> 1.353<\/span><span class='epvc-label'> veces le\u00edda<\/span><\/div>\n<div class=\"jwsharethis\">\nShare this: \n<br \/>\n<a href=\"mailto:?subject=Arranc%C3%B3%20la%20Cl%C3%ADnica&amp;body=http%3A%2F%2Flabestiadeportiva.com%2Flbd%2Farranco-la-clinica%2F\">\n<img src=\"http:\/\/labestiadeportiva.com\/lbd\/wp-content\/plugins\/jw-share-this\/email.png\" alt=\"Share this page via Email\" \/>\n<\/a>\n<a target=\"_blank\" href=\"http:\/\/www.stumbleupon.com\/submit?url=http%3A%2F%2Flabestiadeportiva.com%2Flbd%2Farranco-la-clinica%2F&amp;title=Arranc%C3%B3+la+Cl%C3%ADnica\">\n<img src=\"http:\/\/labestiadeportiva.com\/lbd\/wp-content\/plugins\/jw-share-this\/su.png\" alt=\"Share this page via Stumble Upon\" \/>\n<\/a>\n<a target=\"_blank\" href=\"http:\/\/digg.com\/submit?url=http%3A%2F%2Flabestiadeportiva.com%2Flbd%2Farranco-la-clinica%2F&amp;title=Arranc%C3%B3+la+Cl%C3%ADnica\">\n<img src=\"http:\/\/labestiadeportiva.com\/lbd\/wp-content\/plugins\/jw-share-this\/digg.png\" alt=\"Share this page via Digg this\" \/>\n<\/a>\n<a target=\"_blank\" href=\"http:\/\/www.facebook.com\/sharer.php?u=http%3A%2F%2Flabestiadeportiva.com%2Flbd%2Farranco-la-clinica%2F&amp;t=Arranc%C3%B3+la+Cl%C3%ADnica\">\n<img src=\"http:\/\/labestiadeportiva.com\/lbd\/wp-content\/plugins\/jw-share-this\/fb.png\" alt=\"Share this page via Facebook\" \/>\n<\/a>\n<a target=\"_blank\" href=\"http:\/\/twitter.com\/intent\/tweet?text=I+like+http%3A%2F%2Flabestiadeportiva.com%2Flbd%2Farranco-la-clinica%2F&amp;title=Arranc%C3%B3+la+Cl%C3%ADnica\">\n<img src=\"http:\/\/labestiadeportiva.com\/lbd\/wp-content\/plugins\/jw-share-this\/twitter.png\" alt=\"Share this page via Twitter\" \/>\n<\/a>\n<\/div>\n","protected":false},"excerpt":{"rendered":"<p>En el marco de los festejos de la Noche M\u00e1s Larga 2019 se puso en marcha este martes la Cl\u00ednica de Futsal Femenino. Celia Barrios M\u00e1rquez, Jimena Romeo y Yanina Alcaraz (All Boys) junto al Coordinador Waldo Lomonico las visitas al frente de la capacitaci\u00f3n que se extender\u00e1 al mi\u00e9rcoles y jueves. 1.353 veces le\u00edda &hellip; <a href=\"http:\/\/labestiadeportiva.com\/lbd\/arranco-la-clinica\/\" class=\"more-link\">Seguir leyendo <span class=\"screen-reader-text\">Arranc\u00f3 la Cl\u00ednica<\/span> <span class=\"meta-nav\">&rarr;<\/span><\/a><\/p>\n","protected":false},"author":1,"featured_media":32408,"comment_status":"open","ping_status":"open","sticky":false,"template":"","format":"standard","meta":[],"categories":[5,2608,2651,1],"tags":[1916,181,3912,3660],"_links":{"self":[{"href":"http:\/\/labestiadeportiva.com\/lbd\/wp-json\/wp\/v2\/posts\/32407"}],"collection":[{"href":"http:\/\/labestiadeportiva.com\/lbd\/wp-json\/wp\/v2\/posts"}],"about":[{"href":"http:\/\/labestiadeportiva.com\/lbd\/wp-json\/wp\/v2\/types\/post"}],"author":[{"embeddable":true,"href":"http:\/\/labestiadeportiva.com\/lbd\/wp-json\/wp\/v2\/users\/1"}],"replies":[{"embeddable":true,"href":"http:\/\/labestiadeportiva.com\/lbd\/wp-json\/wp\/v2\/comments?post=32407"}],"version-history":[{"count":1,"href":"http:\/\/labestiadeportiva.com\/lbd\/wp-json\/wp\/v2\/posts\/32407\/revisions"}],"predecessor-version":[{"id":32410,"href":"http:\/\/labestiadeportiva.com\/lbd\/wp-json\/wp\/v2\/posts\/32407\/revisions\/32410"}],"wp:featuredmedia":[{"embeddable":true,"href":"http:\/\/labestiadeportiva.com\/lbd\/wp-json\/wp\/v2\/media\/32408"}],"wp:attachment":[{"href":"http:\/\/labestiadeportiva.com\/lbd\/wp-json\/wp\/v2\/media?parent=32407"}],"wp:term":[{"taxonomy":"category","embeddable":true,"href":"http:\/\/labestiadeportiva.com\/lbd\/wp-json\/wp\/v2\/categories?post=32407"},{"taxonomy":"post_tag","embeddable":true,"href":"http:\/\/labestiadeportiva.com\/lbd\/wp-json\/wp\/v2\/tags?post=32407"}],"curies":[{"name":"wp","href":"https:\/\/api.w.org\/{rel}","templated":true}]}}