{"id":32423,"date":"2019-06-06T01:47:36","date_gmt":"2019-06-06T04:47:36","guid":{"rendered":"http:\/\/labestiadeportiva.com\/lbd\/?p=32423"},"modified":"2019-06-06T01:58:12","modified_gmt":"2019-06-06T04:58:12","slug":"roland-garros-sin-argentinos","status":"publish","type":"post","link":"http:\/\/labestiadeportiva.com\/lbd\/roland-garros-sin-argentinos\/","title":{"rendered":"Roland Garros sin argentinos"},"content":{"rendered":"<p>Por Mat\u00edas Pouso (Corresponsal LBD en CABA)<\/p>\n<p><span style=\"font-weight: 400;\"><a href=\"http:\/\/labestiadeportiva.com\/lbd\/wp-content\/uploads\/2019\/06\/0003647088.jpg\"><img loading=\"lazy\" class=\"aligncenter size-medium wp-image-32424\" src=\"http:\/\/labestiadeportiva.com\/lbd\/wp-content\/uploads\/2019\/06\/0003647088-300x169.jpg\" alt=\"0003647088\" width=\"300\" height=\"169\" srcset=\"http:\/\/labestiadeportiva.com\/lbd\/wp-content\/uploads\/2019\/06\/0003647088-300x169.jpg 300w, http:\/\/labestiadeportiva.com\/lbd\/wp-content\/uploads\/2019\/06\/0003647088.jpg 770w\" sizes=\"(max-width: 300px) 100vw, 300px\" \/><\/a>La traves\u00eda por el segundo Grand Slam de la temporada lleg\u00f3 a su fin en octavos de final para los tenistas argentinos. Del Potro, Mayer y L\u00f3ndero quedaron entre los 16 mejores del certamen.<!--more--><\/span><\/p>\n<p>Pasan los a\u00f1os, pasan los jugadores, pero la bandera argentina siempre dice presente en el eterno Grand Slam favorito para los nacidos en estas tierras.<\/p>\n<p>Lejos quedaron las enormes haza\u00f1as y los protagonistas <i><span style=\"font-weight: 400;\">legionarios<\/span><\/i><span style=\"font-weight: 400;\"> en instancias decisivas del Abierto Franc\u00e9s, pero el argentino siempre se sentir\u00e1 local en <\/span><i><span style=\"font-weight: 400;\">Rolanga<\/span><\/i><span style=\"font-weight: 400;\">.<\/span><\/p>\n<p>Siete compatriotas accedieron al cuadro principal, uno solo no pudo ganar siquiera un partido (aunque fue eliminado por otro argentino), tres se despidieron en segunda vuelta (aqu\u00ed hubo otro duelo m\u00e1s entre compatriotas), y otros tres llegaron hasta la segunda semana y cayeron en octavos de final.<\/p>\n<p>La derrota m\u00e1s sorpresiva fue la de Juan Mart\u00edn Del Potro, que ven\u00eda con la punter\u00eda afinada luego de vencer en tercera rueda al australiano Joran Thompson en tres sets.<\/p>\n<p><span style=\"font-weight: 400;\"><a href=\"http:\/\/labestiadeportiva.com\/lbd\/wp-content\/uploads\/2019\/06\/158926.jpg\"><img loading=\"lazy\" class=\"aligncenter size-medium wp-image-32425\" src=\"http:\/\/labestiadeportiva.com\/lbd\/wp-content\/uploads\/2019\/06\/158926-300x169.jpg\" alt=\"158926\" width=\"300\" height=\"169\" srcset=\"http:\/\/labestiadeportiva.com\/lbd\/wp-content\/uploads\/2019\/06\/158926-300x169.jpg 300w, http:\/\/labestiadeportiva.com\/lbd\/wp-content\/uploads\/2019\/06\/158926.jpg 862w\" sizes=\"(max-width: 300px) 100vw, 300px\" \/><\/a><br \/>\nEn octavos se top\u00f3 con un inspirad\u00edsimo Karen Khachanov que lo dej\u00f3 afuera y le impidi\u00f3 defender los puntos obtenidos al llegar a la semifinal del a\u00f1o pasado.<\/span><\/p>\n<p>En los otros dos encuentros que ten\u00edan a argentinos como protagonistas, se dio la l\u00f3gica pura. Primero, Leo Mayer nada pudo hacer ante un Roger Federer que viene demostrando un nivel impoluto de tenis. El suizo se qued\u00f3 con el duelo de octavos en tres c\u00f3modos parciales.<\/p>\n<p>Por su parte, Juan Ignacio L\u00f3ndero vivi\u00f3 en Paris d\u00edas que jam\u00e1s se olvidar\u00e1 en su vida.<\/p>\n<p>Lleg\u00f3 con comodidad a la cuarta rueda tras dejar en el camino al siempre complicado Richard Gasquet y luego al compatriota del galo, Corentin Moutet.<\/p>\n<p>Pero en cuartos de final, tuvo la p\u00e9sima suerte de toparse al m\u00e1ximo ganador de este torneo, Rafael Nadal.<\/p>\n<p>El suizo y el espa\u00f1ol se enfrentar\u00e1n en una de las semifinales, ser\u00e1 el 39\u00b0 enfrentamiento entre ambos.<\/p>\n<p><i><span style=\"font-weight: 400;\">Rafa<\/span><\/i><span style=\"font-weight: 400;\"> tiene una clara ventaja de 23 victorias por sobre 15 de Roger, pero este \u00faltimo gan\u00f3 los \u00faltimos seis encuentros. Para encontrar la \u00faltima victoria del zurdo, debemos remontarnos a la semifinal del Abierto de Australia 2014.<\/span><\/p>\n<p>La otra semifinal todav\u00eda no tiene protagonistas, se jugar\u00e1n un pase a esa instancia \u00a0Novak Djokovic ante Alexander Zverev y Dominc Thiem ante Khachanov.<\/p>\n<p>Las lluvias vienen siendo protagonistas en el cielo franc\u00e9s, por lo que las jornadas vienen sufriendo varias demoras y cancelaciones.<\/p>\n<p>Pero eso no evit\u00f3 que gran cantidad de p\u00fablico acudiera a la magn\u00edfica cita sobre el polvo de ladrillo parisino.<\/p>\n<p><a href=\"http:\/\/labestiadeportiva.com\/lbd\/wp-content\/uploads\/2019\/06\/5cf3d36b5e8f1.jpeg\"><img loading=\"lazy\" class=\"aligncenter size-medium wp-image-32426\" src=\"http:\/\/labestiadeportiva.com\/lbd\/wp-content\/uploads\/2019\/06\/5cf3d36b5e8f1-300x172.jpeg\" alt=\"5cf3d36b5e8f1\" width=\"300\" height=\"172\" srcset=\"http:\/\/labestiadeportiva.com\/lbd\/wp-content\/uploads\/2019\/06\/5cf3d36b5e8f1-300x172.jpeg 300w, http:\/\/labestiadeportiva.com\/lbd\/wp-content\/uploads\/2019\/06\/5cf3d36b5e8f1.jpeg 620w\" sizes=\"(max-width: 300px) 100vw, 300px\" \/><\/a><\/p>\n<div class='epvc-post-count'><span class='epvc-eye'><\/span>  <span class=\"epvc-count\"> 1.212<\/span><span class='epvc-label'> veces le\u00edda<\/span><\/div>\n<div class=\"jwsharethis\">\nShare this: \n<br \/>\n<a href=\"mailto:?subject=Roland%20Garros%20sin%20argentinos&amp;body=http%3A%2F%2Flabestiadeportiva.com%2Flbd%2Froland-garros-sin-argentinos%2F\">\n<img src=\"http:\/\/labestiadeportiva.com\/lbd\/wp-content\/plugins\/jw-share-this\/email.png\" alt=\"Share this page via Email\" \/>\n<\/a>\n<a target=\"_blank\" href=\"http:\/\/www.stumbleupon.com\/submit?url=http%3A%2F%2Flabestiadeportiva.com%2Flbd%2Froland-garros-sin-argentinos%2F&amp;title=Roland+Garros+sin+argentinos\">\n<img src=\"http:\/\/labestiadeportiva.com\/lbd\/wp-content\/plugins\/jw-share-this\/su.png\" alt=\"Share this page via Stumble Upon\" \/>\n<\/a>\n<a target=\"_blank\" href=\"http:\/\/digg.com\/submit?url=http%3A%2F%2Flabestiadeportiva.com%2Flbd%2Froland-garros-sin-argentinos%2F&amp;title=Roland+Garros+sin+argentinos\">\n<img src=\"http:\/\/labestiadeportiva.com\/lbd\/wp-content\/plugins\/jw-share-this\/digg.png\" alt=\"Share this page via Digg this\" \/>\n<\/a>\n<a target=\"_blank\" href=\"http:\/\/www.facebook.com\/sharer.php?u=http%3A%2F%2Flabestiadeportiva.com%2Flbd%2Froland-garros-sin-argentinos%2F&amp;t=Roland+Garros+sin+argentinos\">\n<img src=\"http:\/\/labestiadeportiva.com\/lbd\/wp-content\/plugins\/jw-share-this\/fb.png\" alt=\"Share this page via Facebook\" \/>\n<\/a>\n<a target=\"_blank\" href=\"http:\/\/twitter.com\/intent\/tweet?text=I+like+http%3A%2F%2Flabestiadeportiva.com%2Flbd%2Froland-garros-sin-argentinos%2F&amp;title=Roland+Garros+sin+argentinos\">\n<img src=\"http:\/\/labestiadeportiva.com\/lbd\/wp-content\/plugins\/jw-share-this\/twitter.png\" alt=\"Share this page via Twitter\" \/>\n<\/a>\n<\/div>\n","protected":false},"excerpt":{"rendered":"<p>Por Mat\u00edas Pouso (Corresponsal LBD en CABA) La traves\u00eda por el segundo Grand Slam de la temporada lleg\u00f3 a su fin en octavos de final para los tenistas argentinos. Del Potro, Mayer y L\u00f3ndero quedaron entre los 16 mejores del certamen. 1.212 veces le\u00edda Share this:<\/p>\n","protected":false},"author":1,"featured_media":32425,"comment_status":"open","ping_status":"open","sticky":false,"template":"","format":"standard","meta":[],"categories":[4,1,39],"tags":[3660,1522,34],"_links":{"self":[{"href":"http:\/\/labestiadeportiva.com\/lbd\/wp-json\/wp\/v2\/posts\/32423"}],"collection":[{"href":"http:\/\/labestiadeportiva.com\/lbd\/wp-json\/wp\/v2\/posts"}],"about":[{"href":"http:\/\/labestiadeportiva.com\/lbd\/wp-json\/wp\/v2\/types\/post"}],"author":[{"embeddable":true,"href":"http:\/\/labestiadeportiva.com\/lbd\/wp-json\/wp\/v2\/users\/1"}],"replies":[{"embeddable":true,"href":"http:\/\/labestiadeportiva.com\/lbd\/wp-json\/wp\/v2\/comments?post=32423"}],"version-history":[{"count":3,"href":"http:\/\/labestiadeportiva.com\/lbd\/wp-json\/wp\/v2\/posts\/32423\/revisions"}],"predecessor-version":[{"id":32428,"href":"http:\/\/labestiadeportiva.com\/lbd\/wp-json\/wp\/v2\/posts\/32423\/revisions\/32428"}],"wp:featuredmedia":[{"embeddable":true,"href":"http:\/\/labestiadeportiva.com\/lbd\/wp-json\/wp\/v2\/media\/32425"}],"wp:attachment":[{"href":"http:\/\/labestiadeportiva.com\/lbd\/wp-json\/wp\/v2\/media?parent=32423"}],"wp:term":[{"taxonomy":"category","embeddable":true,"href":"http:\/\/labestiadeportiva.com\/lbd\/wp-json\/wp\/v2\/categories?post=32423"},{"taxonomy":"post_tag","embeddable":true,"href":"http:\/\/labestiadeportiva.com\/lbd\/wp-json\/wp\/v2\/tags?post=32423"}],"curies":[{"name":"wp","href":"https:\/\/api.w.org\/{rel}","templated":true}]}}