{"id":32466,"date":"2019-06-12T17:34:20","date_gmt":"2019-06-12T20:34:20","guid":{"rendered":"http:\/\/labestiadeportiva.com\/lbd\/?p=32466"},"modified":"2019-06-12T17:34:20","modified_gmt":"2019-06-12T20:34:20","slug":"fueron-cuatro-semanas-muy-intensas-para-magallanes-y-la-seleccion-audio","status":"publish","type":"post","link":"http:\/\/labestiadeportiva.com\/lbd\/fueron-cuatro-semanas-muy-intensas-para-magallanes-y-la-seleccion-audio\/","title":{"rendered":"\u00abFueron cuatro semanas muy intensas para Magallanes y la Selecci\u00f3n (Audio)"},"content":{"rendered":"<p><a href=\"http:\/\/labestiadeportiva.com\/lbd\/wp-content\/uploads\/2019\/06\/2017050110344155ba2687f1e12d4b5011bc0619e805392.jpg\"><img loading=\"lazy\" src=\"http:\/\/labestiadeportiva.com\/lbd\/wp-content\/uploads\/2019\/06\/2017050110344155ba2687f1e12d4b5011bc0619e805392.jpg\" alt=\"2017050110344155ba2687f1e12d4b5011bc0619e80539~2\" width=\"243\" height=\"220\" class=\"aligncenter size-full wp-image-32467\" \/><\/a><br \/>\nNuevo t\u00edtulo para el plantel magall\u00e1nico y van&#8230;En Campolter finaliz\u00f3 la primera competencia de la temporada donde la versi\u00f3n \u00abAzul\u00bb super\u00f3 a Los Cuervos FDM por 4 a 1. Inminente viaje de la Selecci\u00f3n al Nacional \u00abA\u00bb de clubes que comenzar\u00e1 el fin de semana en la Cuenca Carbon\u00edfera. Desde LBD fuimos en busca de la palabra de Alejandro Vel\u00e1zquez quien analiz\u00f3 y detall\u00f3 la consagraci\u00f3n local adelant\u00e1ndonos tambi\u00e9n la log\u00edstica hacia la provincia de Santa Cruz. Compartimos la entrevista lograda en FM del Sur.<br \/>\nhttps:\/\/youtu.be\/HMFuZ1Vqlhc<\/p>\n<div class='epvc-post-count'><span class='epvc-eye'><\/span>  <span class=\"epvc-count\"> 1.278<\/span><span class='epvc-label'> veces le\u00edda<\/span><\/div>\n<div class=\"jwsharethis\">\nShare this: \n<br \/>\n<a href=\"mailto:?subject=%C2%ABFueron%20cuatro%20semanas%20muy%20intensas%20para%20Magallanes%20y%20la%20Selecci%C3%B3n%20%28Audio%29&amp;body=http%3A%2F%2Flabestiadeportiva.com%2Flbd%2Ffueron-cuatro-semanas-muy-intensas-para-magallanes-y-la-seleccion-audio%2F\">\n<img src=\"http:\/\/labestiadeportiva.com\/lbd\/wp-content\/plugins\/jw-share-this\/email.png\" alt=\"Share this page via Email\" \/>\n<\/a>\n<a target=\"_blank\" href=\"http:\/\/www.stumbleupon.com\/submit?url=http%3A%2F%2Flabestiadeportiva.com%2Flbd%2Ffueron-cuatro-semanas-muy-intensas-para-magallanes-y-la-seleccion-audio%2F&amp;title=%C2%ABFueron+cuatro+semanas+muy+intensas+para+Magallanes+y+la+Selecci%C3%B3n+%28Audio%29\">\n<img src=\"http:\/\/labestiadeportiva.com\/lbd\/wp-content\/plugins\/jw-share-this\/su.png\" alt=\"Share this page via Stumble Upon\" \/>\n<\/a>\n<a target=\"_blank\" href=\"http:\/\/digg.com\/submit?url=http%3A%2F%2Flabestiadeportiva.com%2Flbd%2Ffueron-cuatro-semanas-muy-intensas-para-magallanes-y-la-seleccion-audio%2F&amp;title=%C2%ABFueron+cuatro+semanas+muy+intensas+para+Magallanes+y+la+Selecci%C3%B3n+%28Audio%29\">\n<img src=\"http:\/\/labestiadeportiva.com\/lbd\/wp-content\/plugins\/jw-share-this\/digg.png\" alt=\"Share this page via Digg this\" \/>\n<\/a>\n<a target=\"_blank\" href=\"http:\/\/www.facebook.com\/sharer.php?u=http%3A%2F%2Flabestiadeportiva.com%2Flbd%2Ffueron-cuatro-semanas-muy-intensas-para-magallanes-y-la-seleccion-audio%2F&amp;t=%C2%ABFueron+cuatro+semanas+muy+intensas+para+Magallanes+y+la+Selecci%C3%B3n+%28Audio%29\">\n<img src=\"http:\/\/labestiadeportiva.com\/lbd\/wp-content\/plugins\/jw-share-this\/fb.png\" alt=\"Share this page via Facebook\" \/>\n<\/a>\n<a target=\"_blank\" href=\"http:\/\/twitter.com\/intent\/tweet?text=I+like+http%3A%2F%2Flabestiadeportiva.com%2Flbd%2Ffueron-cuatro-semanas-muy-intensas-para-magallanes-y-la-seleccion-audio%2F&amp;title=%C2%ABFueron+cuatro+semanas+muy+intensas+para+Magallanes+y+la+Selecci%C3%B3n+%28Audio%29\">\n<img src=\"http:\/\/labestiadeportiva.com\/lbd\/wp-content\/plugins\/jw-share-this\/twitter.png\" alt=\"Share this page via Twitter\" \/>\n<\/a>\n<\/div>\n","protected":false},"excerpt":{"rendered":"<p>Nuevo t\u00edtulo para el plantel magall\u00e1nico y van&#8230;En Campolter finaliz\u00f3 la primera competencia de la temporada donde la versi\u00f3n \u00abAzul\u00bb super\u00f3 a Los Cuervos FDM por 4 a 1. Inminente viaje de la Selecci\u00f3n al Nacional \u00abA\u00bb de clubes que comenzar\u00e1 el fin de semana en la Cuenca Carbon\u00edfera. Desde LBD fuimos en busca de &hellip; <a href=\"http:\/\/labestiadeportiva.com\/lbd\/fueron-cuatro-semanas-muy-intensas-para-magallanes-y-la-seleccion-audio\/\" class=\"more-link\">Seguir leyendo <span class=\"screen-reader-text\">\u00abFueron cuatro semanas muy intensas para Magallanes y la Selecci\u00f3n (Audio)<\/span> <span class=\"meta-nav\">&rarr;<\/span><\/a><\/p>\n","protected":false},"author":1,"featured_media":32467,"comment_status":"open","ping_status":"open","sticky":false,"template":"","format":"standard","meta":[],"categories":[5,6,60,31,1],"tags":[4838,4833,3919,3660,3918],"_links":{"self":[{"href":"http:\/\/labestiadeportiva.com\/lbd\/wp-json\/wp\/v2\/posts\/32466"}],"collection":[{"href":"http:\/\/labestiadeportiva.com\/lbd\/wp-json\/wp\/v2\/posts"}],"about":[{"href":"http:\/\/labestiadeportiva.com\/lbd\/wp-json\/wp\/v2\/types\/post"}],"author":[{"embeddable":true,"href":"http:\/\/labestiadeportiva.com\/lbd\/wp-json\/wp\/v2\/users\/1"}],"replies":[{"embeddable":true,"href":"http:\/\/labestiadeportiva.com\/lbd\/wp-json\/wp\/v2\/comments?post=32466"}],"version-history":[{"count":1,"href":"http:\/\/labestiadeportiva.com\/lbd\/wp-json\/wp\/v2\/posts\/32466\/revisions"}],"predecessor-version":[{"id":32468,"href":"http:\/\/labestiadeportiva.com\/lbd\/wp-json\/wp\/v2\/posts\/32466\/revisions\/32468"}],"wp:featuredmedia":[{"embeddable":true,"href":"http:\/\/labestiadeportiva.com\/lbd\/wp-json\/wp\/v2\/media\/32467"}],"wp:attachment":[{"href":"http:\/\/labestiadeportiva.com\/lbd\/wp-json\/wp\/v2\/media?parent=32466"}],"wp:term":[{"taxonomy":"category","embeddable":true,"href":"http:\/\/labestiadeportiva.com\/lbd\/wp-json\/wp\/v2\/categories?post=32466"},{"taxonomy":"post_tag","embeddable":true,"href":"http:\/\/labestiadeportiva.com\/lbd\/wp-json\/wp\/v2\/tags?post=32466"}],"curies":[{"name":"wp","href":"https:\/\/api.w.org\/{rel}","templated":true}]}}