{"id":32473,"date":"2019-06-13T10:59:08","date_gmt":"2019-06-13T13:59:08","guid":{"rendered":"http:\/\/labestiadeportiva.com\/lbd\/?p=32473"},"modified":"2019-06-13T10:59:08","modified_gmt":"2019-06-13T13:59:08","slug":"los-ganadores-de-cada-zona-estaran-en-la-gala-del-luna-park-audio","status":"publish","type":"post","link":"http:\/\/labestiadeportiva.com\/lbd\/los-ganadores-de-cada-zona-estaran-en-la-gala-del-luna-park-audio\/","title":{"rendered":"\u00abLos ganadores de cada zona estar\u00e1n en la gala del Luna Park\u00bb (Audio)"},"content":{"rendered":"<p><a href=\"http:\/\/labestiadeportiva.com\/lbd\/wp-content\/uploads\/2019\/06\/IMG-20190612-WA00312.jpg\"><img loading=\"lazy\" src=\"http:\/\/labestiadeportiva.com\/lbd\/wp-content\/uploads\/2019\/06\/IMG-20190612-WA00312-300x200.jpg\" alt=\"IMG-20190612-WA0031~2\" width=\"300\" height=\"200\" class=\"aligncenter size-medium wp-image-32474\" srcset=\"http:\/\/labestiadeportiva.com\/lbd\/wp-content\/uploads\/2019\/06\/IMG-20190612-WA00312-300x200.jpg 300w, http:\/\/labestiadeportiva.com\/lbd\/wp-content\/uploads\/2019\/06\/IMG-20190612-WA00312-1024x682.jpg 1024w, http:\/\/labestiadeportiva.com\/lbd\/wp-content\/uploads\/2019\/06\/IMG-20190612-WA00312.jpg 1280w\" sizes=\"(max-width: 300px) 100vw, 300px\" \/><\/a><br \/>\nEl s\u00e1bado por la ma\u00f1ana se realizar\u00e1 el 1\u00b0 Campeonato de Patinaje sobre Hielo Zona Sur. La organizaci\u00f3n estar\u00e1 a cargo del CAU con la fiscalizacion de la Federaci\u00f3n Argentina. Desde LBD fuimos en busca de detalles, Ver\u00f3nica Hager formadora y referente de la instituci\u00f3n local, fue la elegida para meternos en tema. Compartimos la entrevista lograda en la 94.1 FM del Sur.<!--more--><\/p>\n<p>https:\/\/youtu.be\/W7sW5SqFszg<\/p>\n<div class='epvc-post-count'><span class='epvc-eye'><\/span>  <span class=\"epvc-count\"> 1.564<\/span><span class='epvc-label'> veces le\u00edda<\/span><\/div>\n<div class=\"jwsharethis\">\nShare this: \n<br \/>\n<a href=\"mailto:?subject=%C2%ABLos%20ganadores%20de%20cada%20zona%20estar%C3%A1n%20en%20la%20gala%20del%20Luna%20Park%C2%BB%20%28Audio%29&amp;body=http%3A%2F%2Flabestiadeportiva.com%2Flbd%2Flos-ganadores-de-cada-zona-estaran-en-la-gala-del-luna-park-audio%2F\">\n<img src=\"http:\/\/labestiadeportiva.com\/lbd\/wp-content\/plugins\/jw-share-this\/email.png\" alt=\"Share this page via Email\" \/>\n<\/a>\n<a target=\"_blank\" href=\"http:\/\/www.stumbleupon.com\/submit?url=http%3A%2F%2Flabestiadeportiva.com%2Flbd%2Flos-ganadores-de-cada-zona-estaran-en-la-gala-del-luna-park-audio%2F&amp;title=%C2%ABLos+ganadores+de+cada+zona+estar%C3%A1n+en+la+gala+del+Luna+Park%C2%BB+%28Audio%29\">\n<img src=\"http:\/\/labestiadeportiva.com\/lbd\/wp-content\/plugins\/jw-share-this\/su.png\" alt=\"Share this page via Stumble Upon\" \/>\n<\/a>\n<a target=\"_blank\" href=\"http:\/\/digg.com\/submit?url=http%3A%2F%2Flabestiadeportiva.com%2Flbd%2Flos-ganadores-de-cada-zona-estaran-en-la-gala-del-luna-park-audio%2F&amp;title=%C2%ABLos+ganadores+de+cada+zona+estar%C3%A1n+en+la+gala+del+Luna+Park%C2%BB+%28Audio%29\">\n<img src=\"http:\/\/labestiadeportiva.com\/lbd\/wp-content\/plugins\/jw-share-this\/digg.png\" alt=\"Share this page via Digg this\" \/>\n<\/a>\n<a target=\"_blank\" href=\"http:\/\/www.facebook.com\/sharer.php?u=http%3A%2F%2Flabestiadeportiva.com%2Flbd%2Flos-ganadores-de-cada-zona-estaran-en-la-gala-del-luna-park-audio%2F&amp;t=%C2%ABLos+ganadores+de+cada+zona+estar%C3%A1n+en+la+gala+del+Luna+Park%C2%BB+%28Audio%29\">\n<img src=\"http:\/\/labestiadeportiva.com\/lbd\/wp-content\/plugins\/jw-share-this\/fb.png\" alt=\"Share this page via Facebook\" \/>\n<\/a>\n<a target=\"_blank\" href=\"http:\/\/twitter.com\/intent\/tweet?text=I+like+http%3A%2F%2Flabestiadeportiva.com%2Flbd%2Flos-ganadores-de-cada-zona-estaran-en-la-gala-del-luna-park-audio%2F&amp;title=%C2%ABLos+ganadores+de+cada+zona+estar%C3%A1n+en+la+gala+del+Luna+Park%C2%BB+%28Audio%29\">\n<img src=\"http:\/\/labestiadeportiva.com\/lbd\/wp-content\/plugins\/jw-share-this\/twitter.png\" alt=\"Share this page via Twitter\" \/>\n<\/a>\n<\/div>\n","protected":false},"excerpt":{"rendered":"<p>El s\u00e1bado por la ma\u00f1ana se realizar\u00e1 el 1\u00b0 Campeonato de Patinaje sobre Hielo Zona Sur. La organizaci\u00f3n estar\u00e1 a cargo del CAU con la fiscalizacion de la Federaci\u00f3n Argentina. Desde LBD fuimos en busca de detalles, Ver\u00f3nica Hager formadora y referente de la instituci\u00f3n local, fue la elegida para meternos en tema. Compartimos la &hellip; <a href=\"http:\/\/labestiadeportiva.com\/lbd\/los-ganadores-de-cada-zona-estaran-en-la-gala-del-luna-park-audio\/\" class=\"more-link\">Seguir leyendo <span class=\"screen-reader-text\">\u00abLos ganadores de cada zona estar\u00e1n en la gala del Luna Park\u00bb (Audio)<\/span> <span class=\"meta-nav\">&rarr;<\/span><\/a><\/p>\n","protected":false},"author":1,"featured_media":32474,"comment_status":"open","ping_status":"open","sticky":false,"template":"","format":"standard","meta":[],"categories":[5,6,41,60,1,2766],"tags":[3920,42,139],"_links":{"self":[{"href":"http:\/\/labestiadeportiva.com\/lbd\/wp-json\/wp\/v2\/posts\/32473"}],"collection":[{"href":"http:\/\/labestiadeportiva.com\/lbd\/wp-json\/wp\/v2\/posts"}],"about":[{"href":"http:\/\/labestiadeportiva.com\/lbd\/wp-json\/wp\/v2\/types\/post"}],"author":[{"embeddable":true,"href":"http:\/\/labestiadeportiva.com\/lbd\/wp-json\/wp\/v2\/users\/1"}],"replies":[{"embeddable":true,"href":"http:\/\/labestiadeportiva.com\/lbd\/wp-json\/wp\/v2\/comments?post=32473"}],"version-history":[{"count":1,"href":"http:\/\/labestiadeportiva.com\/lbd\/wp-json\/wp\/v2\/posts\/32473\/revisions"}],"predecessor-version":[{"id":32475,"href":"http:\/\/labestiadeportiva.com\/lbd\/wp-json\/wp\/v2\/posts\/32473\/revisions\/32475"}],"wp:featuredmedia":[{"embeddable":true,"href":"http:\/\/labestiadeportiva.com\/lbd\/wp-json\/wp\/v2\/media\/32474"}],"wp:attachment":[{"href":"http:\/\/labestiadeportiva.com\/lbd\/wp-json\/wp\/v2\/media?parent=32473"}],"wp:term":[{"taxonomy":"category","embeddable":true,"href":"http:\/\/labestiadeportiva.com\/lbd\/wp-json\/wp\/v2\/categories?post=32473"},{"taxonomy":"post_tag","embeddable":true,"href":"http:\/\/labestiadeportiva.com\/lbd\/wp-json\/wp\/v2\/tags?post=32473"}],"curies":[{"name":"wp","href":"https:\/\/api.w.org\/{rel}","templated":true}]}}