{"id":32577,"date":"2019-06-26T15:48:11","date_gmt":"2019-06-26T18:48:11","guid":{"rendered":"http:\/\/labestiadeportiva.com\/lbd\/?p=32577"},"modified":"2019-06-26T15:48:11","modified_gmt":"2019-06-26T18:48:11","slug":"gran-parte-de-este-logro-se-lo-debo-a-mis-viejos-por-el-esfuerzo-que-hacen-por-mi-audio","status":"publish","type":"post","link":"http:\/\/labestiadeportiva.com\/lbd\/gran-parte-de-este-logro-se-lo-debo-a-mis-viejos-por-el-esfuerzo-que-hacen-por-mi-audio\/","title":{"rendered":"\u00abGran parte de este logro se lo debo a mis viejos por el esfuerzo que hacen por m\u00ed\u00bb (Audio)"},"content":{"rendered":"<p><a href=\"http:\/\/labestiadeportiva.com\/lbd\/wp-content\/uploads\/2019\/06\/IMG-20190626-WA00292.jpg\"><img loading=\"lazy\" src=\"http:\/\/labestiadeportiva.com\/lbd\/wp-content\/uploads\/2019\/06\/IMG-20190626-WA00292-300x199.jpg\" alt=\"IMG-20190626-WA0029~2\" width=\"300\" height=\"199\" class=\"aligncenter size-medium wp-image-32578\" srcset=\"http:\/\/labestiadeportiva.com\/lbd\/wp-content\/uploads\/2019\/06\/IMG-20190626-WA00292-300x199.jpg 300w, http:\/\/labestiadeportiva.com\/lbd\/wp-content\/uploads\/2019\/06\/IMG-20190626-WA00292.jpg 960w\" sizes=\"(max-width: 300px) 100vw, 300px\" \/><\/a><br \/>\nEl ushuaiense, Axel Mansilla, fue convocado a la Selecci\u00f3n Argentina Sub 20 de Futsal AFA. El jugador de Gimnasia Esgrima La Plata nos di\u00f3 detalles de su presente salonero. Compartimos la nota realizada este mi\u00e9rcoles en la 100.1 Radio Provincia.<!--more--><\/p>\n<p>https:\/\/youtu.be\/ZOH_XPc2pqM<\/p>\n<div class='epvc-post-count'><span class='epvc-eye'><\/span>  <span class=\"epvc-count\"> 1.304<\/span><span class='epvc-label'> veces le\u00edda<\/span><\/div>\n<div class=\"jwsharethis\">\nShare this: \n<br \/>\n<a href=\"mailto:?subject=%C2%ABGran%20parte%20de%20este%20logro%20se%20lo%20debo%20a%20mis%20viejos%20por%20el%20esfuerzo%20que%20hacen%20por%20m%C3%AD%C2%BB%20%28Audio%29&amp;body=http%3A%2F%2Flabestiadeportiva.com%2Flbd%2Fgran-parte-de-este-logro-se-lo-debo-a-mis-viejos-por-el-esfuerzo-que-hacen-por-mi-audio%2F\">\n<img src=\"http:\/\/labestiadeportiva.com\/lbd\/wp-content\/plugins\/jw-share-this\/email.png\" alt=\"Share this page via Email\" \/>\n<\/a>\n<a target=\"_blank\" href=\"http:\/\/www.stumbleupon.com\/submit?url=http%3A%2F%2Flabestiadeportiva.com%2Flbd%2Fgran-parte-de-este-logro-se-lo-debo-a-mis-viejos-por-el-esfuerzo-que-hacen-por-mi-audio%2F&amp;title=%C2%ABGran+parte+de+este+logro+se+lo+debo+a+mis+viejos+por+el+esfuerzo+que+hacen+por+m%C3%AD%C2%BB+%28Audio%29\">\n<img src=\"http:\/\/labestiadeportiva.com\/lbd\/wp-content\/plugins\/jw-share-this\/su.png\" alt=\"Share this page via Stumble Upon\" \/>\n<\/a>\n<a target=\"_blank\" href=\"http:\/\/digg.com\/submit?url=http%3A%2F%2Flabestiadeportiva.com%2Flbd%2Fgran-parte-de-este-logro-se-lo-debo-a-mis-viejos-por-el-esfuerzo-que-hacen-por-mi-audio%2F&amp;title=%C2%ABGran+parte+de+este+logro+se+lo+debo+a+mis+viejos+por+el+esfuerzo+que+hacen+por+m%C3%AD%C2%BB+%28Audio%29\">\n<img src=\"http:\/\/labestiadeportiva.com\/lbd\/wp-content\/plugins\/jw-share-this\/digg.png\" alt=\"Share this page via Digg this\" \/>\n<\/a>\n<a target=\"_blank\" href=\"http:\/\/www.facebook.com\/sharer.php?u=http%3A%2F%2Flabestiadeportiva.com%2Flbd%2Fgran-parte-de-este-logro-se-lo-debo-a-mis-viejos-por-el-esfuerzo-que-hacen-por-mi-audio%2F&amp;t=%C2%ABGran+parte+de+este+logro+se+lo+debo+a+mis+viejos+por+el+esfuerzo+que+hacen+por+m%C3%AD%C2%BB+%28Audio%29\">\n<img src=\"http:\/\/labestiadeportiva.com\/lbd\/wp-content\/plugins\/jw-share-this\/fb.png\" alt=\"Share this page via Facebook\" \/>\n<\/a>\n<a target=\"_blank\" href=\"http:\/\/twitter.com\/intent\/tweet?text=I+like+http%3A%2F%2Flabestiadeportiva.com%2Flbd%2Fgran-parte-de-este-logro-se-lo-debo-a-mis-viejos-por-el-esfuerzo-que-hacen-por-mi-audio%2F&amp;title=%C2%ABGran+parte+de+este+logro+se+lo+debo+a+mis+viejos+por+el+esfuerzo+que+hacen+por+m%C3%AD%C2%BB+%28Audio%29\">\n<img src=\"http:\/\/labestiadeportiva.com\/lbd\/wp-content\/plugins\/jw-share-this\/twitter.png\" alt=\"Share this page via Twitter\" \/>\n<\/a>\n<\/div>\n","protected":false},"excerpt":{"rendered":"<p>El ushuaiense, Axel Mansilla, fue convocado a la Selecci\u00f3n Argentina Sub 20 de Futsal AFA. El jugador de Gimnasia Esgrima La Plata nos di\u00f3 detalles de su presente salonero. Compartimos la nota realizada este mi\u00e9rcoles en la 100.1 Radio Provincia. 1.304 veces le\u00edda Share this:<\/p>\n","protected":false},"author":1,"featured_media":32578,"comment_status":"open","ping_status":"open","sticky":false,"template":"","format":"standard","meta":[],"categories":[6,60,2343,1],"tags":[4838,30,3928,88,110],"_links":{"self":[{"href":"http:\/\/labestiadeportiva.com\/lbd\/wp-json\/wp\/v2\/posts\/32577"}],"collection":[{"href":"http:\/\/labestiadeportiva.com\/lbd\/wp-json\/wp\/v2\/posts"}],"about":[{"href":"http:\/\/labestiadeportiva.com\/lbd\/wp-json\/wp\/v2\/types\/post"}],"author":[{"embeddable":true,"href":"http:\/\/labestiadeportiva.com\/lbd\/wp-json\/wp\/v2\/users\/1"}],"replies":[{"embeddable":true,"href":"http:\/\/labestiadeportiva.com\/lbd\/wp-json\/wp\/v2\/comments?post=32577"}],"version-history":[{"count":1,"href":"http:\/\/labestiadeportiva.com\/lbd\/wp-json\/wp\/v2\/posts\/32577\/revisions"}],"predecessor-version":[{"id":32579,"href":"http:\/\/labestiadeportiva.com\/lbd\/wp-json\/wp\/v2\/posts\/32577\/revisions\/32579"}],"wp:featuredmedia":[{"embeddable":true,"href":"http:\/\/labestiadeportiva.com\/lbd\/wp-json\/wp\/v2\/media\/32578"}],"wp:attachment":[{"href":"http:\/\/labestiadeportiva.com\/lbd\/wp-json\/wp\/v2\/media?parent=32577"}],"wp:term":[{"taxonomy":"category","embeddable":true,"href":"http:\/\/labestiadeportiva.com\/lbd\/wp-json\/wp\/v2\/categories?post=32577"},{"taxonomy":"post_tag","embeddable":true,"href":"http:\/\/labestiadeportiva.com\/lbd\/wp-json\/wp\/v2\/tags?post=32577"}],"curies":[{"name":"wp","href":"https:\/\/api.w.org\/{rel}","templated":true}]}}