{"id":32580,"date":"2019-06-26T17:37:37","date_gmt":"2019-06-26T20:37:37","guid":{"rendered":"http:\/\/labestiadeportiva.com\/lbd\/?p=32580"},"modified":"2019-06-26T17:39:03","modified_gmt":"2019-06-26T20:39:03","slug":"fuimos-a-hacer-experiencia-nuestro-objetivo-era-mantener-la-categoria-audio","status":"publish","type":"post","link":"http:\/\/labestiadeportiva.com\/lbd\/fuimos-a-hacer-experiencia-nuestro-objetivo-era-mantener-la-categoria-audio\/","title":{"rendered":"\u00abFuimos a hacer experiencia, nuestro objetivo era mantener la categor\u00eda\u00bb (Audio)"},"content":{"rendered":"<p><a href=\"http:\/\/labestiadeportiva.com\/lbd\/wp-content\/uploads\/2019\/06\/IMG-20190626-WA0049.jpg\"><img loading=\"lazy\" src=\"http:\/\/labestiadeportiva.com\/lbd\/wp-content\/uploads\/2019\/06\/IMG-20190626-WA0049-300x225.jpg\" alt=\"IMG-20190626-WA0049\" width=\"300\" height=\"225\" class=\"aligncenter size-medium wp-image-32581\" srcset=\"http:\/\/labestiadeportiva.com\/lbd\/wp-content\/uploads\/2019\/06\/IMG-20190626-WA0049-300x225.jpg 300w, http:\/\/labestiadeportiva.com\/lbd\/wp-content\/uploads\/2019\/06\/IMG-20190626-WA0049.jpg 1024w\" sizes=\"(max-width: 300px) 100vw, 300px\" \/><\/a><br \/>\nTriunfal regreso de la selecci\u00f3n riograndenses a la principal categor\u00eda del futsal CAFS nacional en el marco del Nacional \u00abA\u00bb de Selecciones jugado en la Cuenca Carbon\u00edfera santacruce\u00f1a donde consigui\u00f3 el subcampeonato. Desde LBD fuimos en busca de la palabra de \u00abTiti\u00bb Garc\u00eda, uno de los integrantes de la dupla t\u00e9cnica. Detalles, sensaciones y desarrollo del torneo. Asimismo el entrenador hizo un justo reclamo a la prensa especializada de su ciudad por la poca repercusi\u00f3n del logro conseguido. Compartimos la entrevista lograda este mi\u00e9rcoles en la 94.1 FM del Sur.<!--more--><\/p>\n<p>https:\/\/youtu.be\/L5_wy8qtKZI<\/p>\n<div class='epvc-post-count'><span class='epvc-eye'><\/span>  <span class=\"epvc-count\"> 1.130<\/span><span class='epvc-label'> veces le\u00edda<\/span><\/div>\n<div class=\"jwsharethis\">\nShare this: \n<br \/>\n<a href=\"mailto:?subject=%C2%ABFuimos%20a%20hacer%20experiencia%2C%20nuestro%20objetivo%20era%20mantener%20la%20categor%C3%ADa%C2%BB%20%28Audio%29&amp;body=http%3A%2F%2Flabestiadeportiva.com%2Flbd%2Ffuimos-a-hacer-experiencia-nuestro-objetivo-era-mantener-la-categoria-audio%2F\">\n<img src=\"http:\/\/labestiadeportiva.com\/lbd\/wp-content\/plugins\/jw-share-this\/email.png\" alt=\"Share this page via Email\" \/>\n<\/a>\n<a target=\"_blank\" href=\"http:\/\/www.stumbleupon.com\/submit?url=http%3A%2F%2Flabestiadeportiva.com%2Flbd%2Ffuimos-a-hacer-experiencia-nuestro-objetivo-era-mantener-la-categoria-audio%2F&amp;title=%C2%ABFuimos+a+hacer+experiencia%2C+nuestro+objetivo+era+mantener+la+categor%C3%ADa%C2%BB+%28Audio%29\">\n<img src=\"http:\/\/labestiadeportiva.com\/lbd\/wp-content\/plugins\/jw-share-this\/su.png\" alt=\"Share this page via Stumble Upon\" \/>\n<\/a>\n<a target=\"_blank\" href=\"http:\/\/digg.com\/submit?url=http%3A%2F%2Flabestiadeportiva.com%2Flbd%2Ffuimos-a-hacer-experiencia-nuestro-objetivo-era-mantener-la-categoria-audio%2F&amp;title=%C2%ABFuimos+a+hacer+experiencia%2C+nuestro+objetivo+era+mantener+la+categor%C3%ADa%C2%BB+%28Audio%29\">\n<img src=\"http:\/\/labestiadeportiva.com\/lbd\/wp-content\/plugins\/jw-share-this\/digg.png\" alt=\"Share this page via Digg this\" \/>\n<\/a>\n<a target=\"_blank\" href=\"http:\/\/www.facebook.com\/sharer.php?u=http%3A%2F%2Flabestiadeportiva.com%2Flbd%2Ffuimos-a-hacer-experiencia-nuestro-objetivo-era-mantener-la-categoria-audio%2F&amp;t=%C2%ABFuimos+a+hacer+experiencia%2C+nuestro+objetivo+era+mantener+la+categor%C3%ADa%C2%BB+%28Audio%29\">\n<img src=\"http:\/\/labestiadeportiva.com\/lbd\/wp-content\/plugins\/jw-share-this\/fb.png\" alt=\"Share this page via Facebook\" \/>\n<\/a>\n<a target=\"_blank\" href=\"http:\/\/twitter.com\/intent\/tweet?text=I+like+http%3A%2F%2Flabestiadeportiva.com%2Flbd%2Ffuimos-a-hacer-experiencia-nuestro-objetivo-era-mantener-la-categoria-audio%2F&amp;title=%C2%ABFuimos+a+hacer+experiencia%2C+nuestro+objetivo+era+mantener+la+categor%C3%ADa%C2%BB+%28Audio%29\">\n<img src=\"http:\/\/labestiadeportiva.com\/lbd\/wp-content\/plugins\/jw-share-this\/twitter.png\" alt=\"Share this page via Twitter\" \/>\n<\/a>\n<\/div>\n","protected":false},"excerpt":{"rendered":"<p>Triunfal regreso de la selecci\u00f3n riograndenses a la principal categor\u00eda del futsal CAFS nacional en el marco del Nacional \u00abA\u00bb de Selecciones jugado en la Cuenca Carbon\u00edfera santacruce\u00f1a donde consigui\u00f3 el subcampeonato. Desde LBD fuimos en busca de la palabra de \u00abTiti\u00bb Garc\u00eda, uno de los integrantes de la dupla t\u00e9cnica. Detalles, sensaciones y desarrollo &hellip; <a href=\"http:\/\/labestiadeportiva.com\/lbd\/fuimos-a-hacer-experiencia-nuestro-objetivo-era-mantener-la-categoria-audio\/\" class=\"more-link\">Seguir leyendo <span class=\"screen-reader-text\">\u00abFuimos a hacer experiencia, nuestro objetivo era mantener la categor\u00eda\u00bb (Audio)<\/span> <span class=\"meta-nav\">&rarr;<\/span><\/a><\/p>\n","protected":false},"author":1,"featured_media":32581,"comment_status":"open","ping_status":"open","sticky":false,"template":"","format":"standard","meta":[],"categories":[5,6,60,31,1],"tags":[4838,793,422,2415,3690],"_links":{"self":[{"href":"http:\/\/labestiadeportiva.com\/lbd\/wp-json\/wp\/v2\/posts\/32580"}],"collection":[{"href":"http:\/\/labestiadeportiva.com\/lbd\/wp-json\/wp\/v2\/posts"}],"about":[{"href":"http:\/\/labestiadeportiva.com\/lbd\/wp-json\/wp\/v2\/types\/post"}],"author":[{"embeddable":true,"href":"http:\/\/labestiadeportiva.com\/lbd\/wp-json\/wp\/v2\/users\/1"}],"replies":[{"embeddable":true,"href":"http:\/\/labestiadeportiva.com\/lbd\/wp-json\/wp\/v2\/comments?post=32580"}],"version-history":[{"count":2,"href":"http:\/\/labestiadeportiva.com\/lbd\/wp-json\/wp\/v2\/posts\/32580\/revisions"}],"predecessor-version":[{"id":32583,"href":"http:\/\/labestiadeportiva.com\/lbd\/wp-json\/wp\/v2\/posts\/32580\/revisions\/32583"}],"wp:featuredmedia":[{"embeddable":true,"href":"http:\/\/labestiadeportiva.com\/lbd\/wp-json\/wp\/v2\/media\/32581"}],"wp:attachment":[{"href":"http:\/\/labestiadeportiva.com\/lbd\/wp-json\/wp\/v2\/media?parent=32580"}],"wp:term":[{"taxonomy":"category","embeddable":true,"href":"http:\/\/labestiadeportiva.com\/lbd\/wp-json\/wp\/v2\/categories?post=32580"},{"taxonomy":"post_tag","embeddable":true,"href":"http:\/\/labestiadeportiva.com\/lbd\/wp-json\/wp\/v2\/tags?post=32580"}],"curies":[{"name":"wp","href":"https:\/\/api.w.org\/{rel}","templated":true}]}}