{"id":32616,"date":"2019-06-28T20:33:29","date_gmt":"2019-06-28T23:33:29","guid":{"rendered":"http:\/\/labestiadeportiva.com\/lbd\/?p=32616"},"modified":"2019-06-28T20:33:29","modified_gmt":"2019-06-28T23:33:29","slug":"argentina-a-semis","status":"publish","type":"post","link":"http:\/\/labestiadeportiva.com\/lbd\/argentina-a-semis\/","title":{"rendered":"Argentina a semis"},"content":{"rendered":"<p>Por Javier Nicol\u00e1s Baroli (Corresponsal LBD en R\u00edo Gallegos)<\/p>\n<p><a href=\"http:\/\/labestiadeportiva.com\/lbd\/wp-content\/uploads\/2019\/06\/IMG-20190628-WA0038.jpg\"><img loading=\"lazy\" class=\"aligncenter size-medium wp-image-32617\" src=\"http:\/\/labestiadeportiva.com\/lbd\/wp-content\/uploads\/2019\/06\/IMG-20190628-WA0038-300x169.jpg\" alt=\"IMG-20190628-WA0038\" width=\"300\" height=\"169\" srcset=\"http:\/\/labestiadeportiva.com\/lbd\/wp-content\/uploads\/2019\/06\/IMG-20190628-WA0038-300x169.jpg 300w, http:\/\/labestiadeportiva.com\/lbd\/wp-content\/uploads\/2019\/06\/IMG-20190628-WA0038-1024x576.jpg 1024w, http:\/\/labestiadeportiva.com\/lbd\/wp-content\/uploads\/2019\/06\/IMG-20190628-WA0038.jpg 1200w\" sizes=\"(max-width: 300px) 100vw, 300px\" \/><\/a>Lo dec\u00edamos en LBD. La selecci\u00f3n albiceleste ven\u00eda dando signos vitales y de crecimiento. Y as\u00ed fue. Gan\u00f3 con autoridad 2 a 0 a Venezuela y el martes enfrentar\u00e1 a Brasil en Belo Horizonte.<!--more--><\/p>\n<p>Gan\u00f3 y gust\u00f3. La selecci\u00f3n nacional domino a un rival que a priori llegaba como candidata. Ordenado, con posesi\u00f3n de bal\u00f3n y sin la necesidad de depender de la figura excluyente de Messi. As\u00ed Argentina se meti\u00f3 en la pr\u00f3xima fase de la Copa Am\u00e9rica Brasil 2019.<\/p>\n<p>Justamente su rival ser\u00e1 el local, la selecci\u00f3n de Tite en lo que la antesala promete ser un cl\u00e1sico hist\u00f3rico y memorable. Argentina parece de apoco ir encontrando su funcionamiento colectivo.<\/p>\n<p>Con un Armani que se mostr\u00f3 seguro bajo los 3 palos, una buena actuaci\u00f3n de la defensa, un medio campo equilibrado con una gran actuaci\u00f3n de Paredes, De Paul y Acu\u00f1a, y adelante un tridente que de a poco parece ir conociendose cada vez con m\u00e1s fluidez y naturalidad, con un Mart\u00ednez inspiradisimo.<\/p>\n<p>Lo dijimos y lo reafirmamos en LBD, Argentina crece partido tras partido y busca consolidarse como un equipo colectivo y solidario, sin la dependencia de su m\u00e1xima figura y encontrando soluciones en sus 11 jugadores. Licencia para so\u00f1ar.<\/p>\n<div class='epvc-post-count'><span class='epvc-eye'><\/span>  <span class=\"epvc-count\"> 1.014<\/span><span class='epvc-label'> veces le\u00edda<\/span><\/div>\n<div class=\"jwsharethis\">\nShare this: \n<br \/>\n<a href=\"mailto:?subject=Argentina%20a%20semis&amp;body=http%3A%2F%2Flabestiadeportiva.com%2Flbd%2Fargentina-a-semis%2F\">\n<img src=\"http:\/\/labestiadeportiva.com\/lbd\/wp-content\/plugins\/jw-share-this\/email.png\" alt=\"Share this page via Email\" \/>\n<\/a>\n<a target=\"_blank\" href=\"http:\/\/www.stumbleupon.com\/submit?url=http%3A%2F%2Flabestiadeportiva.com%2Flbd%2Fargentina-a-semis%2F&amp;title=Argentina+a+semis\">\n<img src=\"http:\/\/labestiadeportiva.com\/lbd\/wp-content\/plugins\/jw-share-this\/su.png\" alt=\"Share this page via Stumble Upon\" \/>\n<\/a>\n<a target=\"_blank\" href=\"http:\/\/digg.com\/submit?url=http%3A%2F%2Flabestiadeportiva.com%2Flbd%2Fargentina-a-semis%2F&amp;title=Argentina+a+semis\">\n<img src=\"http:\/\/labestiadeportiva.com\/lbd\/wp-content\/plugins\/jw-share-this\/digg.png\" alt=\"Share this page via Digg this\" \/>\n<\/a>\n<a target=\"_blank\" href=\"http:\/\/www.facebook.com\/sharer.php?u=http%3A%2F%2Flabestiadeportiva.com%2Flbd%2Fargentina-a-semis%2F&amp;t=Argentina+a+semis\">\n<img src=\"http:\/\/labestiadeportiva.com\/lbd\/wp-content\/plugins\/jw-share-this\/fb.png\" alt=\"Share this page via Facebook\" \/>\n<\/a>\n<a target=\"_blank\" href=\"http:\/\/twitter.com\/intent\/tweet?text=I+like+http%3A%2F%2Flabestiadeportiva.com%2Flbd%2Fargentina-a-semis%2F&amp;title=Argentina+a+semis\">\n<img src=\"http:\/\/labestiadeportiva.com\/lbd\/wp-content\/plugins\/jw-share-this\/twitter.png\" alt=\"Share this page via Twitter\" \/>\n<\/a>\n<\/div>\n","protected":false},"excerpt":{"rendered":"<p>Por Javier Nicol\u00e1s Baroli (Corresponsal LBD en R\u00edo Gallegos) Lo dec\u00edamos en LBD. La selecci\u00f3n albiceleste ven\u00eda dando signos vitales y de crecimiento. Y as\u00ed fue. Gan\u00f3 con autoridad 2 a 0 a Venezuela y el martes enfrentar\u00e1 a Brasil en Belo Horizonte. 1.014 veces le\u00edda Share this:<\/p>\n","protected":false},"author":1,"featured_media":32617,"comment_status":"open","ping_status":"open","sticky":false,"template":"","format":"standard","meta":[],"categories":[4,2194,1],"tags":[3783,2146,17,3660],"_links":{"self":[{"href":"http:\/\/labestiadeportiva.com\/lbd\/wp-json\/wp\/v2\/posts\/32616"}],"collection":[{"href":"http:\/\/labestiadeportiva.com\/lbd\/wp-json\/wp\/v2\/posts"}],"about":[{"href":"http:\/\/labestiadeportiva.com\/lbd\/wp-json\/wp\/v2\/types\/post"}],"author":[{"embeddable":true,"href":"http:\/\/labestiadeportiva.com\/lbd\/wp-json\/wp\/v2\/users\/1"}],"replies":[{"embeddable":true,"href":"http:\/\/labestiadeportiva.com\/lbd\/wp-json\/wp\/v2\/comments?post=32616"}],"version-history":[{"count":1,"href":"http:\/\/labestiadeportiva.com\/lbd\/wp-json\/wp\/v2\/posts\/32616\/revisions"}],"predecessor-version":[{"id":32618,"href":"http:\/\/labestiadeportiva.com\/lbd\/wp-json\/wp\/v2\/posts\/32616\/revisions\/32618"}],"wp:featuredmedia":[{"embeddable":true,"href":"http:\/\/labestiadeportiva.com\/lbd\/wp-json\/wp\/v2\/media\/32617"}],"wp:attachment":[{"href":"http:\/\/labestiadeportiva.com\/lbd\/wp-json\/wp\/v2\/media?parent=32616"}],"wp:term":[{"taxonomy":"category","embeddable":true,"href":"http:\/\/labestiadeportiva.com\/lbd\/wp-json\/wp\/v2\/categories?post=32616"},{"taxonomy":"post_tag","embeddable":true,"href":"http:\/\/labestiadeportiva.com\/lbd\/wp-json\/wp\/v2\/tags?post=32616"}],"curies":[{"name":"wp","href":"https:\/\/api.w.org\/{rel}","templated":true}]}}