{"id":32635,"date":"2019-07-02T15:02:11","date_gmt":"2019-07-02T18:02:11","guid":{"rendered":"http:\/\/labestiadeportiva.com\/lbd\/?p=32635"},"modified":"2019-07-02T15:02:11","modified_gmt":"2019-07-02T18:02:11","slug":"renovo-rodri-y-se-acerca-su-vuelta-audio","status":"publish","type":"post","link":"http:\/\/labestiadeportiva.com\/lbd\/renovo-rodri-y-se-acerca-su-vuelta-audio\/","title":{"rendered":"Renov\u00f3 \u00abRodri\u00bb y se acerca su vuelta (Audio)"},"content":{"rendered":"<p><a href=\"http:\/\/labestiadeportiva.com\/lbd\/wp-content\/uploads\/2019\/07\/IMG-20190702-WA00112.jpg\"><img loading=\"lazy\" src=\"http:\/\/labestiadeportiva.com\/lbd\/wp-content\/uploads\/2019\/07\/IMG-20190702-WA00112-300x295.jpg\" alt=\"IMG-20190702-WA0011~2\" width=\"300\" height=\"295\" class=\"aligncenter size-medium wp-image-32636\" srcset=\"http:\/\/labestiadeportiva.com\/lbd\/wp-content\/uploads\/2019\/07\/IMG-20190702-WA00112-300x295.jpg 300w, http:\/\/labestiadeportiva.com\/lbd\/wp-content\/uploads\/2019\/07\/IMG-20190702-WA00112-1024x1008.jpg 1024w, http:\/\/labestiadeportiva.com\/lbd\/wp-content\/uploads\/2019\/07\/IMG-20190702-WA00112-60x60.jpg 60w, http:\/\/labestiadeportiva.com\/lbd\/wp-content\/uploads\/2019\/07\/IMG-20190702-WA00112.jpg 1119w\" sizes=\"(max-width: 300px) 100vw, 300px\" \/><\/a>Buenos vientos para el jugador Ushuaiense Rodrigo Arciero. A poco m\u00e1s de cuatro meses de su operaci\u00f3n en la rodilla se encuentran realizando la pretemporada con el primer equipo de Banfield. Algo de f\u00fatbol informal ante Chacarita y la firma de un nuevo v\u00ednculo con el \u00abTaladro\u00bb. En un alto del trabajo charl\u00f3 con LBD, compartimos su audio.<!--more--><\/p>\n<p>https:\/\/youtu.be\/OLbCcOJ8tOc<\/p>\n<div class='epvc-post-count'><span class='epvc-eye'><\/span>  <span class=\"epvc-count\"> 1.102<\/span><span class='epvc-label'> veces le\u00edda<\/span><\/div>\n<div class=\"jwsharethis\">\nShare this: \n<br \/>\n<a href=\"mailto:?subject=Renov%C3%B3%20%C2%ABRodri%C2%BB%20y%20se%20acerca%20su%20vuelta%20%28Audio%29&amp;body=http%3A%2F%2Flabestiadeportiva.com%2Flbd%2Frenovo-rodri-y-se-acerca-su-vuelta-audio%2F\">\n<img src=\"http:\/\/labestiadeportiva.com\/lbd\/wp-content\/plugins\/jw-share-this\/email.png\" alt=\"Share this page via Email\" \/>\n<\/a>\n<a target=\"_blank\" href=\"http:\/\/www.stumbleupon.com\/submit?url=http%3A%2F%2Flabestiadeportiva.com%2Flbd%2Frenovo-rodri-y-se-acerca-su-vuelta-audio%2F&amp;title=Renov%C3%B3+%C2%ABRodri%C2%BB+y+se+acerca+su+vuelta+%28Audio%29\">\n<img src=\"http:\/\/labestiadeportiva.com\/lbd\/wp-content\/plugins\/jw-share-this\/su.png\" alt=\"Share this page via Stumble Upon\" \/>\n<\/a>\n<a target=\"_blank\" href=\"http:\/\/digg.com\/submit?url=http%3A%2F%2Flabestiadeportiva.com%2Flbd%2Frenovo-rodri-y-se-acerca-su-vuelta-audio%2F&amp;title=Renov%C3%B3+%C2%ABRodri%C2%BB+y+se+acerca+su+vuelta+%28Audio%29\">\n<img src=\"http:\/\/labestiadeportiva.com\/lbd\/wp-content\/plugins\/jw-share-this\/digg.png\" alt=\"Share this page via Digg this\" \/>\n<\/a>\n<a target=\"_blank\" href=\"http:\/\/www.facebook.com\/sharer.php?u=http%3A%2F%2Flabestiadeportiva.com%2Flbd%2Frenovo-rodri-y-se-acerca-su-vuelta-audio%2F&amp;t=Renov%C3%B3+%C2%ABRodri%C2%BB+y+se+acerca+su+vuelta+%28Audio%29\">\n<img src=\"http:\/\/labestiadeportiva.com\/lbd\/wp-content\/plugins\/jw-share-this\/fb.png\" alt=\"Share this page via Facebook\" \/>\n<\/a>\n<a target=\"_blank\" href=\"http:\/\/twitter.com\/intent\/tweet?text=I+like+http%3A%2F%2Flabestiadeportiva.com%2Flbd%2Frenovo-rodri-y-se-acerca-su-vuelta-audio%2F&amp;title=Renov%C3%B3+%C2%ABRodri%C2%BB+y+se+acerca+su+vuelta+%28Audio%29\">\n<img src=\"http:\/\/labestiadeportiva.com\/lbd\/wp-content\/plugins\/jw-share-this\/twitter.png\" alt=\"Share this page via Twitter\" \/>\n<\/a>\n<\/div>\n","protected":false},"excerpt":{"rendered":"<p>Buenos vientos para el jugador Ushuaiense Rodrigo Arciero. A poco m\u00e1s de cuatro meses de su operaci\u00f3n en la rodilla se encuentran realizando la pretemporada con el primer equipo de Banfield. Algo de f\u00fatbol informal ante Chacarita y la firma de un nuevo v\u00ednculo con el \u00abTaladro\u00bb. En un alto del trabajo charl\u00f3 con LBD, &hellip; <a href=\"http:\/\/labestiadeportiva.com\/lbd\/renovo-rodri-y-se-acerca-su-vuelta-audio\/\" class=\"more-link\">Seguir leyendo <span class=\"screen-reader-text\">Renov\u00f3 \u00abRodri\u00bb y se acerca su vuelta (Audio)<\/span> <span class=\"meta-nav\">&rarr;<\/span><\/a><\/p>\n","protected":false},"author":1,"featured_media":32636,"comment_status":"open","ping_status":"open","sticky":false,"template":"","format":"standard","meta":[],"categories":[5,6,60,1987,1],"tags":[310,1156,17,3660],"_links":{"self":[{"href":"http:\/\/labestiadeportiva.com\/lbd\/wp-json\/wp\/v2\/posts\/32635"}],"collection":[{"href":"http:\/\/labestiadeportiva.com\/lbd\/wp-json\/wp\/v2\/posts"}],"about":[{"href":"http:\/\/labestiadeportiva.com\/lbd\/wp-json\/wp\/v2\/types\/post"}],"author":[{"embeddable":true,"href":"http:\/\/labestiadeportiva.com\/lbd\/wp-json\/wp\/v2\/users\/1"}],"replies":[{"embeddable":true,"href":"http:\/\/labestiadeportiva.com\/lbd\/wp-json\/wp\/v2\/comments?post=32635"}],"version-history":[{"count":1,"href":"http:\/\/labestiadeportiva.com\/lbd\/wp-json\/wp\/v2\/posts\/32635\/revisions"}],"predecessor-version":[{"id":32637,"href":"http:\/\/labestiadeportiva.com\/lbd\/wp-json\/wp\/v2\/posts\/32635\/revisions\/32637"}],"wp:featuredmedia":[{"embeddable":true,"href":"http:\/\/labestiadeportiva.com\/lbd\/wp-json\/wp\/v2\/media\/32636"}],"wp:attachment":[{"href":"http:\/\/labestiadeportiva.com\/lbd\/wp-json\/wp\/v2\/media?parent=32635"}],"wp:term":[{"taxonomy":"category","embeddable":true,"href":"http:\/\/labestiadeportiva.com\/lbd\/wp-json\/wp\/v2\/categories?post=32635"},{"taxonomy":"post_tag","embeddable":true,"href":"http:\/\/labestiadeportiva.com\/lbd\/wp-json\/wp\/v2\/tags?post=32635"}],"curies":[{"name":"wp","href":"https:\/\/api.w.org\/{rel}","templated":true}]}}