{"id":32759,"date":"2019-07-17T14:46:27","date_gmt":"2019-07-17T17:46:27","guid":{"rendered":"http:\/\/labestiadeportiva.com\/lbd\/?p=32759"},"modified":"2019-07-17T14:46:27","modified_gmt":"2019-07-17T17:46:27","slug":"agradezco-al-equipo-por-la-entrega-y-la-confianza-que-me-brindaron-audio","status":"publish","type":"post","link":"http:\/\/labestiadeportiva.com\/lbd\/agradezco-al-equipo-por-la-entrega-y-la-confianza-que-me-brindaron-audio\/","title":{"rendered":"\u00abAgradezco al equipo por la entrega y la confianza que me brindaron\u00bb (Audio)"},"content":{"rendered":"<p><a href=\"http:\/\/labestiadeportiva.com\/lbd\/wp-content\/uploads\/2019\/07\/FB_IMG_1563298536211.jpg\"><img loading=\"lazy\" class=\"aligncenter size-medium wp-image-32761\" src=\"http:\/\/labestiadeportiva.com\/lbd\/wp-content\/uploads\/2019\/07\/FB_IMG_1563298536211-300x198.jpg\" alt=\"FB_IMG_1563298536211\" width=\"300\" height=\"198\" srcset=\"http:\/\/labestiadeportiva.com\/lbd\/wp-content\/uploads\/2019\/07\/FB_IMG_1563298536211-300x198.jpg 300w, http:\/\/labestiadeportiva.com\/lbd\/wp-content\/uploads\/2019\/07\/FB_IMG_1563298536211-1024x675.jpg 1024w, http:\/\/labestiadeportiva.com\/lbd\/wp-content\/uploads\/2019\/07\/FB_IMG_1563298536211.jpg 1093w\" sizes=\"(max-width: 300px) 100vw, 300px\" \/><\/a><br \/>\nUshuaia es el nuevo campe\u00f3n Patag\u00f3nico de Futsal AFA. Con las pulsaciones nuevamente en su lugar y luego del \u00e9xito en la Cuenca Carbon\u00edfera dialogamos con el DT Ushuaiense. Junto a Luciano Montiel repasamos los intensos momentos vividos. An\u00e1lisis, balance y proyecci\u00f3n en una amena charla lograda este martes en la 94.1 FM del Sur.<!--more--><\/p>\n<p>https:\/\/youtu.be\/rfjIqpE9nMQ<\/p>\n<div class='epvc-post-count'><span class='epvc-eye'><\/span>  <span class=\"epvc-count\"> 1.084<\/span><span class='epvc-label'> veces le\u00edda<\/span><\/div>\n<div class=\"jwsharethis\">\nShare this: \n<br \/>\n<a href=\"mailto:?subject=%C2%ABAgradezco%20al%20equipo%20por%20la%20entrega%20y%20la%20confianza%20que%20me%20brindaron%C2%BB%20%28Audio%29&amp;body=http%3A%2F%2Flabestiadeportiva.com%2Flbd%2Fagradezco-al-equipo-por-la-entrega-y-la-confianza-que-me-brindaron-audio%2F\">\n<img src=\"http:\/\/labestiadeportiva.com\/lbd\/wp-content\/plugins\/jw-share-this\/email.png\" alt=\"Share this page via Email\" \/>\n<\/a>\n<a target=\"_blank\" href=\"http:\/\/www.stumbleupon.com\/submit?url=http%3A%2F%2Flabestiadeportiva.com%2Flbd%2Fagradezco-al-equipo-por-la-entrega-y-la-confianza-que-me-brindaron-audio%2F&amp;title=%C2%ABAgradezco+al+equipo+por+la+entrega+y+la+confianza+que+me+brindaron%C2%BB+%28Audio%29\">\n<img src=\"http:\/\/labestiadeportiva.com\/lbd\/wp-content\/plugins\/jw-share-this\/su.png\" alt=\"Share this page via Stumble Upon\" \/>\n<\/a>\n<a target=\"_blank\" href=\"http:\/\/digg.com\/submit?url=http%3A%2F%2Flabestiadeportiva.com%2Flbd%2Fagradezco-al-equipo-por-la-entrega-y-la-confianza-que-me-brindaron-audio%2F&amp;title=%C2%ABAgradezco+al+equipo+por+la+entrega+y+la+confianza+que+me+brindaron%C2%BB+%28Audio%29\">\n<img src=\"http:\/\/labestiadeportiva.com\/lbd\/wp-content\/plugins\/jw-share-this\/digg.png\" alt=\"Share this page via Digg this\" \/>\n<\/a>\n<a target=\"_blank\" href=\"http:\/\/www.facebook.com\/sharer.php?u=http%3A%2F%2Flabestiadeportiva.com%2Flbd%2Fagradezco-al-equipo-por-la-entrega-y-la-confianza-que-me-brindaron-audio%2F&amp;t=%C2%ABAgradezco+al+equipo+por+la+entrega+y+la+confianza+que+me+brindaron%C2%BB+%28Audio%29\">\n<img src=\"http:\/\/labestiadeportiva.com\/lbd\/wp-content\/plugins\/jw-share-this\/fb.png\" alt=\"Share this page via Facebook\" \/>\n<\/a>\n<a target=\"_blank\" href=\"http:\/\/twitter.com\/intent\/tweet?text=I+like+http%3A%2F%2Flabestiadeportiva.com%2Flbd%2Fagradezco-al-equipo-por-la-entrega-y-la-confianza-que-me-brindaron-audio%2F&amp;title=%C2%ABAgradezco+al+equipo+por+la+entrega+y+la+confianza+que+me+brindaron%C2%BB+%28Audio%29\">\n<img src=\"http:\/\/labestiadeportiva.com\/lbd\/wp-content\/plugins\/jw-share-this\/twitter.png\" alt=\"Share this page via Twitter\" \/>\n<\/a>\n<\/div>\n","protected":false},"excerpt":{"rendered":"<p>Ushuaia es el nuevo campe\u00f3n Patag\u00f3nico de Futsal AFA. Con las pulsaciones nuevamente en su lugar y luego del \u00e9xito en la Cuenca Carbon\u00edfera dialogamos con el DT Ushuaiense. Junto a Luciano Montiel repasamos los intensos momentos vividos. An\u00e1lisis, balance y proyecci\u00f3n en una amena charla lograda este martes en la 94.1 FM del Sur. &hellip; <a href=\"http:\/\/labestiadeportiva.com\/lbd\/agradezco-al-equipo-por-la-entrega-y-la-confianza-que-me-brindaron-audio\/\" class=\"more-link\">Seguir leyendo <span class=\"screen-reader-text\">\u00abAgradezco al equipo por la entrega y la confianza que me brindaron\u00bb (Audio)<\/span> <span class=\"meta-nav\">&rarr;<\/span><\/a><\/p>\n","protected":false},"author":1,"featured_media":32761,"comment_status":"open","ping_status":"open","sticky":false,"template":"","format":"standard","meta":[],"categories":[5,6,47,1,3942],"tags":[4838,30,1758,3938],"_links":{"self":[{"href":"http:\/\/labestiadeportiva.com\/lbd\/wp-json\/wp\/v2\/posts\/32759"}],"collection":[{"href":"http:\/\/labestiadeportiva.com\/lbd\/wp-json\/wp\/v2\/posts"}],"about":[{"href":"http:\/\/labestiadeportiva.com\/lbd\/wp-json\/wp\/v2\/types\/post"}],"author":[{"embeddable":true,"href":"http:\/\/labestiadeportiva.com\/lbd\/wp-json\/wp\/v2\/users\/1"}],"replies":[{"embeddable":true,"href":"http:\/\/labestiadeportiva.com\/lbd\/wp-json\/wp\/v2\/comments?post=32759"}],"version-history":[{"count":1,"href":"http:\/\/labestiadeportiva.com\/lbd\/wp-json\/wp\/v2\/posts\/32759\/revisions"}],"predecessor-version":[{"id":32762,"href":"http:\/\/labestiadeportiva.com\/lbd\/wp-json\/wp\/v2\/posts\/32759\/revisions\/32762"}],"wp:featuredmedia":[{"embeddable":true,"href":"http:\/\/labestiadeportiva.com\/lbd\/wp-json\/wp\/v2\/media\/32761"}],"wp:attachment":[{"href":"http:\/\/labestiadeportiva.com\/lbd\/wp-json\/wp\/v2\/media?parent=32759"}],"wp:term":[{"taxonomy":"category","embeddable":true,"href":"http:\/\/labestiadeportiva.com\/lbd\/wp-json\/wp\/v2\/categories?post=32759"},{"taxonomy":"post_tag","embeddable":true,"href":"http:\/\/labestiadeportiva.com\/lbd\/wp-json\/wp\/v2\/tags?post=32759"}],"curies":[{"name":"wp","href":"https:\/\/api.w.org\/{rel}","templated":true}]}}