{"id":33086,"date":"2019-08-21T11:21:35","date_gmt":"2019-08-21T14:21:35","guid":{"rendered":"http:\/\/labestiadeportiva.com\/lbd\/?p=33086"},"modified":"2019-08-21T11:32:44","modified_gmt":"2019-08-21T14:32:44","slug":"son-mundiales","status":"publish","type":"post","link":"http:\/\/labestiadeportiva.com\/lbd\/son-mundiales\/","title":{"rendered":"Son mundiales"},"content":{"rendered":"<p>Por Mart\u00edn \u00abNegro\u00bb Monte (Corresponsal LBD en Mendoza)<\/p>\n<p><a href=\"http:\/\/labestiadeportiva.com\/lbd\/wp-content\/uploads\/2019\/08\/IMG-20190820-WA0088.jpg\"><img loading=\"lazy\" class=\"aligncenter size-medium wp-image-33094\" src=\"http:\/\/labestiadeportiva.com\/lbd\/wp-content\/uploads\/2019\/08\/IMG-20190820-WA0088-300x295.jpg\" alt=\"IMG-20190820-WA0088\" width=\"300\" height=\"295\" srcset=\"http:\/\/labestiadeportiva.com\/lbd\/wp-content\/uploads\/2019\/08\/IMG-20190820-WA0088-300x295.jpg 300w, http:\/\/labestiadeportiva.com\/lbd\/wp-content\/uploads\/2019\/08\/IMG-20190820-WA0088-60x60.jpg 60w, http:\/\/labestiadeportiva.com\/lbd\/wp-content\/uploads\/2019\/08\/IMG-20190820-WA0088.jpg 783w\" sizes=\"(max-width: 300px) 100vw, 300px\" \/><\/a>En las \u00faltimas horas se dieron a conocer los nombres de los rugbiers que formar\u00e1n parte del seleccionado nacional en la cita mundialista de Jap\u00f3n. Desde LBD los detalles. Las fotos son gentileza de Fotogip.<!--more--><\/p>\n<p>El head coach de \u00abLos Pumas\u00bb dio la lista definitiva de los rugbiers que viajar\u00e1n a Jap\u00f3n.<\/p>\n<p>La misma gener\u00f3 pol\u00e9mica y discusiones entre los fan\u00e1ticos. Charlas y distintos puntos de vista sobre la conformaci\u00f3n final del plantel.<\/p>\n<p>Sobre las ausencias Ledesma se expres\u00f3 diciendo que los jugadores que quedaron al margen pueden subirse al avi\u00f3n en cualquier momento.<\/p>\n<p>Entre las m\u00e1s importantes figuran\u00a0 Imhoff , Isa , Cordero y Bertranou.<\/p>\n<p>Si bien los primeros tres juegan en Francia e Inglaterra nadie duda de su capacidad y de que claramente est\u00e1n entre los mejores.<\/p>\n<p>El entrenador piensa en los mejores 23 para el primer partido,\u00a0 estos jugadores no est\u00e1n y tom\u00f3 la determinaci\u00f3n de dejarlos afuera .<\/p>\n<p>Algunos suponen que la decisi\u00f3n se debe a que ellos decidieron no ser parte de Jaguares aunque hay jugadores que no lo hacen como Figallo, Urdapilleta y S\u00e1nchez sumando asi dos aperturas .<\/p>\n<p>Con respecto a los que estamos cerca del rugby mendocino vemos con gran pena\u00a0 la desafectaci\u00f3n de Gonzalo Bertranou quien arrastra\u00a0 una lesi\u00f3n en el\u00a0 hombro.<\/p>\n<p><a href=\"http:\/\/labestiadeportiva.com\/lbd\/wp-content\/uploads\/2019\/08\/IMG-20190820-WA0087.jpg\"><img loading=\"lazy\" class=\"aligncenter size-medium wp-image-33095\" src=\"http:\/\/labestiadeportiva.com\/lbd\/wp-content\/uploads\/2019\/08\/IMG-20190820-WA0087-200x300.jpg\" alt=\"IMG-20190820-WA0087\" width=\"200\" height=\"300\" srcset=\"http:\/\/labestiadeportiva.com\/lbd\/wp-content\/uploads\/2019\/08\/IMG-20190820-WA0087-200x300.jpg 200w, http:\/\/labestiadeportiva.com\/lbd\/wp-content\/uploads\/2019\/08\/IMG-20190820-WA0087-682x1024.jpg 682w, http:\/\/labestiadeportiva.com\/lbd\/wp-content\/uploads\/2019\/08\/IMG-20190820-WA0087.jpg 853w\" sizes=\"(max-width: 200px) 100vw, 200px\" \/><\/a>Sobre esto Gonzalo dijo \u00abSe me parte el coraz\u00f3n, se me caen las l\u00e1grimas como a un beb\u00e9. Ponerme la camiseta de Los Pumas es lo m\u00e1s grande que me pas\u00f3, sab\u00eda que el desaf\u00edo era muy dif\u00edcil, corr\u00eda contra reloj y compet\u00eda con enormes jugadores.<br \/>\nTengo la tranquilidad de haber\u00a0 dado\u00a0 todo en cada momento\u00bb.<\/p>\n<p>La lista de los Pumas para Jap\u00f3n 2019<\/p>\n<p>TETAZ CHAPARRO, NAHUEL &#8211; JAGUARES &#8211; UAR &#8211; PILAR IZQUIERDO<br \/>\nVIVAS, MAYCO &#8211; JAGUARES &#8211; UAR &#8211; PILAR IZQUIERDO<br \/>\nCREEVY, AGUST\u00cdN &#8211; JAGUARES &#8211; UAR &#8211; HOOKER<br \/>\nMONTOYA, JULI\u00c1N &#8211; JAGUARES &#8211; UAR &#8211; HOOKER<br \/>\nSOCINO, SANTIAGO &#8211; JAGUARES &#8211; UAR &#8211; HOOKER<br \/>\nFIGALLO, JUAN &#8211; SARACENS &#8211; RFU &#8211; PILAR DERECHO<br \/>\nMEDRANO, SANTIAGO &#8211; JAGUARES &#8211; UAR &#8211; PILAR DERECHO<br \/>\nPIERETTO, ENRIQUE &#8211; JAGUARES &#8211; UAR &#8211; PILAR<br \/>\nPETTI, GUIDO &#8211; JAGUARES &#8211; UAR &#8211; SEGUNDA L\u00cdNEA<br \/>\nLAVANINI, TOM\u00c1S &#8211; JAGUARES &#8211; UAR &#8211; SEGUNDA L\u00cdNEA<br \/>\nALEMANNO, MAT\u00cdAS &#8211; JAGUARES UAR &#8211; SEGUNDA L\u00cdNEA<br \/>\nMATERA, PABLO &#8211; JAGUARES &#8211; UAR &#8211; TERCERA L\u00cdNEA<br \/>\nLEZANA, TOM\u00c1S &#8211; JAGUARES &#8211; UAR &#8211; TERCERA L\u00cdNEA<br \/>\nORTEGA DESIO, JAVIER &#8211; JAGUARES &#8211; UAR &#8211; TERCERA L\u00cdNEA<br \/>\nKREMER, MARCOS &#8211; JAGUARES &#8211; UAR &#8211; TERCERA L\u00cdNEA<br \/>\nBRUNI, RODRIGO &#8211; JAGUARES &#8211; UAR &#8211; TERCERA L\u00cdNEA<br \/>\nLEGUIZAM\u00d3N, JUAN MANUEL &#8211; JAGUARES &#8211; UAR &#8211; TERCERA L\u00cdNEA<br \/>\nCUBELLI, TOM\u00c1S &#8211; JAGUARES &#8211; UAR &#8211; MEDIO SCRUM<br \/>\nEZCURRA, FELIPE &#8211; HIND\u00da &#8211; URBA &#8211; MEDIO SCRUM<br \/>\nS\u00c1NCHEZ, NICOL\u00c1S &#8211; STADE FRANCAIS &#8211; FFR &#8211; APERTURA<br \/>\nURDAPILLETA, BENJAM\u00cdN &#8211; CASTRES &#8211; FFR &#8211; APERTURA<br \/>\nDE LA FUENTE, JER\u00d3NIMO &#8211; JAGUARES &#8211; UAR &#8211; CENTRO<br \/>\nORLANDO, MAT\u00cdAS &#8211; JAGUARES &#8211; UAR &#8211; CENTRO<br \/>\nMORONI, MAT\u00cdAS &#8211; JAGUARES &#8211; UAR &#8211; CENTRO<br \/>\nMENSA, LUCAS &#8211; PUCAR\u00c1 &#8211; URBA &#8211; CENTRO<br \/>\nMALL\u00cdA, JUAN CRUZ &#8211; JAGUARES &#8211; UAR &#8211; CENTRO<br \/>\nMOYANO, RAMIRO &#8211; JAGUARES &#8211; UAR &#8211; WING\/FULLBACK<br \/>\nDELGUY, BAUTISTA &#8211; JAGUARES &#8211; UAR &#8211; WING\/<br \/>\nBOFFELLI, EMILIANO &#8211; JAGUARES &#8211; UAR &#8211; WING\/FULLBACK<br \/>\nTUCULET, JOAQU\u00cdN &#8211; JAGUARES &#8211; UAR &#8211; WING\/FULLBACK<br \/>\nCARRERAS, SANTIAGO &#8211; JAGUARES &#8211; UAR &#8211; WING\/FULLBACK.<\/p>\n<p><a href=\"http:\/\/labestiadeportiva.com\/lbd\/wp-content\/uploads\/2019\/08\/IMG-20190820-WA0086.jpg\"><img loading=\"lazy\" class=\"aligncenter size-medium wp-image-33096\" src=\"http:\/\/labestiadeportiva.com\/lbd\/wp-content\/uploads\/2019\/08\/IMG-20190820-WA0086-300x200.jpg\" alt=\"IMG-20190820-WA0086\" width=\"300\" height=\"200\" srcset=\"http:\/\/labestiadeportiva.com\/lbd\/wp-content\/uploads\/2019\/08\/IMG-20190820-WA0086-300x200.jpg 300w, http:\/\/labestiadeportiva.com\/lbd\/wp-content\/uploads\/2019\/08\/IMG-20190820-WA0086-1024x683.jpg 1024w, http:\/\/labestiadeportiva.com\/lbd\/wp-content\/uploads\/2019\/08\/IMG-20190820-WA0086.jpg 1228w\" sizes=\"(max-width: 300px) 100vw, 300px\" \/><\/a><\/p>\n<p>&nbsp;<\/p>\n<div class='epvc-post-count'><span class='epvc-eye'><\/span>  <span class=\"epvc-count\"> 1.129<\/span><span class='epvc-label'> veces le\u00edda<\/span><\/div>\n<div class=\"jwsharethis\">\nShare this: \n<br \/>\n<a href=\"mailto:?subject=Son%20mundiales&amp;body=http%3A%2F%2Flabestiadeportiva.com%2Flbd%2Fson-mundiales%2F\">\n<img src=\"http:\/\/labestiadeportiva.com\/lbd\/wp-content\/plugins\/jw-share-this\/email.png\" alt=\"Share this page via Email\" \/>\n<\/a>\n<a target=\"_blank\" href=\"http:\/\/www.stumbleupon.com\/submit?url=http%3A%2F%2Flabestiadeportiva.com%2Flbd%2Fson-mundiales%2F&amp;title=Son+mundiales\">\n<img src=\"http:\/\/labestiadeportiva.com\/lbd\/wp-content\/plugins\/jw-share-this\/su.png\" alt=\"Share this page via Stumble Upon\" \/>\n<\/a>\n<a target=\"_blank\" href=\"http:\/\/digg.com\/submit?url=http%3A%2F%2Flabestiadeportiva.com%2Flbd%2Fson-mundiales%2F&amp;title=Son+mundiales\">\n<img src=\"http:\/\/labestiadeportiva.com\/lbd\/wp-content\/plugins\/jw-share-this\/digg.png\" alt=\"Share this page via Digg this\" \/>\n<\/a>\n<a target=\"_blank\" href=\"http:\/\/www.facebook.com\/sharer.php?u=http%3A%2F%2Flabestiadeportiva.com%2Flbd%2Fson-mundiales%2F&amp;t=Son+mundiales\">\n<img src=\"http:\/\/labestiadeportiva.com\/lbd\/wp-content\/plugins\/jw-share-this\/fb.png\" alt=\"Share this page via Facebook\" \/>\n<\/a>\n<a target=\"_blank\" href=\"http:\/\/twitter.com\/intent\/tweet?text=I+like+http%3A%2F%2Flabestiadeportiva.com%2Flbd%2Fson-mundiales%2F&amp;title=Son+mundiales\">\n<img src=\"http:\/\/labestiadeportiva.com\/lbd\/wp-content\/plugins\/jw-share-this\/twitter.png\" alt=\"Share this page via Twitter\" \/>\n<\/a>\n<\/div>\n","protected":false},"excerpt":{"rendered":"<p>Por Mart\u00edn \u00abNegro\u00bb Monte (Corresponsal LBD en Mendoza) En las \u00faltimas horas se dieron a conocer los nombres de los rugbiers que formar\u00e1n parte del seleccionado nacional en la cita mundialista de Jap\u00f3n. Desde LBD los detalles. Las fotos son gentileza de Fotogip. 1.129 veces le\u00edda Share this:<\/p>\n","protected":false},"author":1,"featured_media":33094,"comment_status":"open","ping_status":"open","sticky":false,"template":"","format":"standard","meta":[],"categories":[4,6,1,2359],"tags":[67,3990,55],"_links":{"self":[{"href":"http:\/\/labestiadeportiva.com\/lbd\/wp-json\/wp\/v2\/posts\/33086"}],"collection":[{"href":"http:\/\/labestiadeportiva.com\/lbd\/wp-json\/wp\/v2\/posts"}],"about":[{"href":"http:\/\/labestiadeportiva.com\/lbd\/wp-json\/wp\/v2\/types\/post"}],"author":[{"embeddable":true,"href":"http:\/\/labestiadeportiva.com\/lbd\/wp-json\/wp\/v2\/users\/1"}],"replies":[{"embeddable":true,"href":"http:\/\/labestiadeportiva.com\/lbd\/wp-json\/wp\/v2\/comments?post=33086"}],"version-history":[{"count":2,"href":"http:\/\/labestiadeportiva.com\/lbd\/wp-json\/wp\/v2\/posts\/33086\/revisions"}],"predecessor-version":[{"id":33098,"href":"http:\/\/labestiadeportiva.com\/lbd\/wp-json\/wp\/v2\/posts\/33086\/revisions\/33098"}],"wp:featuredmedia":[{"embeddable":true,"href":"http:\/\/labestiadeportiva.com\/lbd\/wp-json\/wp\/v2\/media\/33094"}],"wp:attachment":[{"href":"http:\/\/labestiadeportiva.com\/lbd\/wp-json\/wp\/v2\/media?parent=33086"}],"wp:term":[{"taxonomy":"category","embeddable":true,"href":"http:\/\/labestiadeportiva.com\/lbd\/wp-json\/wp\/v2\/categories?post=33086"},{"taxonomy":"post_tag","embeddable":true,"href":"http:\/\/labestiadeportiva.com\/lbd\/wp-json\/wp\/v2\/tags?post=33086"}],"curies":[{"name":"wp","href":"https:\/\/api.w.org\/{rel}","templated":true}]}}