{"id":33298,"date":"2019-09-05T10:47:27","date_gmt":"2019-09-05T13:47:27","guid":{"rendered":"http:\/\/labestiadeportiva.com\/lbd\/?p=33298"},"modified":"2019-09-10T00:41:08","modified_gmt":"2019-09-10T03:41:08","slug":"seleccionadas","status":"publish","type":"post","link":"http:\/\/labestiadeportiva.com\/lbd\/seleccionadas\/","title":{"rendered":"Seleccionadas"},"content":{"rendered":"<p><a href=\"http:\/\/labestiadeportiva.com\/lbd\/wp-content\/uploads\/2019\/09\/Screenshot_20190905-1042052.png\"><img loading=\"lazy\" class=\"alignnone size-medium wp-image-33301 aligncenter\" src=\"http:\/\/labestiadeportiva.com\/lbd\/wp-content\/uploads\/2019\/09\/Screenshot_20190905-1042052-278x300.png\" alt=\"Screenshot_20190905-104205~2\" width=\"278\" height=\"300\" srcset=\"http:\/\/labestiadeportiva.com\/lbd\/wp-content\/uploads\/2019\/09\/Screenshot_20190905-1042052-278x300.png 278w, http:\/\/labestiadeportiva.com\/lbd\/wp-content\/uploads\/2019\/09\/Screenshot_20190905-1042052-948x1024.png 948w, http:\/\/labestiadeportiva.com\/lbd\/wp-content\/uploads\/2019\/09\/Screenshot_20190905-1042052.png 1000w\" sizes=\"(max-width: 278px) 100vw, 278px\" \/><\/a><\/p>\n<p>El pr\u00f3ximo fin de semana en la \u00abCiudad del Petr\u00f3leo\u00bb, Comodoro Rivadavia, se desarrollar\u00e1 el Torneo Regional Femenino de Selecciones para los segmentos juveniles y primera. La URTF dio a conocer el listado de convocadas por el Cuerpo T\u00e9cnico a cargo del entrenador Argentino Mart\u00ednez. Desde LBD te lo contamos.<\/p>\n<div class='epvc-post-count'><span class='epvc-eye'><\/span>  <span class=\"epvc-count\"> 1.142<\/span><span class='epvc-label'> veces le\u00edda<\/span><\/div>\n<div class=\"jwsharethis\">\nShare this: \n<br \/>\n<a href=\"mailto:?subject=Seleccionadas&amp;body=http%3A%2F%2Flabestiadeportiva.com%2Flbd%2Fseleccionadas%2F\">\n<img src=\"http:\/\/labestiadeportiva.com\/lbd\/wp-content\/plugins\/jw-share-this\/email.png\" alt=\"Share this page via Email\" \/>\n<\/a>\n<a target=\"_blank\" href=\"http:\/\/www.stumbleupon.com\/submit?url=http%3A%2F%2Flabestiadeportiva.com%2Flbd%2Fseleccionadas%2F&amp;title=Seleccionadas\">\n<img src=\"http:\/\/labestiadeportiva.com\/lbd\/wp-content\/plugins\/jw-share-this\/su.png\" alt=\"Share this page via Stumble Upon\" \/>\n<\/a>\n<a target=\"_blank\" href=\"http:\/\/digg.com\/submit?url=http%3A%2F%2Flabestiadeportiva.com%2Flbd%2Fseleccionadas%2F&amp;title=Seleccionadas\">\n<img src=\"http:\/\/labestiadeportiva.com\/lbd\/wp-content\/plugins\/jw-share-this\/digg.png\" alt=\"Share this page via Digg this\" \/>\n<\/a>\n<a target=\"_blank\" href=\"http:\/\/www.facebook.com\/sharer.php?u=http%3A%2F%2Flabestiadeportiva.com%2Flbd%2Fseleccionadas%2F&amp;t=Seleccionadas\">\n<img src=\"http:\/\/labestiadeportiva.com\/lbd\/wp-content\/plugins\/jw-share-this\/fb.png\" alt=\"Share this page via Facebook\" \/>\n<\/a>\n<a target=\"_blank\" href=\"http:\/\/twitter.com\/intent\/tweet?text=I+like+http%3A%2F%2Flabestiadeportiva.com%2Flbd%2Fseleccionadas%2F&amp;title=Seleccionadas\">\n<img src=\"http:\/\/labestiadeportiva.com\/lbd\/wp-content\/plugins\/jw-share-this\/twitter.png\" alt=\"Share this page via Twitter\" \/>\n<\/a>\n<\/div>\n","protected":false},"excerpt":{"rendered":"<p>El pr\u00f3ximo fin de semana en la \u00abCiudad del Petr\u00f3leo\u00bb, Comodoro Rivadavia, se desarrollar\u00e1 el Torneo Regional Femenino de Selecciones para los segmentos juveniles y primera. La URTF dio a conocer el listado de convocadas por el Cuerpo T\u00e9cnico a cargo del entrenador Argentino Mart\u00ednez. Desde LBD te lo contamos. 1.142 veces le\u00edda Share this:<\/p>\n","protected":false},"author":1,"featured_media":33302,"comment_status":"open","ping_status":"open","sticky":false,"template":"","format":"standard","meta":[],"categories":[5,6,1,3964,2461],"tags":[1304,4004,190,1000,191],"_links":{"self":[{"href":"http:\/\/labestiadeportiva.com\/lbd\/wp-json\/wp\/v2\/posts\/33298"}],"collection":[{"href":"http:\/\/labestiadeportiva.com\/lbd\/wp-json\/wp\/v2\/posts"}],"about":[{"href":"http:\/\/labestiadeportiva.com\/lbd\/wp-json\/wp\/v2\/types\/post"}],"author":[{"embeddable":true,"href":"http:\/\/labestiadeportiva.com\/lbd\/wp-json\/wp\/v2\/users\/1"}],"replies":[{"embeddable":true,"href":"http:\/\/labestiadeportiva.com\/lbd\/wp-json\/wp\/v2\/comments?post=33298"}],"version-history":[{"count":3,"href":"http:\/\/labestiadeportiva.com\/lbd\/wp-json\/wp\/v2\/posts\/33298\/revisions"}],"predecessor-version":[{"id":33401,"href":"http:\/\/labestiadeportiva.com\/lbd\/wp-json\/wp\/v2\/posts\/33298\/revisions\/33401"}],"wp:featuredmedia":[{"embeddable":true,"href":"http:\/\/labestiadeportiva.com\/lbd\/wp-json\/wp\/v2\/media\/33302"}],"wp:attachment":[{"href":"http:\/\/labestiadeportiva.com\/lbd\/wp-json\/wp\/v2\/media?parent=33298"}],"wp:term":[{"taxonomy":"category","embeddable":true,"href":"http:\/\/labestiadeportiva.com\/lbd\/wp-json\/wp\/v2\/categories?post=33298"},{"taxonomy":"post_tag","embeddable":true,"href":"http:\/\/labestiadeportiva.com\/lbd\/wp-json\/wp\/v2\/tags?post=33298"}],"curies":[{"name":"wp","href":"https:\/\/api.w.org\/{rel}","templated":true}]}}