{"id":33314,"date":"2019-09-06T13:10:07","date_gmt":"2019-09-06T16:10:07","guid":{"rendered":"http:\/\/labestiadeportiva.com\/lbd\/?p=33314"},"modified":"2019-09-10T00:39:11","modified_gmt":"2019-09-10T03:39:11","slug":"goles-fueguinos-en-espana-audio","status":"publish","type":"post","link":"http:\/\/labestiadeportiva.com\/lbd\/goles-fueguinos-en-espana-audio\/","title":{"rendered":"Los goles fueguinos est\u00e1n listos (Audio)"},"content":{"rendered":"<p><a href=\"http:\/\/labestiadeportiva.com\/lbd\/wp-content\/uploads\/2019\/09\/IMG-20190906-WA0026.jpg\"><img loading=\"lazy\" class=\"alignnone size-medium wp-image-33321 aligncenter\" src=\"http:\/\/labestiadeportiva.com\/lbd\/wp-content\/uploads\/2019\/09\/IMG-20190906-WA0026-300x195.jpg\" alt=\"IMG-20190906-WA0026\" width=\"300\" height=\"195\" srcset=\"http:\/\/labestiadeportiva.com\/lbd\/wp-content\/uploads\/2019\/09\/IMG-20190906-WA0026-300x195.jpg 300w, http:\/\/labestiadeportiva.com\/lbd\/wp-content\/uploads\/2019\/09\/IMG-20190906-WA0026.jpg 887w\" sizes=\"(max-width: 300px) 100vw, 300px\" \/><\/a><\/p>\n<p>El goleador riograndense Pablo \u00abConejo\u00bb Vidal, flamante refuerzo del Santa Coloma del Futsal espa\u00f1ol, nos cuenta en exclusivo su adaptaci\u00f3n al pa\u00eds, ciudad e instituci\u00f3n. Con la Copa de Catalunya y la Liga a la vuelta de la esquina se afianza en esta nueva etapa de su incipiente carrera.<!--more--><\/p>\n<p>https:\/\/youtu.be\/6I_x7pk88I4<\/p>\n<div class='epvc-post-count'><span class='epvc-eye'><\/span>  <span class=\"epvc-count\"> 1.174<\/span><span class='epvc-label'> veces le\u00edda<\/span><\/div>\n<div class=\"jwsharethis\">\nShare this: \n<br \/>\n<a href=\"mailto:?subject=Los%20goles%20fueguinos%20est%C3%A1n%20listos%20%28Audio%29&amp;body=http%3A%2F%2Flabestiadeportiva.com%2Flbd%2Fgoles-fueguinos-en-espana-audio%2F\">\n<img src=\"http:\/\/labestiadeportiva.com\/lbd\/wp-content\/plugins\/jw-share-this\/email.png\" alt=\"Share this page via Email\" \/>\n<\/a>\n<a target=\"_blank\" href=\"http:\/\/www.stumbleupon.com\/submit?url=http%3A%2F%2Flabestiadeportiva.com%2Flbd%2Fgoles-fueguinos-en-espana-audio%2F&amp;title=Los+goles+fueguinos+est%C3%A1n+listos+%28Audio%29\">\n<img src=\"http:\/\/labestiadeportiva.com\/lbd\/wp-content\/plugins\/jw-share-this\/su.png\" alt=\"Share this page via Stumble Upon\" \/>\n<\/a>\n<a target=\"_blank\" href=\"http:\/\/digg.com\/submit?url=http%3A%2F%2Flabestiadeportiva.com%2Flbd%2Fgoles-fueguinos-en-espana-audio%2F&amp;title=Los+goles+fueguinos+est%C3%A1n+listos+%28Audio%29\">\n<img src=\"http:\/\/labestiadeportiva.com\/lbd\/wp-content\/plugins\/jw-share-this\/digg.png\" alt=\"Share this page via Digg this\" \/>\n<\/a>\n<a target=\"_blank\" href=\"http:\/\/www.facebook.com\/sharer.php?u=http%3A%2F%2Flabestiadeportiva.com%2Flbd%2Fgoles-fueguinos-en-espana-audio%2F&amp;t=Los+goles+fueguinos+est%C3%A1n+listos+%28Audio%29\">\n<img src=\"http:\/\/labestiadeportiva.com\/lbd\/wp-content\/plugins\/jw-share-this\/fb.png\" alt=\"Share this page via Facebook\" \/>\n<\/a>\n<a target=\"_blank\" href=\"http:\/\/twitter.com\/intent\/tweet?text=I+like+http%3A%2F%2Flabestiadeportiva.com%2Flbd%2Fgoles-fueguinos-en-espana-audio%2F&amp;title=Los+goles+fueguinos+est%C3%A1n+listos+%28Audio%29\">\n<img src=\"http:\/\/labestiadeportiva.com\/lbd\/wp-content\/plugins\/jw-share-this\/twitter.png\" alt=\"Share this page via Twitter\" \/>\n<\/a>\n<\/div>\n","protected":false},"excerpt":{"rendered":"<p>El goleador riograndense Pablo \u00abConejo\u00bb Vidal, flamante refuerzo del Santa Coloma del Futsal espa\u00f1ol, nos cuenta en exclusivo su adaptaci\u00f3n al pa\u00eds, ciudad e instituci\u00f3n. Con la Copa de Catalunya y la Liga a la vuelta de la esquina se afianza en esta nueva etapa de su incipiente carrera. 1.174 veces le\u00edda Share this:<\/p>\n","protected":false},"author":1,"featured_media":33321,"comment_status":"open","ping_status":"open","sticky":false,"template":"","format":"standard","meta":[],"categories":[5,4,60,3177,2799,1],"tags":[4838,4007,4008,3746],"_links":{"self":[{"href":"http:\/\/labestiadeportiva.com\/lbd\/wp-json\/wp\/v2\/posts\/33314"}],"collection":[{"href":"http:\/\/labestiadeportiva.com\/lbd\/wp-json\/wp\/v2\/posts"}],"about":[{"href":"http:\/\/labestiadeportiva.com\/lbd\/wp-json\/wp\/v2\/types\/post"}],"author":[{"embeddable":true,"href":"http:\/\/labestiadeportiva.com\/lbd\/wp-json\/wp\/v2\/users\/1"}],"replies":[{"embeddable":true,"href":"http:\/\/labestiadeportiva.com\/lbd\/wp-json\/wp\/v2\/comments?post=33314"}],"version-history":[{"count":5,"href":"http:\/\/labestiadeportiva.com\/lbd\/wp-json\/wp\/v2\/posts\/33314\/revisions"}],"predecessor-version":[{"id":33397,"href":"http:\/\/labestiadeportiva.com\/lbd\/wp-json\/wp\/v2\/posts\/33314\/revisions\/33397"}],"wp:featuredmedia":[{"embeddable":true,"href":"http:\/\/labestiadeportiva.com\/lbd\/wp-json\/wp\/v2\/media\/33321"}],"wp:attachment":[{"href":"http:\/\/labestiadeportiva.com\/lbd\/wp-json\/wp\/v2\/media?parent=33314"}],"wp:term":[{"taxonomy":"category","embeddable":true,"href":"http:\/\/labestiadeportiva.com\/lbd\/wp-json\/wp\/v2\/categories?post=33314"},{"taxonomy":"post_tag","embeddable":true,"href":"http:\/\/labestiadeportiva.com\/lbd\/wp-json\/wp\/v2\/tags?post=33314"}],"curies":[{"name":"wp","href":"https:\/\/api.w.org\/{rel}","templated":true}]}}