{"id":33366,"date":"2019-09-08T21:20:36","date_gmt":"2019-09-09T00:20:36","guid":{"rendered":"http:\/\/labestiadeportiva.com\/lbd\/?p=33366"},"modified":"2019-09-10T00:36:32","modified_gmt":"2019-09-10T03:36:32","slug":"naguila-lin-vigliarolo-mansilla-y-gomez-duenos-del-martial","status":"publish","type":"post","link":"http:\/\/labestiadeportiva.com\/lbd\/naguila-lin-vigliarolo-mansilla-y-gomez-duenos-del-martial\/","title":{"rendered":"Naguila, Lin, Vigliarolo, Mansilla y G\u00f3mez due\u00f1os del Martial"},"content":{"rendered":"<p><a href=\"http:\/\/labestiadeportiva.com\/lbd\/wp-content\/uploads\/2019\/09\/Screenshot_20190908-2113282.png\"><img loading=\"lazy\" class=\"alignnone size-medium wp-image-33367 aligncenter\" src=\"http:\/\/labestiadeportiva.com\/lbd\/wp-content\/uploads\/2019\/09\/Screenshot_20190908-2113282-300x220.png\" alt=\"Screenshot_20190908-211328~2\" width=\"300\" height=\"220\" srcset=\"http:\/\/labestiadeportiva.com\/lbd\/wp-content\/uploads\/2019\/09\/Screenshot_20190908-2113282-300x220.png 300w, http:\/\/labestiadeportiva.com\/lbd\/wp-content\/uploads\/2019\/09\/Screenshot_20190908-2113282-1024x751.png 1024w, http:\/\/labestiadeportiva.com\/lbd\/wp-content\/uploads\/2019\/09\/Screenshot_20190908-2113282.png 1080w\" sizes=\"(max-width: 300px) 100vw, 300px\" \/><\/a><\/p>\n<p>El s\u00e1bado por la ma\u00f1ana se disput\u00f3 la 4\u00b0 edici\u00f3n de la \u00abTraves\u00eda Martial\u00bb. 45 osados deportistas de invierno fueron de la partida. Se compiti\u00f3 en esqu\u00ed de traves\u00eda y raquetas. Ignacio Naguila se qued\u00f3 con la Copa Challenger \u00abDon Antonio Wallner\u00bb completando el recorrido en 2 horas y 45 minutos. Fuente Subcomisi\u00f3n de Monta\u00f1a CAU. Fotos gentileza Mira Guti\u00e9rrez y Jonatan Mamani.<!--more--><\/p>\n<p>Nueva edici\u00f3n de la Traves\u00eda Martial organizada por la Subcomisi\u00f3n de Monta\u00f1a del Club Andino Ushuaia.<\/p>\n<p>C\u00f3mo viene sucediendo\u00a0 en a\u00f1os anteriores la prueba comenz\u00f3 en la pista Wallner, en esta oportunidad desde las 8.40, para luego transitar una parte de la pista Francisco Jerman hasta arribar al refugio de la misma.<\/p>\n<p>Desde este punto se transit\u00f3 paralelamente al camino hasta llegar al complejo Martial donde se ascendi\u00f3 por los caminos secundarios hasta cerca del Ca\u00f1ad\u00f3n Negro.<\/p>\n<p>Una vez all\u00ed\u00a0 las categor\u00edas promocionales (raquetas y esqu\u00ed de traves\u00eda) regresaron a la base del complejo Glaciar Martial donde se encontraba\u00a0 la meta de llegada.<\/p>\n<p>La categor\u00eda avanzada de esqu\u00ed de traves\u00eda ascendi\u00f3 hasta la canaleta del Glaciar Martial y baj\u00f3 hasta el Ca\u00f1ad\u00f3n para volver a ascender nuevamente hasta la canaleta, regresando finalmente hasta la llegada en la base del Glaciar Martial.<\/p>\n<p><a href=\"http:\/\/labestiadeportiva.com\/lbd\/wp-content\/uploads\/2019\/09\/foto-jony-22.jpg\"><img loading=\"lazy\" class=\"alignnone size-medium wp-image-33368 aligncenter\" src=\"http:\/\/labestiadeportiva.com\/lbd\/wp-content\/uploads\/2019\/09\/foto-jony-22-300x196.jpg\" alt=\"foto jony 2~2\" width=\"300\" height=\"196\" srcset=\"http:\/\/labestiadeportiva.com\/lbd\/wp-content\/uploads\/2019\/09\/foto-jony-22-300x196.jpg 300w, http:\/\/labestiadeportiva.com\/lbd\/wp-content\/uploads\/2019\/09\/foto-jony-22-1024x668.jpg 1024w, http:\/\/labestiadeportiva.com\/lbd\/wp-content\/uploads\/2019\/09\/foto-jony-22.jpg 1440w\" sizes=\"(max-width: 300px) 100vw, 300px\" \/><\/a><\/p>\n<p>45 corredores participaron del evento de los cuales 7 realizaron el recorrido de 11kil\u00f3metros en el segmento esqu\u00ed avanzado mientras que el resto de los participantes desandaron los casi 6 k en categor\u00eda promocional divididos en esqu\u00ed de traves\u00eda y raquetas.<\/p>\n<p>A las 13 lleg\u00f3 el momento de las premiaciones\u00a0 la cual se realiz\u00f3 en el Beer Point de la Casita de T\u00e9.<\/p>\n<p>All\u00ed organizadores y participantes tuvieron la grata presencia de unos de los padres del CAU, don Antonio Wallner, quien hizo entrega de la Copa Challenger que lleva su nombre, al mejor tiempo de esqu\u00ed avanzado.<\/p>\n<p>Toda la competencia se desarrollo con absoluta normalidad contando con un staff de 40 personas abocadas a la seguridad, control y cronometraje.<\/p>\n<p>Cabe recordar que el principal objetivo de este evento deportivo es promover\u00a0 la cultura y valores de las actividades de monta\u00f1a en la comunidad.<\/p>\n<p>Desde la organizaci\u00f3n destacaron el apoyo de las instalaciones a la Traves\u00eda, ellos son: Batall\u00f3nde Infanter\u00eda 4, Gendarmer\u00eda Nacional, Banco TDF, Secretaria de Deportes Provincial, INFUETUR, Makalu Store Ushuaia, Asociaci\u00f3n Reserva Tur\u00edstica Martial, Parque Nacional TDF, Instituto Municipal de Deportes, Complejo Cerr\u00f3 Martial y el personal voluntario.<\/p>\n<p><a href=\"http:\/\/labestiadeportiva.com\/lbd\/wp-content\/uploads\/2019\/09\/Screenshot_20190908-2117012.png\"><img loading=\"lazy\" class=\"alignnone size-medium wp-image-33369 aligncenter\" src=\"http:\/\/labestiadeportiva.com\/lbd\/wp-content\/uploads\/2019\/09\/Screenshot_20190908-2117012-300x219.png\" alt=\"Screenshot_20190908-211701~2\" width=\"300\" height=\"219\" srcset=\"http:\/\/labestiadeportiva.com\/lbd\/wp-content\/uploads\/2019\/09\/Screenshot_20190908-2117012-300x219.png 300w, http:\/\/labestiadeportiva.com\/lbd\/wp-content\/uploads\/2019\/09\/Screenshot_20190908-2117012-1024x747.png 1024w, http:\/\/labestiadeportiva.com\/lbd\/wp-content\/uploads\/2019\/09\/Screenshot_20190908-2117012.png 1080w\" sizes=\"(max-width: 300px) 100vw, 300px\" \/><\/a><\/p>\n<p>Los podios por categor\u00edas<\/p>\n<p>Raquetas\u00a0 femenino<\/p>\n<p>1\u00b0 puesto: Bernarda Mansilla 1h 42m<br \/>\n2\u00b0 puesto: Celina Gra\u00f1a 1h 46m<br \/>\n3\u00b0 puesto: Marisol Quichapay 2h 16m<\/p>\n<p>Raquetas Masculino<\/p>\n<p>1\u00b0 puesto: Andr\u00e9s G\u00f3mez 1 Hora<br \/>\n2\u00b0 puesto :Sandino Jos\u00e9 1h 12m<br \/>\n3\u00b0 puesto: Facundo Soro 1 h 16m<\/p>\n<p>Esqu\u00ed promocional femenino<\/p>\n<p>1\u00b0 puesto: Paula Vigliarolo 2h 12m<br \/>\n2\u00b0 puesto :Figueroa Carolina 3h 12m<\/p>\n<p>Esqu\u00ed promocional Masculino<\/p>\n<p>1\u00b0 puesto: Lin Carlos 1h 45m<br \/>\n2\u00b0 puesto : Moyano Alfredo 2h 59m<br \/>\n3\u00b0 puesto: Bacigalupi Javier 3h 12m<\/p>\n<p>Esqu\u00ed Avanzado Masculino<\/p>\n<p>1\u00b0 puesto: Naguila Ignacio 2h 45m<br \/>\n2\u00b0 puesto : Fehrmann Rodolfo 2h 55m<br \/>\n3\u00b0 puesto:\u00a0 Acosta Carlos 2h 58m<\/p>\n<p><a href=\"http:\/\/labestiadeportiva.com\/lbd\/wp-content\/uploads\/2019\/09\/IMG-20190909-WA0025.jpg\"><img loading=\"lazy\" class=\"alignnone size-medium wp-image-33372\" src=\"http:\/\/labestiadeportiva.com\/lbd\/wp-content\/uploads\/2019\/09\/IMG-20190909-WA0025-225x300.jpg\" alt=\"IMG-20190909-WA0025\" width=\"225\" height=\"300\" srcset=\"http:\/\/labestiadeportiva.com\/lbd\/wp-content\/uploads\/2019\/09\/IMG-20190909-WA0025-225x300.jpg 225w, http:\/\/labestiadeportiva.com\/lbd\/wp-content\/uploads\/2019\/09\/IMG-20190909-WA0025-768x1024.jpg 768w, http:\/\/labestiadeportiva.com\/lbd\/wp-content\/uploads\/2019\/09\/IMG-20190909-WA0025.jpg 774w\" sizes=\"(max-width: 225px) 100vw, 225px\" \/><\/a><\/p>\n<div class='epvc-post-count'><span class='epvc-eye'><\/span>  <span class=\"epvc-count\"> 1.238<\/span><span class='epvc-label'> veces le\u00edda<\/span><\/div>\n<div class=\"jwsharethis\">\nShare this: \n<br \/>\n<a href=\"mailto:?subject=Naguila%2C%20Lin%2C%20Vigliarolo%2C%20Mansilla%20y%20G%C3%B3mez%20due%C3%B1os%20del%20Martial&amp;body=http%3A%2F%2Flabestiadeportiva.com%2Flbd%2Fnaguila-lin-vigliarolo-mansilla-y-gomez-duenos-del-martial%2F\">\n<img src=\"http:\/\/labestiadeportiva.com\/lbd\/wp-content\/plugins\/jw-share-this\/email.png\" alt=\"Share this page via Email\" \/>\n<\/a>\n<a target=\"_blank\" href=\"http:\/\/www.stumbleupon.com\/submit?url=http%3A%2F%2Flabestiadeportiva.com%2Flbd%2Fnaguila-lin-vigliarolo-mansilla-y-gomez-duenos-del-martial%2F&amp;title=Naguila%2C+Lin%2C+Vigliarolo%2C+Mansilla+y+G%C3%B3mez+due%C3%B1os+del+Martial\">\n<img src=\"http:\/\/labestiadeportiva.com\/lbd\/wp-content\/plugins\/jw-share-this\/su.png\" alt=\"Share this page via Stumble Upon\" \/>\n<\/a>\n<a target=\"_blank\" href=\"http:\/\/digg.com\/submit?url=http%3A%2F%2Flabestiadeportiva.com%2Flbd%2Fnaguila-lin-vigliarolo-mansilla-y-gomez-duenos-del-martial%2F&amp;title=Naguila%2C+Lin%2C+Vigliarolo%2C+Mansilla+y+G%C3%B3mez+due%C3%B1os+del+Martial\">\n<img src=\"http:\/\/labestiadeportiva.com\/lbd\/wp-content\/plugins\/jw-share-this\/digg.png\" alt=\"Share this page via Digg this\" \/>\n<\/a>\n<a target=\"_blank\" href=\"http:\/\/www.facebook.com\/sharer.php?u=http%3A%2F%2Flabestiadeportiva.com%2Flbd%2Fnaguila-lin-vigliarolo-mansilla-y-gomez-duenos-del-martial%2F&amp;t=Naguila%2C+Lin%2C+Vigliarolo%2C+Mansilla+y+G%C3%B3mez+due%C3%B1os+del+Martial\">\n<img src=\"http:\/\/labestiadeportiva.com\/lbd\/wp-content\/plugins\/jw-share-this\/fb.png\" alt=\"Share this page via Facebook\" \/>\n<\/a>\n<a target=\"_blank\" href=\"http:\/\/twitter.com\/intent\/tweet?text=I+like+http%3A%2F%2Flabestiadeportiva.com%2Flbd%2Fnaguila-lin-vigliarolo-mansilla-y-gomez-duenos-del-martial%2F&amp;title=Naguila%2C+Lin%2C+Vigliarolo%2C+Mansilla+y+G%C3%B3mez+due%C3%B1os+del+Martial\">\n<img src=\"http:\/\/labestiadeportiva.com\/lbd\/wp-content\/plugins\/jw-share-this\/twitter.png\" alt=\"Share this page via Twitter\" \/>\n<\/a>\n<\/div>\n","protected":false},"excerpt":{"rendered":"<p>El s\u00e1bado por la ma\u00f1ana se disput\u00f3 la 4\u00b0 edici\u00f3n de la \u00abTraves\u00eda Martial\u00bb. 45 osados deportistas de invierno fueron de la partida. Se compiti\u00f3 en esqu\u00ed de traves\u00eda y raquetas. Ignacio Naguila se qued\u00f3 con la Copa Challenger \u00abDon Antonio Wallner\u00bb completando el recorrido en 2 horas y 45 minutos. Fuente Subcomisi\u00f3n de Monta\u00f1a &hellip; <a href=\"http:\/\/labestiadeportiva.com\/lbd\/naguila-lin-vigliarolo-mansilla-y-gomez-duenos-del-martial\/\" class=\"more-link\">Seguir leyendo <span class=\"screen-reader-text\">Naguila, Lin, Vigliarolo, Mansilla y G\u00f3mez due\u00f1os del Martial<\/span> <span class=\"meta-nav\">&rarr;<\/span><\/a><\/p>\n","protected":false},"author":1,"featured_media":33367,"comment_status":"open","ping_status":"open","sticky":false,"template":"","format":"standard","meta":[],"categories":[5,41,1,3326],"tags":[2795,42,4010],"_links":{"self":[{"href":"http:\/\/labestiadeportiva.com\/lbd\/wp-json\/wp\/v2\/posts\/33366"}],"collection":[{"href":"http:\/\/labestiadeportiva.com\/lbd\/wp-json\/wp\/v2\/posts"}],"about":[{"href":"http:\/\/labestiadeportiva.com\/lbd\/wp-json\/wp\/v2\/types\/post"}],"author":[{"embeddable":true,"href":"http:\/\/labestiadeportiva.com\/lbd\/wp-json\/wp\/v2\/users\/1"}],"replies":[{"embeddable":true,"href":"http:\/\/labestiadeportiva.com\/lbd\/wp-json\/wp\/v2\/comments?post=33366"}],"version-history":[{"count":5,"href":"http:\/\/labestiadeportiva.com\/lbd\/wp-json\/wp\/v2\/posts\/33366\/revisions"}],"predecessor-version":[{"id":33392,"href":"http:\/\/labestiadeportiva.com\/lbd\/wp-json\/wp\/v2\/posts\/33366\/revisions\/33392"}],"wp:featuredmedia":[{"embeddable":true,"href":"http:\/\/labestiadeportiva.com\/lbd\/wp-json\/wp\/v2\/media\/33367"}],"wp:attachment":[{"href":"http:\/\/labestiadeportiva.com\/lbd\/wp-json\/wp\/v2\/media?parent=33366"}],"wp:term":[{"taxonomy":"category","embeddable":true,"href":"http:\/\/labestiadeportiva.com\/lbd\/wp-json\/wp\/v2\/categories?post=33366"},{"taxonomy":"post_tag","embeddable":true,"href":"http:\/\/labestiadeportiva.com\/lbd\/wp-json\/wp\/v2\/tags?post=33366"}],"curies":[{"name":"wp","href":"https:\/\/api.w.org\/{rel}","templated":true}]}}