{"id":33523,"date":"2019-09-18T13:14:53","date_gmt":"2019-09-18T16:14:53","guid":{"rendered":"http:\/\/labestiadeportiva.com\/lbd\/?p=33523"},"modified":"2019-09-20T08:04:07","modified_gmt":"2019-09-20T11:04:07","slug":"debutan-los-pumas","status":"publish","type":"post","link":"http:\/\/labestiadeportiva.com\/lbd\/debutan-los-pumas\/","title":{"rendered":"Debutan Los Pumas"},"content":{"rendered":"<p>Por Mart\u00edn \u00abNegro\u00bb Monte (Corresponsal LBD en Mendoza)<\/p>\n<p><a href=\"http:\/\/labestiadeportiva.com\/lbd\/wp-content\/uploads\/2019\/09\/Screenshot_20190918-1220082.png\"><img loading=\"lazy\" class=\"alignnone size-medium wp-image-33524\" src=\"http:\/\/labestiadeportiva.com\/lbd\/wp-content\/uploads\/2019\/09\/Screenshot_20190918-1220082-300x178.png\" alt=\"Screenshot_20190918-122008~2\" width=\"300\" height=\"178\" srcset=\"http:\/\/labestiadeportiva.com\/lbd\/wp-content\/uploads\/2019\/09\/Screenshot_20190918-1220082-300x178.png 300w, http:\/\/labestiadeportiva.com\/lbd\/wp-content\/uploads\/2019\/09\/Screenshot_20190918-1220082.png 911w\" sizes=\"(max-width: 300px) 100vw, 300px\" \/><\/a><\/p>\n<p>Este s\u00e1bado la madrugada el seleccionado argentino de rugby iniciar\u00e1 su marcha en el mundial, Jap\u00f3n 2019, ante Francia desde las 4.15 de la ma\u00f1ana. La cita mundialista se desarrollar\u00e1 desde el 20 de Septiembre al 2 de Noviembre. Los nuestros jugar\u00e1n la primera fase en el grupo C junto a Francia, Inglaterra, Tonga y Estados Unidos.<!--more--><\/p>\n<p>Se vivir\u00e1 a todo rugby y los argentinos estamos con mucha fe en el equipo nacional dado que \u00abLos Pumas\u00bb a trav\u00e9s de la franquicia Jaguar ha mejorado notablemente su juego y destrezas, creciendo tambi\u00e9n los planteos t\u00e1cticos de sus entrenadores.<\/p>\n<p>Cabe aclarar que con el resto de los equipos ha sucedido los mismo lo que hace presagiar un mundial de gran nivel t\u00e9cnico estrat\u00e9gico con jugadores capacitados a realizar destrezas incre\u00edbles.<\/p>\n<p>La primera prueba de fuego para el plantel argento ser\u00e1 ante Francia, contra los galos los antecedentes son positivos solo queda recordar las dos victorias en el mundial organizado en tierra francesa all\u00e1 por el 2007.<\/p>\n<p>Otro dato no menor es que nuestro rival en el debut no realiz\u00f3 un buen 6 naciones, se encuentra en transici\u00f3n en busca de un 15 que le de juego y equilibrio.<\/p>\n<p>La propuesta de Viernes<br \/>\n1.45 Australia\/Fiji<br \/>\n4.15 Argentina\/Francia<br \/>\n6.45 Nueva Zelanda\/Sud\u00e1frica<\/p>\n<p>La formaci\u00f3n \u00abPuma\u00bb<br \/>\n<a href=\"http:\/\/labestiadeportiva.com\/lbd\/wp-content\/uploads\/2019\/09\/IMG-20190919-WA0006.jpg\"><img loading=\"lazy\" src=\"http:\/\/labestiadeportiva.com\/lbd\/wp-content\/uploads\/2019\/09\/IMG-20190919-WA0006-300x300.jpg\" alt=\"IMG-20190919-WA0006\" width=\"300\" height=\"300\" class=\"alignnone size-medium wp-image-33549\" srcset=\"http:\/\/labestiadeportiva.com\/lbd\/wp-content\/uploads\/2019\/09\/IMG-20190919-WA0006-300x300.jpg 300w, http:\/\/labestiadeportiva.com\/lbd\/wp-content\/uploads\/2019\/09\/IMG-20190919-WA0006-150x150.jpg 150w, http:\/\/labestiadeportiva.com\/lbd\/wp-content\/uploads\/2019\/09\/IMG-20190919-WA0006-160x160.jpg 160w, http:\/\/labestiadeportiva.com\/lbd\/wp-content\/uploads\/2019\/09\/IMG-20190919-WA0006-320x320.jpg 320w, http:\/\/labestiadeportiva.com\/lbd\/wp-content\/uploads\/2019\/09\/IMG-20190919-WA0006-60x60.jpg 60w, http:\/\/labestiadeportiva.com\/lbd\/wp-content\/uploads\/2019\/09\/IMG-20190919-WA0006.jpg 720w\" sizes=\"(max-width: 300px) 100vw, 300px\" \/><\/a><\/p>\n<div class='epvc-post-count'><span class='epvc-eye'><\/span>  <span class=\"epvc-count\"> 1.209<\/span><span class='epvc-label'> veces le\u00edda<\/span><\/div>\n<div class=\"jwsharethis\">\nShare this: \n<br \/>\n<a href=\"mailto:?subject=Debutan%20Los%20Pumas&amp;body=http%3A%2F%2Flabestiadeportiva.com%2Flbd%2Fdebutan-los-pumas%2F\">\n<img src=\"http:\/\/labestiadeportiva.com\/lbd\/wp-content\/plugins\/jw-share-this\/email.png\" alt=\"Share this page via Email\" \/>\n<\/a>\n<a target=\"_blank\" href=\"http:\/\/www.stumbleupon.com\/submit?url=http%3A%2F%2Flabestiadeportiva.com%2Flbd%2Fdebutan-los-pumas%2F&amp;title=Debutan+Los+Pumas\">\n<img src=\"http:\/\/labestiadeportiva.com\/lbd\/wp-content\/plugins\/jw-share-this\/su.png\" alt=\"Share this page via Stumble Upon\" \/>\n<\/a>\n<a target=\"_blank\" href=\"http:\/\/digg.com\/submit?url=http%3A%2F%2Flabestiadeportiva.com%2Flbd%2Fdebutan-los-pumas%2F&amp;title=Debutan+Los+Pumas\">\n<img src=\"http:\/\/labestiadeportiva.com\/lbd\/wp-content\/plugins\/jw-share-this\/digg.png\" alt=\"Share this page via Digg this\" \/>\n<\/a>\n<a target=\"_blank\" href=\"http:\/\/www.facebook.com\/sharer.php?u=http%3A%2F%2Flabestiadeportiva.com%2Flbd%2Fdebutan-los-pumas%2F&amp;t=Debutan+Los+Pumas\">\n<img src=\"http:\/\/labestiadeportiva.com\/lbd\/wp-content\/plugins\/jw-share-this\/fb.png\" alt=\"Share this page via Facebook\" \/>\n<\/a>\n<a target=\"_blank\" href=\"http:\/\/twitter.com\/intent\/tweet?text=I+like+http%3A%2F%2Flabestiadeportiva.com%2Flbd%2Fdebutan-los-pumas%2F&amp;title=Debutan+Los+Pumas\">\n<img src=\"http:\/\/labestiadeportiva.com\/lbd\/wp-content\/plugins\/jw-share-this\/twitter.png\" alt=\"Share this page via Twitter\" \/>\n<\/a>\n<\/div>\n","protected":false},"excerpt":{"rendered":"<p>Por Mart\u00edn \u00abNegro\u00bb Monte (Corresponsal LBD en Mendoza) Este s\u00e1bado la madrugada el seleccionado argentino de rugby iniciar\u00e1 su marcha en el mundial, Jap\u00f3n 2019, ante Francia desde las 4.15 de la ma\u00f1ana. La cita mundialista se desarrollar\u00e1 desde el 20 de Septiembre al 2 de Noviembre. Los nuestros jugar\u00e1n la primera fase en el &hellip; <a href=\"http:\/\/labestiadeportiva.com\/lbd\/debutan-los-pumas\/\" class=\"more-link\">Seguir leyendo <span class=\"screen-reader-text\">Debutan Los Pumas<\/span> <span class=\"meta-nav\">&rarr;<\/span><\/a><\/p>\n","protected":false},"author":1,"featured_media":33524,"comment_status":"open","ping_status":"open","sticky":false,"template":"","format":"standard","meta":[],"categories":[4,1,2359],"tags":[4028,211,3660,55],"_links":{"self":[{"href":"http:\/\/labestiadeportiva.com\/lbd\/wp-json\/wp\/v2\/posts\/33523"}],"collection":[{"href":"http:\/\/labestiadeportiva.com\/lbd\/wp-json\/wp\/v2\/posts"}],"about":[{"href":"http:\/\/labestiadeportiva.com\/lbd\/wp-json\/wp\/v2\/types\/post"}],"author":[{"embeddable":true,"href":"http:\/\/labestiadeportiva.com\/lbd\/wp-json\/wp\/v2\/users\/1"}],"replies":[{"embeddable":true,"href":"http:\/\/labestiadeportiva.com\/lbd\/wp-json\/wp\/v2\/comments?post=33523"}],"version-history":[{"count":5,"href":"http:\/\/labestiadeportiva.com\/lbd\/wp-json\/wp\/v2\/posts\/33523\/revisions"}],"predecessor-version":[{"id":33567,"href":"http:\/\/labestiadeportiva.com\/lbd\/wp-json\/wp\/v2\/posts\/33523\/revisions\/33567"}],"wp:featuredmedia":[{"embeddable":true,"href":"http:\/\/labestiadeportiva.com\/lbd\/wp-json\/wp\/v2\/media\/33524"}],"wp:attachment":[{"href":"http:\/\/labestiadeportiva.com\/lbd\/wp-json\/wp\/v2\/media?parent=33523"}],"wp:term":[{"taxonomy":"category","embeddable":true,"href":"http:\/\/labestiadeportiva.com\/lbd\/wp-json\/wp\/v2\/categories?post=33523"},{"taxonomy":"post_tag","embeddable":true,"href":"http:\/\/labestiadeportiva.com\/lbd\/wp-json\/wp\/v2\/tags?post=33523"}],"curies":[{"name":"wp","href":"https:\/\/api.w.org\/{rel}","templated":true}]}}