{"id":33538,"date":"2019-09-18T19:01:24","date_gmt":"2019-09-18T22:01:24","guid":{"rendered":"http:\/\/labestiadeportiva.com\/lbd\/?p=33538"},"modified":"2019-09-18T19:01:24","modified_gmt":"2019-09-18T22:01:24","slug":"el-torneo-en-casa-es-un-antes-y-un-despues-para-nuestro-deporte-audio","status":"publish","type":"post","link":"http:\/\/labestiadeportiva.com\/lbd\/el-torneo-en-casa-es-un-antes-y-un-despues-para-nuestro-deporte-audio\/","title":{"rendered":"\u00abEl torneo en casa es un antes y un despu\u00e9s para nuestro deporte\u00bb (Audio)"},"content":{"rendered":"<p><a href=\"http:\/\/labestiadeportiva.com\/lbd\/wp-content\/uploads\/2019\/09\/IMG-20190917-WA00292.jpg\"><img loading=\"lazy\" src=\"http:\/\/labestiadeportiva.com\/lbd\/wp-content\/uploads\/2019\/09\/IMG-20190917-WA00292-300x256.jpg\" alt=\"IMG-20190917-WA0029~2\" width=\"300\" height=\"256\" class=\"alignnone size-medium wp-image-33540\" srcset=\"http:\/\/labestiadeportiva.com\/lbd\/wp-content\/uploads\/2019\/09\/IMG-20190917-WA00292-300x256.jpg 300w, http:\/\/labestiadeportiva.com\/lbd\/wp-content\/uploads\/2019\/09\/IMG-20190917-WA00292.jpg 390w\" sizes=\"(max-width: 300px) 100vw, 300px\" \/><\/a><\/p>\n<p>Viernes y s\u00e1bado a pura acci\u00f3n en R\u00edo Grande. Torneo Nacional de Menores para el Levantamiento Ol\u00edmpico de Pesas. Casi 70 deportistas de 13 provincias presentes. El equipo local consigui\u00f3 11 preseas. Televisaci\u00f3n local y nacional. El balance del evento a cargo del Licenciado Gabriel Cotto.<!--more--><\/p>\n<p>https:\/\/youtu.be\/ZLi2zBF4vLU<\/p>\n<div class='epvc-post-count'><span class='epvc-eye'><\/span>  <span class=\"epvc-count\"> 1.086<\/span><span class='epvc-label'> veces le\u00edda<\/span><\/div>\n<div class=\"jwsharethis\">\nShare this: \n<br \/>\n<a href=\"mailto:?subject=%C2%ABEl%20torneo%20en%20casa%20es%20un%20antes%20y%20un%20despu%C3%A9s%20para%20nuestro%20deporte%C2%BB%20%28Audio%29&amp;body=http%3A%2F%2Flabestiadeportiva.com%2Flbd%2Fel-torneo-en-casa-es-un-antes-y-un-despues-para-nuestro-deporte-audio%2F\">\n<img src=\"http:\/\/labestiadeportiva.com\/lbd\/wp-content\/plugins\/jw-share-this\/email.png\" alt=\"Share this page via Email\" \/>\n<\/a>\n<a target=\"_blank\" href=\"http:\/\/www.stumbleupon.com\/submit?url=http%3A%2F%2Flabestiadeportiva.com%2Flbd%2Fel-torneo-en-casa-es-un-antes-y-un-despues-para-nuestro-deporte-audio%2F&amp;title=%C2%ABEl+torneo+en+casa+es+un+antes+y+un+despu%C3%A9s+para+nuestro+deporte%C2%BB+%28Audio%29\">\n<img src=\"http:\/\/labestiadeportiva.com\/lbd\/wp-content\/plugins\/jw-share-this\/su.png\" alt=\"Share this page via Stumble Upon\" \/>\n<\/a>\n<a target=\"_blank\" href=\"http:\/\/digg.com\/submit?url=http%3A%2F%2Flabestiadeportiva.com%2Flbd%2Fel-torneo-en-casa-es-un-antes-y-un-despues-para-nuestro-deporte-audio%2F&amp;title=%C2%ABEl+torneo+en+casa+es+un+antes+y+un+despu%C3%A9s+para+nuestro+deporte%C2%BB+%28Audio%29\">\n<img src=\"http:\/\/labestiadeportiva.com\/lbd\/wp-content\/plugins\/jw-share-this\/digg.png\" alt=\"Share this page via Digg this\" \/>\n<\/a>\n<a target=\"_blank\" href=\"http:\/\/www.facebook.com\/sharer.php?u=http%3A%2F%2Flabestiadeportiva.com%2Flbd%2Fel-torneo-en-casa-es-un-antes-y-un-despues-para-nuestro-deporte-audio%2F&amp;t=%C2%ABEl+torneo+en+casa+es+un+antes+y+un+despu%C3%A9s+para+nuestro+deporte%C2%BB+%28Audio%29\">\n<img src=\"http:\/\/labestiadeportiva.com\/lbd\/wp-content\/plugins\/jw-share-this\/fb.png\" alt=\"Share this page via Facebook\" \/>\n<\/a>\n<a target=\"_blank\" href=\"http:\/\/twitter.com\/intent\/tweet?text=I+like+http%3A%2F%2Flabestiadeportiva.com%2Flbd%2Fel-torneo-en-casa-es-un-antes-y-un-despues-para-nuestro-deporte-audio%2F&amp;title=%C2%ABEl+torneo+en+casa+es+un+antes+y+un+despu%C3%A9s+para+nuestro+deporte%C2%BB+%28Audio%29\">\n<img src=\"http:\/\/labestiadeportiva.com\/lbd\/wp-content\/plugins\/jw-share-this\/twitter.png\" alt=\"Share this page via Twitter\" \/>\n<\/a>\n<\/div>\n","protected":false},"excerpt":{"rendered":"<p>Viernes y s\u00e1bado a pura acci\u00f3n en R\u00edo Grande. Torneo Nacional de Menores para el Levantamiento Ol\u00edmpico de Pesas. Casi 70 deportistas de 13 provincias presentes. El equipo local consigui\u00f3 11 preseas. Televisaci\u00f3n local y nacional. El balance del evento a cargo del Licenciado Gabriel Cotto. 1.086 veces le\u00edda Share this:<\/p>\n","protected":false},"author":1,"featured_media":33540,"comment_status":"open","ping_status":"open","sticky":false,"template":"","format":"standard","meta":[],"categories":[5,6,60,4025,1],"tags":[4026,4838,4027,990],"_links":{"self":[{"href":"http:\/\/labestiadeportiva.com\/lbd\/wp-json\/wp\/v2\/posts\/33538"}],"collection":[{"href":"http:\/\/labestiadeportiva.com\/lbd\/wp-json\/wp\/v2\/posts"}],"about":[{"href":"http:\/\/labestiadeportiva.com\/lbd\/wp-json\/wp\/v2\/types\/post"}],"author":[{"embeddable":true,"href":"http:\/\/labestiadeportiva.com\/lbd\/wp-json\/wp\/v2\/users\/1"}],"replies":[{"embeddable":true,"href":"http:\/\/labestiadeportiva.com\/lbd\/wp-json\/wp\/v2\/comments?post=33538"}],"version-history":[{"count":1,"href":"http:\/\/labestiadeportiva.com\/lbd\/wp-json\/wp\/v2\/posts\/33538\/revisions"}],"predecessor-version":[{"id":33542,"href":"http:\/\/labestiadeportiva.com\/lbd\/wp-json\/wp\/v2\/posts\/33538\/revisions\/33542"}],"wp:featuredmedia":[{"embeddable":true,"href":"http:\/\/labestiadeportiva.com\/lbd\/wp-json\/wp\/v2\/media\/33540"}],"wp:attachment":[{"href":"http:\/\/labestiadeportiva.com\/lbd\/wp-json\/wp\/v2\/media?parent=33538"}],"wp:term":[{"taxonomy":"category","embeddable":true,"href":"http:\/\/labestiadeportiva.com\/lbd\/wp-json\/wp\/v2\/categories?post=33538"},{"taxonomy":"post_tag","embeddable":true,"href":"http:\/\/labestiadeportiva.com\/lbd\/wp-json\/wp\/v2\/tags?post=33538"}],"curies":[{"name":"wp","href":"https:\/\/api.w.org\/{rel}","templated":true}]}}