{"id":33697,"date":"2019-09-27T18:20:23","date_gmt":"2019-09-27T21:20:23","guid":{"rendered":"http:\/\/labestiadeportiva.com\/lbd\/?p=33697"},"modified":"2019-09-27T20:19:20","modified_gmt":"2019-09-27T23:19:20","slug":"agenda-deportiva-208","status":"publish","type":"post","link":"http:\/\/labestiadeportiva.com\/lbd\/agenda-deportiva-208\/","title":{"rendered":"Agenda deportiva"},"content":{"rendered":"<p><a href=\"http:\/\/labestiadeportiva.com\/lbd\/wp-content\/uploads\/2019\/09\/carrera-bomberos.jpg\"><img loading=\"lazy\" class=\"aligncenter size-medium wp-image-33698\" src=\"http:\/\/labestiadeportiva.com\/lbd\/wp-content\/uploads\/2019\/09\/carrera-bomberos-300x300.jpg\" alt=\"carrera bomberos\" width=\"300\" height=\"300\" srcset=\"http:\/\/labestiadeportiva.com\/lbd\/wp-content\/uploads\/2019\/09\/carrera-bomberos-300x300.jpg 300w, http:\/\/labestiadeportiva.com\/lbd\/wp-content\/uploads\/2019\/09\/carrera-bomberos-150x150.jpg 150w, http:\/\/labestiadeportiva.com\/lbd\/wp-content\/uploads\/2019\/09\/carrera-bomberos-1024x1024.jpg 1024w, http:\/\/labestiadeportiva.com\/lbd\/wp-content\/uploads\/2019\/09\/carrera-bomberos-160x160.jpg 160w, http:\/\/labestiadeportiva.com\/lbd\/wp-content\/uploads\/2019\/09\/carrera-bomberos-320x320.jpg 320w, http:\/\/labestiadeportiva.com\/lbd\/wp-content\/uploads\/2019\/09\/carrera-bomberos-60x60.jpg 60w, http:\/\/labestiadeportiva.com\/lbd\/wp-content\/uploads\/2019\/09\/carrera-bomberos.jpg 1080w\" sizes=\"(max-width: 300px) 100vw, 300px\" \/><\/a><\/p>\n<p>Se puso en marcha el \u00faltimo fin de semana deportivo del mes de septiembre donde la cantidad y calidad de disciplinas en acci\u00f3n es m\u00e1s que interesante. Se destacan futsal AFA, handball, f\u00fatbol 11, b\u00e1squet, atletismo, Karting, futsal federado y rugby. Desde LBD, los detalles.<!--more--><\/p>\n<p>Futsal AFA<\/p>\n<p>Luego del parate obligado de una semana (aranceles arbitrales) el departamento salonero de la Liga dispuso programar postergados y fecha.<\/p>\n<p>El s\u00e1bado se competir\u00e1 en el Microestadio \u00abCochocho\u00bb Vargas con cuatro encuentros de 11 a 17 horas.<\/p>\n<p>La continuidad dominguera ser\u00e1 en el Polideportivo Mercantil de la calle Abel C\u00e1rdenas de 11.30 a 22 horas donde se disputar\u00e1n siete partidos. Lasserre FC, AATEDYC, Los Andes y Ateneo FC tendr\u00e1n doble presentaci\u00f3n.<\/p>\n<p>Handball<\/p>\n<p>Segundo fin de semana consecutivo de acci\u00f3n para la Federaci\u00f3n Fueguina. Se competir\u00e1 s\u00e1bado y domingo en el gimnasio \u00abCarlos Petrina\u00bb del barrio R\u00edo Pipo.<\/p>\n<p>Se realizar\u00e1n diez partidos, cinco por d\u00eda, con la presencia en Ushuaia del riograndense Universitario. En cuanto a los horarios la primera jornada ser\u00e1 de 13 a 19 mientras que en la segunda se competir\u00e1 de 11 a 18 horas.<\/p>\n<p>Se presentar\u00e1n en cancha equipos de las categor\u00edas menores, cadetes, juveniles y mayores.<\/p>\n<p>F\u00fatbol 11<\/p>\n<p>Comienzo de un nuevo torneo oficial de primera divisi\u00f3n en el sint\u00e9tico \u00abHugo Lumbreras\u00bb.<\/p>\n<p>La dirigencia de la Liga Ushuaiense lo denomin\u00f3, con muy buen criterio, Domingo Enrique \u00abQuique\u00bb Vera.<\/p>\n<p>Tres partidos el s\u00e1bado, a las 14, 19 y 21 horas, mientras que la jornada dominguera tendr\u00e1 otros cuatro de 13 a 20.30 horas. El choque de las 17 entre CAEF y Mutual BTF ser\u00e1 transmitido en vivo por la 94.1 FM del Sur.<\/p>\n<p>B\u00e1squet<\/p>\n<p>S\u00e1bado de s\u00faper acci\u00f3n en Ushuaia. La Federaci\u00f3n TDF dispuso desplegar siete juegos en los segmentos mayores masculino y femenino m\u00e1s U15.<\/p>\n<p>La jornada se realizar\u00e1 \u00edntegramente en la cancha 4 \u00abHugo Italo Favale\u00bb de 9.30 a 20 horas. Visitar\u00e1n la capital provincial los equipos del norte de la isla Metal\u00fargico, Yoppen y Universitario.<\/p>\n<p>Atletismo<\/p>\n<p>Jueves y viernes de finales provinciales para los Juegos Evita, clasificatoria para la instancia nacional en Mar del Plata.<\/p>\n<p>Alrededor de 180 j\u00f3venes buscar\u00e1n el pasaporte para conformar el equipo fueguino (ser\u00e1 de poco m\u00e1s de 50 integrantes).<\/p>\n<p>La doble jornada se realizar\u00e1 en la pista municipal Oscar \u00abCabez\u00f3n\u00bb Oyarz\u00fan.<\/p>\n<p>Asimismo el domingo se realizar\u00e1 la prueba atl\u00e9tica \u00abCorr\u00e9 por Bomberos del Fin del Mundo\u00bb.<\/p>\n<p>La concentraci\u00f3n de participantes ser\u00e1 desde las 10 de la ma\u00f1ana, en Magallanes y Don Bosco, la prueba ben\u00e9fica tendr\u00e1 tres recorridos de 3, 6 y 12 k.<\/p>\n<p>Karting<\/p>\n<p>Regreso de la actividad provincial a trav\u00e9s de la 5\u00b0 fecha luego del receso invernal. El kart\u00f3dromo Ciudad de R\u00edo Grande ser\u00e1 el lugar elegido.<\/p>\n<p>En cuanto al cronograma de carrera el s\u00e1bado habr\u00e1 pruebas libres desde las 14 para el domingo desde las 11.30 comenzar con clasificaciones, series y finales.<\/p>\n<p>Futsal Federado<\/p>\n<p>La Federaci\u00f3n Ushuaiense program\u00f3 actividad oficial para todas sus divisionales.<\/p>\n<p>Las superiores se presentar\u00e1n el s\u00e1bado en Campolter y el domingo repetir\u00e1n el reducto policial de las 640 Viviendas agregando el Microestadio \u00abCochocho\u00bb Vargas. Habr\u00e1 partidos C17, C20, femenino, veteranos, senior y mayores.<\/p>\n<p>Los infantiles jugar\u00e1n solo el domingo en dos escenarios los gimnasios \u00abIslas Malvinas\u00bb (La Cantera) y \u00abMirador de Los Andes\u00bb (640 Viviendas)<\/p>\n<p>Rugby URTF<\/p>\n<p>Tercera fecha para los planteles superiores de la Uni\u00f3n este s\u00e1bado. En la zona Campeonato Las \u00c1guilas recibir\u00e1 a Colegio del Sur desde las 16 en su cancha con el arbitraje del se\u00f1or Stutz.<\/p>\n<p>Ushuaia Rugby Club perder\u00e1 los puntos (??!!) ante Universitario por encontratarse de gira en Buenos Aires. Walkover de 20 a 0 para \u00abUni\u00bb. La historia se repite al igual que el a\u00f1o anterior pas\u00f3 con \u00c1guilas y su gira europea. El rugby es la disciplina que choca dos veces con la misma piedra? tel\u00e9fono para la URTF.<\/p>\n<p>En zona Desarrollo Los Gallos Turu en la \u00abPichot\u00bb con el control del se\u00f1or Bassetti mientras que \u00c1guilas Beta ir\u00e1 ante Orcas en su cancha desde las 13.30 donde impartir\u00e1 justicia el se\u00f1or Garc\u00eda.<\/p>\n<p><a href=\"http:\/\/labestiadeportiva.com\/lbd\/wp-content\/uploads\/2019\/09\/IMG-20190927-WA0005.jpg\"><img loading=\"lazy\" class=\"aligncenter size-medium wp-image-33699\" src=\"http:\/\/labestiadeportiva.com\/lbd\/wp-content\/uploads\/2019\/09\/IMG-20190927-WA0005-300x139.jpg\" alt=\"IMG-20190927-WA0005\" width=\"300\" height=\"139\" srcset=\"http:\/\/labestiadeportiva.com\/lbd\/wp-content\/uploads\/2019\/09\/IMG-20190927-WA0005-300x139.jpg 300w, http:\/\/labestiadeportiva.com\/lbd\/wp-content\/uploads\/2019\/09\/IMG-20190927-WA0005-1024x475.jpg 1024w, http:\/\/labestiadeportiva.com\/lbd\/wp-content\/uploads\/2019\/09\/IMG-20190927-WA0005.jpg 1082w\" sizes=\"(max-width: 300px) 100vw, 300px\" \/><\/a><\/p>\n<p><a href=\"http:\/\/labestiadeportiva.com\/lbd\/wp-content\/uploads\/2019\/09\/FB_IMG_1569594605212.jpg\"><img loading=\"lazy\" class=\"aligncenter size-medium wp-image-33700\" src=\"http:\/\/labestiadeportiva.com\/lbd\/wp-content\/uploads\/2019\/09\/FB_IMG_1569594605212-184x300.jpg\" alt=\"FB_IMG_1569594605212\" width=\"184\" height=\"300\" srcset=\"http:\/\/labestiadeportiva.com\/lbd\/wp-content\/uploads\/2019\/09\/FB_IMG_1569594605212-184x300.jpg 184w, http:\/\/labestiadeportiva.com\/lbd\/wp-content\/uploads\/2019\/09\/FB_IMG_1569594605212-627x1024.jpg 627w, http:\/\/labestiadeportiva.com\/lbd\/wp-content\/uploads\/2019\/09\/FB_IMG_1569594605212.jpg 631w\" sizes=\"(max-width: 184px) 100vw, 184px\" \/><\/a><\/p>\n<p><a href=\"http:\/\/labestiadeportiva.com\/lbd\/wp-content\/uploads\/2019\/09\/FB_IMG_1569594592675.jpg\"><img loading=\"lazy\" class=\"aligncenter size-medium wp-image-33701\" src=\"http:\/\/labestiadeportiva.com\/lbd\/wp-content\/uploads\/2019\/09\/FB_IMG_1569594592675-201x300.jpg\" alt=\"FB_IMG_1569594592675\" width=\"201\" height=\"300\" srcset=\"http:\/\/labestiadeportiva.com\/lbd\/wp-content\/uploads\/2019\/09\/FB_IMG_1569594592675-201x300.jpg 201w, http:\/\/labestiadeportiva.com\/lbd\/wp-content\/uploads\/2019\/09\/FB_IMG_1569594592675-688x1024.jpg 688w, http:\/\/labestiadeportiva.com\/lbd\/wp-content\/uploads\/2019\/09\/FB_IMG_1569594592675.jpg 787w\" sizes=\"(max-width: 201px) 100vw, 201px\" \/><\/a><\/p>\n<p><a href=\"http:\/\/labestiadeportiva.com\/lbd\/wp-content\/uploads\/2019\/09\/FB_IMG_1569504767759.jpg\"><img loading=\"lazy\" class=\"aligncenter size-medium wp-image-33702\" src=\"http:\/\/labestiadeportiva.com\/lbd\/wp-content\/uploads\/2019\/09\/FB_IMG_1569504767759-205x300.jpg\" alt=\"FB_IMG_1569504767759\" width=\"205\" height=\"300\" srcset=\"http:\/\/labestiadeportiva.com\/lbd\/wp-content\/uploads\/2019\/09\/FB_IMG_1569504767759-205x300.jpg 205w, http:\/\/labestiadeportiva.com\/lbd\/wp-content\/uploads\/2019\/09\/FB_IMG_1569504767759-700x1024.jpg 700w, http:\/\/labestiadeportiva.com\/lbd\/wp-content\/uploads\/2019\/09\/FB_IMG_1569504767759.jpg 718w\" sizes=\"(max-width: 205px) 100vw, 205px\" \/><\/a><\/p>\n<p><a href=\"http:\/\/labestiadeportiva.com\/lbd\/wp-content\/uploads\/2019\/09\/FB_IMG_1569504764696.jpg\"><img loading=\"lazy\" class=\"aligncenter size-medium wp-image-33703\" src=\"http:\/\/labestiadeportiva.com\/lbd\/wp-content\/uploads\/2019\/09\/FB_IMG_1569504764696-199x300.jpg\" alt=\"FB_IMG_1569504764696\" width=\"199\" height=\"300\" srcset=\"http:\/\/labestiadeportiva.com\/lbd\/wp-content\/uploads\/2019\/09\/FB_IMG_1569504764696-199x300.jpg 199w, http:\/\/labestiadeportiva.com\/lbd\/wp-content\/uploads\/2019\/09\/FB_IMG_1569504764696-681x1024.jpg 681w, http:\/\/labestiadeportiva.com\/lbd\/wp-content\/uploads\/2019\/09\/FB_IMG_1569504764696.jpg 720w\" sizes=\"(max-width: 199px) 100vw, 199px\" \/><\/a><\/p>\n<p><a href=\"http:\/\/labestiadeportiva.com\/lbd\/wp-content\/uploads\/2019\/09\/FB_IMG_1569503103373.jpg\"><img loading=\"lazy\" class=\"aligncenter size-medium wp-image-33704\" src=\"http:\/\/labestiadeportiva.com\/lbd\/wp-content\/uploads\/2019\/09\/FB_IMG_1569503103373-214x300.jpg\" alt=\"FB_IMG_1569503103373\" width=\"214\" height=\"300\" srcset=\"http:\/\/labestiadeportiva.com\/lbd\/wp-content\/uploads\/2019\/09\/FB_IMG_1569503103373-214x300.jpg 214w, http:\/\/labestiadeportiva.com\/lbd\/wp-content\/uploads\/2019\/09\/FB_IMG_1569503103373-732x1024.jpg 732w, http:\/\/labestiadeportiva.com\/lbd\/wp-content\/uploads\/2019\/09\/FB_IMG_1569503103373.jpg 1428w\" sizes=\"(max-width: 214px) 100vw, 214px\" \/><\/a><\/p>\n<p><a href=\"http:\/\/labestiadeportiva.com\/lbd\/wp-content\/uploads\/2019\/09\/FB_IMG_1569503094911.jpg\"><img loading=\"lazy\" class=\"aligncenter size-medium wp-image-33705\" src=\"http:\/\/labestiadeportiva.com\/lbd\/wp-content\/uploads\/2019\/09\/FB_IMG_1569503094911-214x300.jpg\" alt=\"FB_IMG_1569503094911\" width=\"214\" height=\"300\" srcset=\"http:\/\/labestiadeportiva.com\/lbd\/wp-content\/uploads\/2019\/09\/FB_IMG_1569503094911-214x300.jpg 214w, http:\/\/labestiadeportiva.com\/lbd\/wp-content\/uploads\/2019\/09\/FB_IMG_1569503094911-732x1024.jpg 732w, http:\/\/labestiadeportiva.com\/lbd\/wp-content\/uploads\/2019\/09\/FB_IMG_1569503094911.jpg 1428w\" sizes=\"(max-width: 214px) 100vw, 214px\" \/><\/a><\/p>\n<p><a href=\"http:\/\/labestiadeportiva.com\/lbd\/wp-content\/uploads\/2019\/09\/FB_IMG_1569412793974.jpg\"><img loading=\"lazy\" class=\"aligncenter size-medium wp-image-33706\" src=\"http:\/\/labestiadeportiva.com\/lbd\/wp-content\/uploads\/2019\/09\/FB_IMG_1569412793974-300x274.jpg\" alt=\"FB_IMG_1569412793974\" width=\"300\" height=\"274\" srcset=\"http:\/\/labestiadeportiva.com\/lbd\/wp-content\/uploads\/2019\/09\/FB_IMG_1569412793974-300x274.jpg 300w, http:\/\/labestiadeportiva.com\/lbd\/wp-content\/uploads\/2019\/09\/FB_IMG_1569412793974.jpg 647w\" sizes=\"(max-width: 300px) 100vw, 300px\" \/><\/a><\/p>\n<p><a href=\"http:\/\/labestiadeportiva.com\/lbd\/wp-content\/uploads\/2019\/09\/FB_IMG_1569503169080.jpg\"><img loading=\"lazy\" class=\"aligncenter size-medium wp-image-33709\" src=\"http:\/\/labestiadeportiva.com\/lbd\/wp-content\/uploads\/2019\/09\/FB_IMG_1569503169080-300x300.jpg\" alt=\"FB_IMG_1569503169080\" width=\"300\" height=\"300\" srcset=\"http:\/\/labestiadeportiva.com\/lbd\/wp-content\/uploads\/2019\/09\/FB_IMG_1569503169080-300x300.jpg 300w, http:\/\/labestiadeportiva.com\/lbd\/wp-content\/uploads\/2019\/09\/FB_IMG_1569503169080-150x150.jpg 150w, http:\/\/labestiadeportiva.com\/lbd\/wp-content\/uploads\/2019\/09\/FB_IMG_1569503169080-1024x1024.jpg 1024w, http:\/\/labestiadeportiva.com\/lbd\/wp-content\/uploads\/2019\/09\/FB_IMG_1569503169080-160x160.jpg 160w, http:\/\/labestiadeportiva.com\/lbd\/wp-content\/uploads\/2019\/09\/FB_IMG_1569503169080-320x320.jpg 320w, http:\/\/labestiadeportiva.com\/lbd\/wp-content\/uploads\/2019\/09\/FB_IMG_1569503169080-60x60.jpg 60w, http:\/\/labestiadeportiva.com\/lbd\/wp-content\/uploads\/2019\/09\/FB_IMG_1569503169080.jpg 2048w\" sizes=\"(max-width: 300px) 100vw, 300px\" \/><\/a><\/p>\n<p><a href=\"http:\/\/labestiadeportiva.com\/lbd\/wp-content\/uploads\/2019\/09\/FB_IMG_1569503164302.jpg\"><img loading=\"lazy\" class=\"aligncenter size-medium wp-image-33710\" src=\"http:\/\/labestiadeportiva.com\/lbd\/wp-content\/uploads\/2019\/09\/FB_IMG_1569503164302-300x300.jpg\" alt=\"FB_IMG_1569503164302\" width=\"300\" height=\"300\" srcset=\"http:\/\/labestiadeportiva.com\/lbd\/wp-content\/uploads\/2019\/09\/FB_IMG_1569503164302-300x300.jpg 300w, http:\/\/labestiadeportiva.com\/lbd\/wp-content\/uploads\/2019\/09\/FB_IMG_1569503164302-150x150.jpg 150w, http:\/\/labestiadeportiva.com\/lbd\/wp-content\/uploads\/2019\/09\/FB_IMG_1569503164302-1024x1024.jpg 1024w, http:\/\/labestiadeportiva.com\/lbd\/wp-content\/uploads\/2019\/09\/FB_IMG_1569503164302-160x160.jpg 160w, http:\/\/labestiadeportiva.com\/lbd\/wp-content\/uploads\/2019\/09\/FB_IMG_1569503164302-320x320.jpg 320w, http:\/\/labestiadeportiva.com\/lbd\/wp-content\/uploads\/2019\/09\/FB_IMG_1569503164302-60x60.jpg 60w, http:\/\/labestiadeportiva.com\/lbd\/wp-content\/uploads\/2019\/09\/FB_IMG_1569503164302.jpg 2048w\" sizes=\"(max-width: 300px) 100vw, 300px\" \/><\/a><\/p>\n<div class='epvc-post-count'><span class='epvc-eye'><\/span>  <span class=\"epvc-count\"> 1.236<\/span><span class='epvc-label'> veces le\u00edda<\/span><\/div>\n<div class=\"jwsharethis\">\nShare this: \n<br \/>\n<a href=\"mailto:?subject=Agenda%20deportiva&amp;body=http%3A%2F%2Flabestiadeportiva.com%2Flbd%2Fagenda-deportiva-208%2F\">\n<img src=\"http:\/\/labestiadeportiva.com\/lbd\/wp-content\/plugins\/jw-share-this\/email.png\" alt=\"Share this page via Email\" \/>\n<\/a>\n<a target=\"_blank\" href=\"http:\/\/www.stumbleupon.com\/submit?url=http%3A%2F%2Flabestiadeportiva.com%2Flbd%2Fagenda-deportiva-208%2F&amp;title=Agenda+deportiva\">\n<img src=\"http:\/\/labestiadeportiva.com\/lbd\/wp-content\/plugins\/jw-share-this\/su.png\" alt=\"Share this page via Stumble Upon\" \/>\n<\/a>\n<a target=\"_blank\" href=\"http:\/\/digg.com\/submit?url=http%3A%2F%2Flabestiadeportiva.com%2Flbd%2Fagenda-deportiva-208%2F&amp;title=Agenda+deportiva\">\n<img src=\"http:\/\/labestiadeportiva.com\/lbd\/wp-content\/plugins\/jw-share-this\/digg.png\" alt=\"Share this page via Digg this\" \/>\n<\/a>\n<a target=\"_blank\" href=\"http:\/\/www.facebook.com\/sharer.php?u=http%3A%2F%2Flabestiadeportiva.com%2Flbd%2Fagenda-deportiva-208%2F&amp;t=Agenda+deportiva\">\n<img src=\"http:\/\/labestiadeportiva.com\/lbd\/wp-content\/plugins\/jw-share-this\/fb.png\" alt=\"Share this page via Facebook\" \/>\n<\/a>\n<a target=\"_blank\" href=\"http:\/\/twitter.com\/intent\/tweet?text=I+like+http%3A%2F%2Flabestiadeportiva.com%2Flbd%2Fagenda-deportiva-208%2F&amp;title=Agenda+deportiva\">\n<img src=\"http:\/\/labestiadeportiva.com\/lbd\/wp-content\/plugins\/jw-share-this\/twitter.png\" alt=\"Share this page via Twitter\" \/>\n<\/a>\n<\/div>\n","protected":false},"excerpt":{"rendered":"<p>Se puso en marcha el \u00faltimo fin de semana deportivo del mes de septiembre donde la cantidad y calidad de disciplinas en acci\u00f3n es m\u00e1s que interesante. Se destacan futsal AFA, handball, f\u00fatbol 11, b\u00e1squet, atletismo, Karting, futsal federado y rugby. Desde LBD, los detalles. 1.236 veces le\u00edda Share this:<\/p>\n","protected":false},"author":1,"featured_media":33707,"comment_status":"open","ping_status":"open","sticky":false,"template":"","format":"standard","meta":[],"categories":[5,1],"tags":[62,3660],"_links":{"self":[{"href":"http:\/\/labestiadeportiva.com\/lbd\/wp-json\/wp\/v2\/posts\/33697"}],"collection":[{"href":"http:\/\/labestiadeportiva.com\/lbd\/wp-json\/wp\/v2\/posts"}],"about":[{"href":"http:\/\/labestiadeportiva.com\/lbd\/wp-json\/wp\/v2\/types\/post"}],"author":[{"embeddable":true,"href":"http:\/\/labestiadeportiva.com\/lbd\/wp-json\/wp\/v2\/users\/1"}],"replies":[{"embeddable":true,"href":"http:\/\/labestiadeportiva.com\/lbd\/wp-json\/wp\/v2\/comments?post=33697"}],"version-history":[{"count":3,"href":"http:\/\/labestiadeportiva.com\/lbd\/wp-json\/wp\/v2\/posts\/33697\/revisions"}],"predecessor-version":[{"id":33712,"href":"http:\/\/labestiadeportiva.com\/lbd\/wp-json\/wp\/v2\/posts\/33697\/revisions\/33712"}],"wp:featuredmedia":[{"embeddable":true,"href":"http:\/\/labestiadeportiva.com\/lbd\/wp-json\/wp\/v2\/media\/33707"}],"wp:attachment":[{"href":"http:\/\/labestiadeportiva.com\/lbd\/wp-json\/wp\/v2\/media?parent=33697"}],"wp:term":[{"taxonomy":"category","embeddable":true,"href":"http:\/\/labestiadeportiva.com\/lbd\/wp-json\/wp\/v2\/categories?post=33697"},{"taxonomy":"post_tag","embeddable":true,"href":"http:\/\/labestiadeportiva.com\/lbd\/wp-json\/wp\/v2\/tags?post=33697"}],"curies":[{"name":"wp","href":"https:\/\/api.w.org\/{rel}","templated":true}]}}