{"id":3385,"date":"2013-03-11T13:38:40","date_gmt":"2013-03-11T13:38:40","guid":{"rendered":"http:\/\/labestiadeportiva.com\/lbd\/?p=3385"},"modified":"2013-03-11T13:38:40","modified_gmt":"2013-03-11T13:38:40","slug":"boca-se-llevo-un-punto-de-rafaela","status":"publish","type":"post","link":"http:\/\/labestiadeportiva.com\/lbd\/boca-se-llevo-un-punto-de-rafaela\/","title":{"rendered":"Boca se llev\u00f3 un punto de Rafaela"},"content":{"rendered":"<p>Por Isidoro \u00abChory\u00bb Aramburu (Corresponsal LBD en La Plata)<\/p>\n<p><a href=\"http:\/\/labestiadeportiva.com\/lbd\/wp-content\/uploads\/2013\/03\/boca-rafaela.jpg\"><img loading=\"lazy\" class=\"alignleft size-medium wp-image-3386\" title=\"boca rafaela\" src=\"http:\/\/labestiadeportiva.com\/lbd\/wp-content\/uploads\/2013\/03\/boca-rafaela-300x225.jpg\" alt=\"\" width=\"300\" height=\"225\" srcset=\"http:\/\/labestiadeportiva.com\/lbd\/wp-content\/uploads\/2013\/03\/boca-rafaela-300x225.jpg 300w, http:\/\/labestiadeportiva.com\/lbd\/wp-content\/uploads\/2013\/03\/boca-rafaela.jpg 360w\" sizes=\"(max-width: 300px) 100vw, 300px\" \/><\/a>El defensor Juan Eluchans convirti\u00f3 de penal para los locales y a un minuto del final del primer tiempo Santiago Silva marr\u00f3 uno para Boca. Sobre el final del partido igual\u00f3 Nicol\u00e1s Blandi de cabeza. La imagen es de www.elonce.com<\/p>\n<p>El primer tiempo fue parejo, con pocas llegadas y cont\u00f3 con un penal por lado, con suerte dispar. A los 26 minutos, Caruzzo cometi\u00f3 su tercer penal en lo que va del a\u00f1o, que cambi\u00f3 por gol el ex Independiente Juan Eluchans para los rafaelinos. Para Boca, en cambio, Silva revent\u00f3 el travesa\u00f1o y tras un pique cerca de la l\u00ednea del arco la pelota fue despejada por los defensores locales.<!--morePara leer Click Aqu\u00ed--><\/p>\n<p>En el segundo tiempo, la visita tuvo m\u00e1s la pelota e iba en busca del empate pero sin ideas, mejorando su rendimiento con la entrada de Palacio, Sanchez Mi\u00f1o y Paredes. Atl\u00e9tico Rafaela por su parte aprovechaba la desesperaci\u00f3n de su rival para salir r\u00e1pido de contra.<\/p>\n<p>De tanto ir, Boca llego al empate con un cabezazo de Blandi, tras un desborde por la izquierda del joven Palacio.<\/p>\n<p>Con este resultado, Boca quedo con 5 puntos, a siete del parcial puntero, River. Atl\u00e9tico Rafaela con 6 puntos se mantiene fuera de la zona de descenso.<\/p>\n<p>Formaciones<br \/>\nAtl\u00e9tico Rafaela: Guillermo Sara; Fabricio Fontanini, Oscar Carniello, Eduardo Dom\u00ednguez; Sebasti\u00e1n Carrera, Ra\u00fal Ferro, Walter Serrano, Germ\u00e1n Rodr\u00edguez, Juan Eluchans; Federico Gonz\u00e1lez y Jonathan L\u00f3pez. DT: Jorge Burruchaga.<br \/>\nBoca: Oscar Ustari; Emiliano Albin, Lisandro Magall\u00e1n, Mat\u00edas Caruzzo, Nahuel Zarate; Lautaro Acosta, Pablo Ledesma, Leandro Somoza, Guillermo Fern\u00e1ndez; Nicol\u00e1s Blandi y Santiago Silva. DT: Carlos Bianchi.<\/p>\n<div class='epvc-post-count'><span class='epvc-eye'><\/span>  <span class=\"epvc-count\"> 1.016<\/span><span class='epvc-label'> veces le\u00edda<\/span><\/div>\n<div class=\"jwsharethis\">\nShare this: \n<br \/>\n<a href=\"mailto:?subject=Boca%20se%20llev%C3%B3%20un%20punto%20de%20Rafaela&amp;body=http%3A%2F%2Flabestiadeportiva.com%2Flbd%2Fboca-se-llevo-un-punto-de-rafaela%2F\">\n<img src=\"http:\/\/labestiadeportiva.com\/lbd\/wp-content\/plugins\/jw-share-this\/email.png\" alt=\"Share this page via Email\" \/>\n<\/a>\n<a target=\"_blank\" href=\"http:\/\/www.stumbleupon.com\/submit?url=http%3A%2F%2Flabestiadeportiva.com%2Flbd%2Fboca-se-llevo-un-punto-de-rafaela%2F&amp;title=Boca+se+llev%C3%B3+un+punto+de+Rafaela\">\n<img src=\"http:\/\/labestiadeportiva.com\/lbd\/wp-content\/plugins\/jw-share-this\/su.png\" alt=\"Share this page via Stumble Upon\" \/>\n<\/a>\n<a target=\"_blank\" href=\"http:\/\/digg.com\/submit?url=http%3A%2F%2Flabestiadeportiva.com%2Flbd%2Fboca-se-llevo-un-punto-de-rafaela%2F&amp;title=Boca+se+llev%C3%B3+un+punto+de+Rafaela\">\n<img src=\"http:\/\/labestiadeportiva.com\/lbd\/wp-content\/plugins\/jw-share-this\/digg.png\" alt=\"Share this page via Digg this\" \/>\n<\/a>\n<a target=\"_blank\" href=\"http:\/\/www.facebook.com\/sharer.php?u=http%3A%2F%2Flabestiadeportiva.com%2Flbd%2Fboca-se-llevo-un-punto-de-rafaela%2F&amp;t=Boca+se+llev%C3%B3+un+punto+de+Rafaela\">\n<img src=\"http:\/\/labestiadeportiva.com\/lbd\/wp-content\/plugins\/jw-share-this\/fb.png\" alt=\"Share this page via Facebook\" \/>\n<\/a>\n<a target=\"_blank\" href=\"http:\/\/twitter.com\/intent\/tweet?text=I+like+http%3A%2F%2Flabestiadeportiva.com%2Flbd%2Fboca-se-llevo-un-punto-de-rafaela%2F&amp;title=Boca+se+llev%C3%B3+un+punto+de+Rafaela\">\n<img src=\"http:\/\/labestiadeportiva.com\/lbd\/wp-content\/plugins\/jw-share-this\/twitter.png\" alt=\"Share this page via Twitter\" \/>\n<\/a>\n<\/div>\n","protected":false},"excerpt":{"rendered":"<p>Por Isidoro \u00abChory\u00bb Aramburu (Corresponsal LBD en La Plata) El defensor Juan Eluchans convirti\u00f3 de penal para los locales y a un minuto del final del primer tiempo Santiago Silva marr\u00f3 uno para Boca. Sobre el final del partido igual\u00f3 Nicol\u00e1s Blandi de cabeza. La imagen es de www.elonce.com El primer tiempo fue parejo, con &hellip; <a href=\"http:\/\/labestiadeportiva.com\/lbd\/boca-se-llevo-un-punto-de-rafaela\/\" class=\"more-link\">Seguir leyendo <span class=\"screen-reader-text\">Boca se llev\u00f3 un punto de Rafaela<\/span> <span class=\"meta-nav\">&rarr;<\/span><\/a><\/p>\n","protected":false},"author":1,"featured_media":3386,"comment_status":"open","ping_status":"open","sticky":false,"template":"","format":"standard","meta":[],"categories":[6,1],"tags":[17,485],"_links":{"self":[{"href":"http:\/\/labestiadeportiva.com\/lbd\/wp-json\/wp\/v2\/posts\/3385"}],"collection":[{"href":"http:\/\/labestiadeportiva.com\/lbd\/wp-json\/wp\/v2\/posts"}],"about":[{"href":"http:\/\/labestiadeportiva.com\/lbd\/wp-json\/wp\/v2\/types\/post"}],"author":[{"embeddable":true,"href":"http:\/\/labestiadeportiva.com\/lbd\/wp-json\/wp\/v2\/users\/1"}],"replies":[{"embeddable":true,"href":"http:\/\/labestiadeportiva.com\/lbd\/wp-json\/wp\/v2\/comments?post=3385"}],"version-history":[{"count":2,"href":"http:\/\/labestiadeportiva.com\/lbd\/wp-json\/wp\/v2\/posts\/3385\/revisions"}],"predecessor-version":[{"id":3388,"href":"http:\/\/labestiadeportiva.com\/lbd\/wp-json\/wp\/v2\/posts\/3385\/revisions\/3388"}],"wp:featuredmedia":[{"embeddable":true,"href":"http:\/\/labestiadeportiva.com\/lbd\/wp-json\/wp\/v2\/media\/3386"}],"wp:attachment":[{"href":"http:\/\/labestiadeportiva.com\/lbd\/wp-json\/wp\/v2\/media?parent=3385"}],"wp:term":[{"taxonomy":"category","embeddable":true,"href":"http:\/\/labestiadeportiva.com\/lbd\/wp-json\/wp\/v2\/categories?post=3385"},{"taxonomy":"post_tag","embeddable":true,"href":"http:\/\/labestiadeportiva.com\/lbd\/wp-json\/wp\/v2\/tags?post=3385"}],"curies":[{"name":"wp","href":"https:\/\/api.w.org\/{rel}","templated":true}]}}